{"id":28529,"date":"2020-11-16T16:41:09","date_gmt":"2020-11-16T16:41:09","guid":{"rendered":"https:\/\/redsemlac.com\/semmexico\/?p=28529"},"modified":"2023-07-21T16:38:28","modified_gmt":"2023-07-21T21:38:28","slug":"avanza-el-proceso-electoral-y-si-por-mexico-aventaja-al-aletargado-morena","status":"publish","type":"post","link":"https:\/\/redsemlac.com\/semmexico\/avanza-el-proceso-electoral-y-si-por-mexico-aventaja-al-aletargado-morena\/","title":{"rendered":"Avanza el proceso electoral y S\u00ed por M\u00e9xico aventaja al aletargado Morena"},"content":{"rendered":"\n<h3 class=\"wp-block-heading\"><strong><em><u>Miradas de reportero<\/u><\/em><\/strong><\/h3>\n\n\n\n<p class=\"wp-block-paragraph\"><strong>Por Rogelio Hern\u00e1ndez L\u00f3pez<\/strong><\/p>\n\n\n\n<p class=\"wp-block-paragraph\">SemM\u00e9xico, CDMX, 16 de noviembre 2020.- Colegas periodistas de las fuentes pol\u00edticas sigamos observando c\u00f3mo se estructura aceleradamente ese gran frente opositor que impulsa y financia la plataforma empresarial <em>S\u00ed por M\u00e9xico <\/em>en todo el pa\u00edsy como, mientras tanto, el partido del presidente Andr\u00e9s Manuel L\u00f3pez Obrador, <em>Morena,<\/em> parece trabado cuando ya han transcurrido dos meses del proceso electoral de 2021.<\/p>\n\n\n\n<p class=\"wp-block-paragraph\">La plataforma <em>S\u00ed por M\u00e9xico<\/em> ya realiz\u00f3 su primera convenci\u00f3n nacional, hizo compromisos con el PAN, el PRI y el PRD para que abran espacios a representantes de empresarios e inici\u00f3 la formaci\u00f3n de Consejos Estatales Ciudadanos. Para el resto de 2020 promover\u00e1 m\u00e1s movilizaciones y determin\u00f3 que al menos 90 candidaturas deben ser potencialmente victoriosos en diputaciones federales \u201cpara quitarle la mayor\u00eda a Morena\u201d. Paralelamente prepara convenios con los diez gobernadores discrepantes de la Alianza Federalista.<\/p>\n\n\n\n<p class=\"wp-block-paragraph\">En contraste el nuevo presidente de Morena, Mario Delgado anunci\u00f3 que en semanas pr\u00f3ximas apenas abrir\u00e1 foros para definir su plataforma electoral, su pol\u00edtica de alianzas y el m\u00e9todo para definir candidaturas ciudadanas. En un documento interno le apuran a tomar decisiones sin que sean \u201cfacciosas\u201d y a deshacer el \u201cnudo gordiano\u201d que es la Comisi\u00f3n Nacional Electoral ampli\u00e1ndola a 15 integrantes y formar comisiones similares en cada estado.<\/p>\n\n\n\n<p class=\"wp-block-paragraph\">En el documento interno se imputa una actitud generalizada en los morenistas de \u201cexitismo perenne\u201d como si tuvieran garantizados los triunfos de 2018. \u201cCada d\u00eda de retardo o decisiones arbitrarias nos costar\u00e1n votos\u201d, se advierte y recuerda la magnitud de las elecciones de 2021 en las 32 entidades federativas: para 500 diputados federales, adem\u00e1s 20,868 cargos, entre gubernaturas, diputaciones locales, presidencias municipales, sindicaturas regidur\u00edas, juntas municipales y concejales.<\/p>\n\n\n\n<p class=\"wp-block-paragraph\"><strong><em>La significativa foto<\/em><\/strong><\/p>\n\n\n\n<p class=\"wp-block-paragraph\">Entre periodistas especializados circul\u00f3 una singular fotograf\u00eda de la llamada Convenci\u00f3n Nacional Ciudadana del movimiento <em>S\u00ed por M\u00e9xico<\/em>. Fueron muchos Los comentarios perspicaces que despert\u00f3 porque en ella aparecen muy atentos al presidente de la Confederaci\u00f3n Patronal de la Rep\u00fablica Mexicana (Coparmex), Gustavo de Hoyos Walther, los presidentes del PAN Marko Cort\u00e9s, del PRI Alejandro C\u00e1rdenas y del PRD Jes\u00fas Zambrano. Atestigua Claudio X. Gonz\u00e1lez Guajardo, fundador y expresidente de la asociaci\u00f3n civil <em>Mexicanos contra la Corrupci\u00f3n y la Impunidad (MCCI).<\/em><\/p>\n\n\n\n<div class=\"wp-block-image\"><figure class=\"aligncenter size-large\"><img decoding=\"async\" src=\"https:\/\/redsemlac.com\/semmexico\/wp-content\/uploads\/2020\/11\/si-por-mexico-1024x576.jpg\" alt=\"\" class=\"wp-image-28530\"\/><\/figure><\/div>\n\n\n\n<p class=\"wp-block-paragraph\">El reportero T\u00e9moris Grecko logr\u00f3 que tal gr\u00e1fica, acreditada al diario El Economista, se reprodujera masivamente en Twitter por sus comentarios, entre sarc\u00e1sticos y reveladores. <em>Anot\u00f3 que era \u201cUna de esas #FotosQueHar\u00e1nHistoria: \u2026 los operadores empresariales les montaron la plataforma de coalici\u00f3n, ya que los pol\u00edticos no pudieron ponerse de acuerdo solos. Hay empleados que nom\u00e1s no saben organizarse y el patr\u00f3n tiene que hacerles la chamba.\u201d<\/em><\/p>\n\n\n\n<p class=\"wp-block-paragraph\"><strong>Avances en dos meses<\/strong><\/p>\n\n\n\n<p class=\"wp-block-paragraph\">Esa gr\u00e1fica tambi\u00e9n es indicativa de c\u00f3mo se ha ido estructurando r\u00e1pidamente un gran frente opositor por impulso de varios e importantes empresarios contrarios a L\u00f3pez Obrador con los tres partidos que resultaron languidecientes en julio de 2018 y con organizaciones civiles de filia conservadora. El 20 de octubre <em>Si por M\u00e9xico<\/em> hizo su presentaci\u00f3n p\u00fablica y para el 10 de noviembre, durante lo que llam\u00f3 Convenci\u00f3n Nacional mostr\u00f3 varios avances estrat\u00e9gicos:<\/p>\n\n\n\n<p class=\"wp-block-paragraph\">Seg\u00fan sus datos al presentarse contaba con 198 organizaciones civiles, sociales y pol\u00edticas y en dos meses ya sumaban \u201c500 en todo el pa\u00eds, m\u00e1s 50 mil ciudadanos y cuatro partidos pol\u00edticos como veh\u00edculos (PAN, PRI, PRD y MC)\u201d. Beatriz Pag\u00e9s Rebollar su vocera, precis\u00f3 el 10 de noviembre que, aunque el dirigente del partido Movimiento Ciudadano no asisti\u00f3 a la Convenci\u00f3n si respondi\u00f3 afirmativamente a la invitaci\u00f3n de sumarse a los convenios de unidad electoral y pol\u00edtica.<\/p>\n\n\n\n<p class=\"wp-block-paragraph\">Durante su convenci\u00f3n trascendi\u00f3 tambi\u00e9n que en pocos d\u00edas se informar\u00eda de la adhesi\u00f3n paulatina a la plataforma <em>S\u00ed por M\u00e9xico<\/em> de los diez gobernadores discrepantes de la Alianza Federalista: Del PAN Francisco Javier Garc\u00eda Cabeza de Vaca de Tamaulipas; Jos\u00e9 Rosas Aispuro de Durango; Diego Sinhue Rodr\u00edguez Vallejo de Guanajuato; Javier Corral Jurado de Chihuahua y Mart\u00edn Orozco Sandoval de Aguascalientes; del PRI Miguel \u00c1ngel Riquelme Sol\u00eds de Coahuila y Jos\u00e9 Ignacio Peralta S\u00e1nchez de Colima; el independiente Jaime Rodr\u00edguez Calder\u00f3n de Nuevo Le\u00f3n, del PRD Silvano Aureoles Conejo de Michoac\u00e1n y de Movimiento Ciudadano Enrique Alfaro Ram\u00edrez de Jalisco.<\/p>\n\n\n\n<p class=\"wp-block-paragraph\">Como parte de este proceso de coaliciones, el PRI y el PRD ya anunciaron que maduran coaliciones contra Morena en Guerrero y ellos dos con el PAN en Zacatecas. Entre diciembre y enero los partidos coaligados conformar\u00e1n sus listas de candidatos comunes a diputados federales, <em>S\u00ed por M\u00e9xico<\/em> promover\u00e1 y financiar\u00e1 al menos 90 de estos aspirantes que potencialmente ganadores acorde con el objetivo com\u00fan de quitarle la mayor\u00eda a Morena en el Congreso de la Uni\u00f3n.<\/p>\n\n\n\n<p class=\"wp-block-paragraph\"><strong>El letargo de Morena<\/strong><\/p>\n\n\n\n<p class=\"wp-block-paragraph\">El 19 de octubre, antes de la presentaci\u00f3n de <em>S\u00ed por M\u00e9xico<\/em> esta columna observ\u00f3 que el <em>\u201cmovimiento opositor crecer\u00eda r\u00e1pidamente y deber\u00eda alertar a quienes ocupan puestos estrat\u00e9gicos en el gobierno federal y entiendan las ciencias pol\u00edticas \u2014aunque sea un poco\u2014, que ser\u00eda un error menospreciarlo.\u201d<\/em><\/p>\n\n\n\n<p class=\"wp-block-paragraph\">No obstante, al iniciar la segunda parte de noviembre, la nueva direcci\u00f3n formal de Morena muestra poca actividad electoral despu\u00e9s de la azarosa elecci\u00f3n de Mario Delgado y Citlalli Hern\u00e1ndez. El aletargamiento que se percib\u00eda desde octubre prosigue con muy pocas acciones p\u00fablicas ante el proceso electoral federal (que inici\u00f3 con septiembre) y ante del frente amplio de sus adversarios.<\/p>\n\n\n\n<p class=\"wp-block-paragraph\">Apenas el 6 de noviembre Mario Delgado y Citlalli Hern\u00e1ndez asumieron informalmente sus cargos. El sitio web oficial de Morena y su muro en Facebook reflejan poca actividad partidista, son una especia de p\u00e1ginas period\u00edsticas que principalmente anidan los mensajes del presidente de la Rep\u00fablica.<\/p>\n\n\n\n<p class=\"wp-block-paragraph\">Contrasta con la direcci\u00f3n formal de Morena la actividad de su militante Jos\u00e9 Antonio Rueda M\u00e1rquez quien, fuera de las instancias de direcci\u00f3n de su partido, impulsa desde hace meses un modesto frente denominado Unidad de las Izquierdas y la formaci\u00f3n de comit\u00e9s ciudadanos para la defensa de la 4T.<\/p>\n\n\n\n<p class=\"wp-block-paragraph\">Es posible afirmar entonces que la directiva nacional de Morena no s\u00f3lo est\u00e1 como adormecida frente al proceso electoral federal, sino que adem\u00e1s deja solo al presidente de la Rep\u00fablica las batallas pol\u00edtico-medi\u00e1ticas contra los adversarios.<\/p>\n\n\n\n<p class=\"wp-block-paragraph\">Analistas y observadores percibimos las condiciones favorables que tiene el movimiento amplio opositor: el impulso empresarial que incluye recursos financieros, una masa cr\u00edtica de opini\u00f3n que le facilita cooptar a decepcionados de la 4T y a otros nuevos disidentes, y que aprovecha el aletargamiento de Morena y su carencia de cuadros pol\u00edticos suficientemente capacitados y experimentados. Esto apenas comienza.<\/p>\n","protected":false},"excerpt":{"rendered":"<p>La plataforma S\u00ed por M\u00e9xico ya realiz\u00f3 su primera convenci\u00f3n nacional, hizo compromisos con el PAN, el PRI y el PRD<\/p>\n","protected":false},"author":3,"featured_media":8473,"comment_status":"open","ping_status":"open","sticky":false,"template":"","format":"standard","meta":{"_monsterinsights_skip_tracking":false,"footnotes":""},"categories":[691,106,35,85],"tags":[],"class_list":["post-28529","post","type-post","status-publish","format-standard","has-post-thumbnail","category-691","category-mirada-de-reportero","category-opinion","category-rogelio-hernandez-lopez"],"_links":{"self":[{"href":"https:\/\/redsemlac.com\/semmexico\/wp-json\/wp\/v2\/posts\/28529","targetHints":{"allow":["GET"]}}],"collection":[{"href":"https:\/\/redsemlac.com\/semmexico\/wp-json\/wp\/v2\/posts"}],"about":[{"href":"https:\/\/redsemlac.com\/semmexico\/wp-json\/wp\/v2\/types\/post"}],"author":[{"embeddable":true,"href":"https:\/\/redsemlac.com\/semmexico\/wp-json\/wp\/v2\/users\/3"}],"replies":[{"embeddable":true,"href":"https:\/\/redsemlac.com\/semmexico\/wp-json\/wp\/v2\/comments?post=28529"}],"version-history":[{"count":0,"href":"https:\/\/redsemlac.com\/semmexico\/wp-json\/wp\/v2\/posts\/28529\/revisions"}],"wp:featuredmedia":[{"embeddable":true,"href":"https:\/\/redsemlac.com\/semmexico\/wp-json\/wp\/v2\/media\/8473"}],"wp:attachment":[{"href":"https:\/\/redsemlac.com\/semmexico\/wp-json\/wp\/v2\/media?parent=28529"}],"wp:term":[{"taxonomy":"category","embeddable":true,"href":"https:\/\/redsemlac.com\/semmexico\/wp-json\/wp\/v2\/categories?post=28529"},{"taxonomy":"post_tag","embeddable":true,"href":"https:\/\/redsemlac.com\/semmexico\/wp-json\/wp\/v2\/tags?post=28529"}],"curies":[{"name":"wp","href":"https:\/\/api.w.org\/{rel}","templated":true}]}}