{"id":28520,"date":"2020-11-15T09:08:00","date_gmt":"2020-11-15T09:08:00","guid":{"rendered":"https:\/\/redsemlac.com\/semmexico\/?p=28520"},"modified":"2023-07-21T16:38:29","modified_gmt":"2023-07-21T21:38:29","slug":"la-periodista-zapoteca-diana-manzo-gana-premio-nacional-de-periodismo","status":"publish","type":"post","link":"https:\/\/redsemlac.com\/semmexico\/la-periodista-zapoteca-diana-manzo-gana-premio-nacional-de-periodismo\/","title":{"rendered":"La periodista zapoteca Diana Manzo gana Premio Nacional de Periodismo"},"content":{"rendered":"\n<ul class=\"wp-block-list\"><li><strong>Se le otorg\u00f3 Menci\u00f3n Honor\u00edfica en la categor\u00eda: Cobertura multi formato \/ Periodismo de Investigaci\u00f3n.<\/strong><\/li><\/ul>\n\n\n\n<p class=\"wp-block-paragraph\"><strong>Por Paulina R\u00edos Olivera<\/strong><\/p>\n\n\n\n<p class=\"wp-block-paragraph\">SemM\u00e9xico\/P\u00e1gina3.mx. OAXACA. 15 de noviembre 2020.- La periodista Diana Manzo fue reconocida este viernes 13 de noviembre por el Consejo Ciudadano del Premio Nacional de Periodismo A.C.<\/p>\n\n\n\n<p class=\"wp-block-paragraph\">Al dar a conocer a quienes ganaron el Premio Nacional de Periodismo 2019, el Consejo le otorg\u00f3 Menci\u00f3n Honor\u00edfica a la colaboradora del sitio de noticias \u00abPagina3.mx\u00bb, en la categor\u00eda: Cobertura multi formato \/ Periodismo de Investigaci\u00f3n.<\/p>\n\n\n\n<p class=\"wp-block-paragraph\">Orgullosa de sus ra\u00edces ind\u00edgenas zapotecas, Diana Manzo particip\u00f3 con el trabajo de investigaci\u00f3n period\u00edstica: \u201cEnerg\u00eda limpia, contratos sucios\u201d, que realiz\u00f3 con la organizaci\u00f3n Connectas.<\/p>\n\n\n\n<p class=\"wp-block-paragraph\">En entrevista con pagina3.mx, Manzo refiere que aun cuando en ese trabajo aparece solo su nombre, detr\u00e1s de esa investigaci\u00f3n hay muchas personas que la apoyaron.<\/p>\n\n\n\n<p class=\"wp-block-paragraph\">Y aunque agradece la ayuda de quienes la guiaron, de la academia y del gremio period\u00edstico, lo hace especialmente a la periodista Lilia Sa\u00fal.<\/p>\n\n\n\n<p class=\"wp-block-paragraph\">&nbsp;\u201cEs un trabajo colaborativo, de muchas personas. Es trabajo de todos y todas.<\/p>\n\n\n\n<p class=\"wp-block-paragraph\">&nbsp;\u201cAgradezco a quien camin\u00f3 conmigo. Especialmente a Lilia Sa\u00fal, y a quien hizo el trabajo multimedia en Connectas\u201d, dice con la sencillez que le caracteriza.<\/p>\n\n\n\n<p class=\"wp-block-paragraph\">Y despu\u00e9s de anteponer el trabajo, como muchas veces le sucede, tambi\u00e9n agrade el apoyo que le ha brindado su familia.<\/p>\n\n\n\n<p class=\"wp-block-paragraph\">Es importante resaltar que en los 19 a\u00f1os de este ejercicio de reconocimiento a periodistas, es la primera vez que se entrega una Menci\u00f3n Honor\u00edfica.<\/p>\n\n\n\n<p class=\"wp-block-paragraph\"><strong>\u00bfQui\u00e9n es Diana Manzo?<\/strong><\/p>\n\n\n\n<p class=\"wp-block-paragraph\">La periodista zapoteca Diana Manzo.<\/p>\n\n\n\n<p class=\"wp-block-paragraph\">Diana L\u00f3pez Manzo naci\u00f3 un 31 de agosto en el municipio de Uni\u00f3n Hidalgo, en la regi\u00f3n del Istmo, desde donde env\u00eda su trabajo al mundo.<\/p>\n\n\n\n<p class=\"wp-block-paragraph\">Se auto-reconoce como \u201creportera mexicana y aprendiz de la vida\u201d.<\/p>\n\n\n\n<p class=\"wp-block-paragraph\">Freelance y corresponsal en medios como La Jornada, Istmopress (del que es fundadora), pagina3.mx y Aristegui Noticias.<\/p>\n\n\n\n<p class=\"wp-block-paragraph\">Produce trabajos con visi\u00f3n de g\u00e9nero sobre migraci\u00f3n, megaproyectos, medio ambiente y salud.<\/p>\n\n\n\n<p class=\"wp-block-paragraph\">Estudi\u00f3 la carrera de Comunicaci\u00f3n en la Benem\u00e9rita Universidad Aut\u00f3noma de Puebla.<\/p>\n\n\n\n<p class=\"wp-block-paragraph\">Tambi\u00e9n realiz\u00f3 un Diplomado sobre Comunicaci\u00f3n y G\u00e9nero, por la Universidad Nacional Aut\u00f3noma de M\u00e9xico (UNAM).<\/p>\n\n\n\n<p class=\"wp-block-paragraph\">Ha obtenido becas de periodismo de la Fundaci\u00f3n Gabriel Garc\u00eda M\u00e1rquez, y la International Women\u00b4s Media Foundation (IWMF) (Beca Adelante).<\/p>\n\n\n\n<p class=\"wp-block-paragraph\">As\u00ed como la beca de investigaci\u00f3n period\u00edstica del Programa Latinoamericano \u201cConnectas\u201d.<\/p>\n","protected":false},"excerpt":{"rendered":"<p>Se le otorg\u00f3 Menci\u00f3n Honor\u00edfica en la categor\u00eda: Cobertura multi formato \/ Periodismo de Investigaci\u00f3n.<\/p>\n","protected":false},"author":3,"featured_media":28521,"comment_status":"open","ping_status":"open","sticky":false,"template":"","format":"standard","meta":{"_monsterinsights_skip_tracking":false,"footnotes":""},"categories":[691,55],"tags":[],"class_list":["post-28520","post","type-post","status-publish","format-standard","has-post-thumbnail","category-691","category-periodistas"],"_links":{"self":[{"href":"https:\/\/redsemlac.com\/semmexico\/wp-json\/wp\/v2\/posts\/28520","targetHints":{"allow":["GET"]}}],"collection":[{"href":"https:\/\/redsemlac.com\/semmexico\/wp-json\/wp\/v2\/posts"}],"about":[{"href":"https:\/\/redsemlac.com\/semmexico\/wp-json\/wp\/v2\/types\/post"}],"author":[{"embeddable":true,"href":"https:\/\/redsemlac.com\/semmexico\/wp-json\/wp\/v2\/users\/3"}],"replies":[{"embeddable":true,"href":"https:\/\/redsemlac.com\/semmexico\/wp-json\/wp\/v2\/comments?post=28520"}],"version-history":[{"count":0,"href":"https:\/\/redsemlac.com\/semmexico\/wp-json\/wp\/v2\/posts\/28520\/revisions"}],"wp:featuredmedia":[{"embeddable":true,"href":"https:\/\/redsemlac.com\/semmexico\/wp-json\/wp\/v2\/media\/28521"}],"wp:attachment":[{"href":"https:\/\/redsemlac.com\/semmexico\/wp-json\/wp\/v2\/media?parent=28520"}],"wp:term":[{"taxonomy":"category","embeddable":true,"href":"https:\/\/redsemlac.com\/semmexico\/wp-json\/wp\/v2\/categories?post=28520"},{"taxonomy":"post_tag","embeddable":true,"href":"https:\/\/redsemlac.com\/semmexico\/wp-json\/wp\/v2\/tags?post=28520"}],"curies":[{"name":"wp","href":"https:\/\/api.w.org\/{rel}","templated":true}]}}