{"id":28479,"date":"2020-11-13T18:27:17","date_gmt":"2020-11-13T18:27:17","guid":{"rendered":"https:\/\/redsemlac.com\/semmexico\/?p=28479"},"modified":"2023-07-21T16:38:30","modified_gmt":"2023-07-21T21:38:30","slug":"las-tres-muertes-de-imelda-virgen","status":"publish","type":"post","link":"https:\/\/redsemlac.com\/semmexico\/las-tres-muertes-de-imelda-virgen\/","title":{"rendered":"Las tres muertes de Imelda Virgen"},"content":{"rendered":"\n<h3 class=\"wp-block-heading\"><strong>Coordenada<\/strong><\/h3>\n\n\n\n<p class=\"wp-block-paragraph\"><strong>Guadalupe Ramos Ponce<\/strong><\/p>\n\n\n\n<p class=\"wp-block-paragraph\">SemM\u00e9xico. 13 de noviembre 2020.- La madrugada del 29 de septiembre del 2012, &nbsp;la acad\u00e9mica &nbsp;Universitaria Imelda Josefina Virgen Rodr\u00edguez fue asesinada brutalmente, golpeada y vejada por dos sujetos en presencia de su esposo Gilberto Enrique V\u00e1zquez Cortes quien acord\u00f3 con ellos que la asesinaran y violaran a cambio de una suma de dinero y del veh\u00edculo propiedad de la Acad\u00e9mica de la Universidad de Guadalajara.<\/p>\n\n\n\n<p class=\"wp-block-paragraph\">Fue detenido y consignado el esposo por el delito de parricidio a pesar que en ese momento ya se encontraba tipificado en Jalisco el delito de feminicidio. Posteriormente detuvieron a tres personas involucradas en los hechos y consignadas por el delito de homicidio calificado.<\/p>\n\n\n\n<p class=\"wp-block-paragraph\">El 31 de marzo del a\u00f1o 2017 se dict\u00f3 sentencia que fue apelada por el feminicida y se orden\u00f3 reponer todo el proceso, reviviendo el dolor para la familia que sigue esperando una justicia postergada. Durante el proceso la familia Virgen Rodr\u00edguez encabezada por la se\u00f1ora Mary quien muri\u00f3 sin ver la posibilidad de encontrar justicia para su hija, han realizado una defensa diaria en exigencia de justicia por el brutal feminicidio. El asesinato de Imelda implic\u00f3 su anulaci\u00f3n y aniquilamiento, se destruy\u00f3 por completo su proyecto de vida, todas sus potencialidades y aspiraciones, sus expectativas y posibilidades de acceder a ellas, se anul\u00f3 su existencia y con ello se afect\u00f3 tambi\u00e9n todo el proyecto de vida de su familia m\u00e1s \u00edntima, se trastocaron todas las opciones de vida y oportunidades de desarrollo personal y familiar.<\/p>\n\n\n\n<p class=\"wp-block-paragraph\">El feminicidio de Imelda se suma a un alto n\u00famero de delitos que ocurren en un contexto grave de violencia contra las mujeres por razones de g\u00e9nero en el Estado de Jalisco, lo cual ha provocado un rompimiento del tejido social y una percepci\u00f3n de permisividad y de constante riesgo para las mujeres, de ser v\u00edctimas de violencia.<\/p>\n\n\n\n<p class=\"wp-block-paragraph\">El asesinato de Imelda es un caso emblem\u00e1tico en el Estado de Jalisco, al considerarse por la sociedad civil organizada, como el primer caso de feminicidio que ocurri\u00f3 en el Estado cuando ya se encontraba vigente el tipo penal que tipificaba la conducta criminal. Es un caso emblem\u00e1tico que incluso se encuentra en el informe hemisf\u00e9rico de feminicidio que se expuso en la Audiencia de feminicidio\/femicidio en Am\u00e9rica Latina y el Caribe en la Comisi\u00f3n Interamericana de Derechos Humanos. Es un caso emblem\u00e1tico que incluso es referente en el informe del Grupo Interinstitucional y Multidisciplinario (GIM) que sirvi\u00f3 de base para emitir la Alerta de Violencia de G\u00e9nero contra las Mujeres en el Estado de Jalisco. El caso jur\u00eddico de Imelda, tambi\u00e9n es un caso emblem\u00e1tico de la falta de compromiso del Estado para garantizar el acceso a la justicia a las v\u00edctimas de feminicidio y a sus familias.<\/p>\n\n\n\n<p class=\"wp-block-paragraph\">En noviembre de 2020 a la espera de una resoluci\u00f3n definitiva, se vuelve a ordenar la reposici\u00f3n del proceso, ahora con la posibilidad incluso que el asesino confeso pueda quedar exonerado a pesar de todas las pruebas que muestran su responsabilidad en la comisi\u00f3n del feminicidio de Imelda Virgen.<\/p>\n\n\n\n<p class=\"wp-block-paragraph\">Desde el colectivo de familias en contra de los feminicidios se pronuncian y convocan a una manifestaci\u00f3n este 25 de noviembre a las 12 del d\u00eda en paseo Alcalde en exigencia de Justicia para Imelda Virgen y justicia para todas.<\/p>\n\n\n\n<p class=\"wp-block-paragraph\">Despu\u00e9s de m\u00e1s de ocho a\u00f1os de un largo caminar, la familia se enfrenta ahora ante la decisi\u00f3n de volver a reponer un proceso a todas luces manipulado por la defensa para que el feminicidio de Imelda Virgen quede impune. La historia de Marisela Escobedo se repite, Jalisco es la cuna de la impunidad de los feminicidios, el sistema de justicia sigue cubriendo con su manto de impunidad a los asesinos feminicidas.<\/p>\n\n\n\n<p class=\"wp-block-paragraph\">medium.com\/dra-lupitaramos<\/p>\n\n\n\n<p class=\"wp-block-paragraph\">@dralupitaramosp<\/p>\n","protected":false},"excerpt":{"rendered":"<p>El feminicidio de Imelda se suma a un alto n\u00famero de delitos que ocurren en un contexto grave de violencia contra las mujeres por razones de g\u00e9nero en el Estado de Jalisco<\/p>\n","protected":false},"author":3,"featured_media":8967,"comment_status":"open","ping_status":"open","sticky":false,"template":"","format":"standard","meta":{"_monsterinsights_skip_tracking":false,"footnotes":""},"categories":[691,104,91,35],"tags":[],"class_list":["post-28479","post","type-post","status-publish","format-standard","has-post-thumbnail","category-691","category-coordenada","category-lupita-ramos-ponce","category-opinion"],"_links":{"self":[{"href":"https:\/\/redsemlac.com\/semmexico\/wp-json\/wp\/v2\/posts\/28479","targetHints":{"allow":["GET"]}}],"collection":[{"href":"https:\/\/redsemlac.com\/semmexico\/wp-json\/wp\/v2\/posts"}],"about":[{"href":"https:\/\/redsemlac.com\/semmexico\/wp-json\/wp\/v2\/types\/post"}],"author":[{"embeddable":true,"href":"https:\/\/redsemlac.com\/semmexico\/wp-json\/wp\/v2\/users\/3"}],"replies":[{"embeddable":true,"href":"https:\/\/redsemlac.com\/semmexico\/wp-json\/wp\/v2\/comments?post=28479"}],"version-history":[{"count":0,"href":"https:\/\/redsemlac.com\/semmexico\/wp-json\/wp\/v2\/posts\/28479\/revisions"}],"wp:featuredmedia":[{"embeddable":true,"href":"https:\/\/redsemlac.com\/semmexico\/wp-json\/wp\/v2\/media\/8967"}],"wp:attachment":[{"href":"https:\/\/redsemlac.com\/semmexico\/wp-json\/wp\/v2\/media?parent=28479"}],"wp:term":[{"taxonomy":"category","embeddable":true,"href":"https:\/\/redsemlac.com\/semmexico\/wp-json\/wp\/v2\/categories?post=28479"},{"taxonomy":"post_tag","embeddable":true,"href":"https:\/\/redsemlac.com\/semmexico\/wp-json\/wp\/v2\/tags?post=28479"}],"curies":[{"name":"wp","href":"https:\/\/api.w.org\/{rel}","templated":true}]}}