{"id":28476,"date":"2020-11-13T18:19:02","date_gmt":"2020-11-13T18:19:02","guid":{"rendered":"https:\/\/redsemlac.com\/semmexico\/?p=28476"},"modified":"2023-07-21T16:38:30","modified_gmt":"2023-07-21T21:38:30","slug":"denuncia-diputada-de-michoacan-revictimizacion-y-acoso-tras-viralizacion-de-video-con-contenido-sexual","status":"publish","type":"post","link":"https:\/\/redsemlac.com\/semmexico\/denuncia-diputada-de-michoacan-revictimizacion-y-acoso-tras-viralizacion-de-video-con-contenido-sexual\/","title":{"rendered":"Denuncia diputada de Michoac\u00e1n revictimizaci\u00f3n y acoso tras viralizaci\u00f3n de video con contenido sexual"},"content":{"rendered":"\n<ul class=\"wp-block-list\"><li><strong>La polic\u00eda cibern\u00e9tica ya trabaja el caso, la legisladora pide sanciones contra responsables<\/strong><\/li><\/ul>\n\n\n\n<p class=\"wp-block-paragraph\"><strong>Redacci\u00f3n<\/strong><\/p>\n\n\n\n<p class=\"wp-block-paragraph\">SemM\u00e9xico. Morelia, Michoac\u00e1n. 13 de noviembre de 2020.- A dos semanas de que la diputada Wilma Zavala Ram\u00edrez, denunciara ser v\u00edctima de extorsi\u00f3n y violencia sexual digital y pol\u00edtica, hoy se conoce que ha sido revictimizada al sufrir los efectos que han trascendido a su familia cercana, lo anterior al viralizarse el video de contenido sexual privado que, sin consentimiento, se filtr\u00f3 en redes y que en forma dolosa ha sido difundido.<\/p>\n\n\n\n<p class=\"wp-block-paragraph\">Durante las primeras horas de hoy, Zavala Ram\u00edrez, expuso que los efectos de \u00e9ste tipo de violencia son de car\u00e1cter emocional cuando trascienden a la esfera dom\u00e9stica y en \u00e9ste sentido, en pleno uso de sus derechos ciudadanos, solicita a la Fiscal\u00eda General de Justicia del Estado, actuar en consecuencia, aplicando la reci\u00e9n aprobada Ley Olimpia, que castiga a quien exponga, distribuya, difunda, exhiba, reproduzca, transmita, intercambie y comparta im\u00e1genes, audios o videos de contenido sexual \u00edntimo de una persona, a sabiendas de que no existe consentimiento, mediante correo electr\u00f3nico, mensajes telef\u00f3nicos, redes sociales o cualquier medio tecnol\u00f3gico.<\/p>\n\n\n\n<p class=\"wp-block-paragraph\">De acuerdo a la Ley General de Acceso de las Mujeres a una Vida Libre de Violencia, al C\u00f3digo Penal Federal en materia violencia digital contra la mujer, as\u00ed como a las disposiciones respecto a \u201cviolencia medi\u00e1tica\u201d,&nbsp; a quien cometa este delito, se le impondr\u00e1 una pena de 4 hasta 10 a\u00f1os de prisi\u00f3n y multa de doscientas a mil unidades de medida y actualizaci\u00f3n (UMAS), Zavala Ram\u00edrez refiri\u00f3 que la Fiscal\u00eda Estatal ya cuenta con evidencias consistentes en capturas de pantalla, que ser\u00e1n integradas a la carpeta correspondiente, tras la querella que fue presentada esta ma\u00f1ana, por lo que se encuentra en espera de que los responsables de la difusi\u00f3n del contenido sean sometidos al debido proceso.<\/p>\n\n\n\n<p class=\"wp-block-paragraph\">Tambi\u00e9n la legisladora, se\u00f1al\u00f3 que demandar\u00e1 conforme a su derecho a la privacidad y el acceso a la justicia pues, es inaceptable -dijo- que quienes act\u00faan de mala fe, difundiendo en redes el video en referencia, atenten contra la estabilidad emocional de menores, y familiares directos que hoy son v\u00edctima de acoso, convirti\u00e9ndolos en victimas indirectas de \u00e9ste delito. Concluy\u00f3 que las mujeres y los hombres tenemos derecho a ejercer nuestra libertad sexual en ausencia de presiones, burlas y amenazas, y hoy m\u00e1s que nunca, debemos ejercer y ser formadores de una nueva cultura de respeto y consciencia social en torno a un adecuado uso de las tecnolog\u00edas, fomentando los valores de respeto y la observancia de la ley.<\/p>\n","protected":false},"excerpt":{"rendered":"<p>La polic\u00eda cibern\u00e9tica ya trabaja el caso, la legisladora pide sanciones contra responsables<\/p>\n","protected":false},"author":3,"featured_media":28477,"comment_status":"open","ping_status":"open","sticky":false,"template":"","format":"standard","meta":{"_monsterinsights_skip_tracking":false,"footnotes":""},"categories":[691,50],"tags":[],"class_list":["post-28476","post","type-post","status-publish","format-standard","has-post-thumbnail","category-691","category-congreso"],"_links":{"self":[{"href":"https:\/\/redsemlac.com\/semmexico\/wp-json\/wp\/v2\/posts\/28476","targetHints":{"allow":["GET"]}}],"collection":[{"href":"https:\/\/redsemlac.com\/semmexico\/wp-json\/wp\/v2\/posts"}],"about":[{"href":"https:\/\/redsemlac.com\/semmexico\/wp-json\/wp\/v2\/types\/post"}],"author":[{"embeddable":true,"href":"https:\/\/redsemlac.com\/semmexico\/wp-json\/wp\/v2\/users\/3"}],"replies":[{"embeddable":true,"href":"https:\/\/redsemlac.com\/semmexico\/wp-json\/wp\/v2\/comments?post=28476"}],"version-history":[{"count":0,"href":"https:\/\/redsemlac.com\/semmexico\/wp-json\/wp\/v2\/posts\/28476\/revisions"}],"wp:featuredmedia":[{"embeddable":true,"href":"https:\/\/redsemlac.com\/semmexico\/wp-json\/wp\/v2\/media\/28477"}],"wp:attachment":[{"href":"https:\/\/redsemlac.com\/semmexico\/wp-json\/wp\/v2\/media?parent=28476"}],"wp:term":[{"taxonomy":"category","embeddable":true,"href":"https:\/\/redsemlac.com\/semmexico\/wp-json\/wp\/v2\/categories?post=28476"},{"taxonomy":"post_tag","embeddable":true,"href":"https:\/\/redsemlac.com\/semmexico\/wp-json\/wp\/v2\/tags?post=28476"}],"curies":[{"name":"wp","href":"https:\/\/api.w.org\/{rel}","templated":true}]}}