{"id":28471,"date":"2020-11-13T17:27:10","date_gmt":"2020-11-13T17:27:10","guid":{"rendered":"https:\/\/redsemlac.com\/semmexico\/?p=28471"},"modified":"2023-07-21T16:38:30","modified_gmt":"2023-07-21T21:38:30","slug":"paridad-total-a-que-le-tienen-miedo","status":"publish","type":"post","link":"https:\/\/redsemlac.com\/semmexico\/paridad-total-a-que-le-tienen-miedo\/","title":{"rendered":"Paridad total \u00bfa qu\u00e9 le tienen miedo?"},"content":{"rendered":"\n<p class=\"wp-block-paragraph\"><strong>Por Martha Elba Torres Mart\u00ednez<\/strong><\/p>\n\n\n\n<p class=\"wp-block-paragraph\">SemM\u00e9xico. Morelia. 13 de noviembre de 2020.- En la v\u00edspera -jueves 5 de noviembre por la noche- que el Consejo General del INE acatara el mandato de la Sala Superior del Tribunal Electoral del Poder Judicial de la Federaci\u00f3n de dar respuesta a la consulta formulada por particulares para definir criterios generales que garanticen la paridad de g\u00e9nero en las candidaturas para 15 gubernaturas, la Junta de Coordinaci\u00f3n Pol\u00edtica del Senado acus\u00f3 al organismo de \u201casumir atribuciones que no le corresponden\u201d y lo amenaz\u00f3 con interponer, incluso, una controversia constitucional.<\/p>\n\n\n\n<p class=\"wp-block-paragraph\">No sorprende la postura de los legisladores. Pero \u00bflas legisladoras? \u00bfLa pri\u00edsta Claudia Ruiz y la panista X\u00f3chitl G\u00e1lvez, renuentes a la oportunidad hist\u00f3rica de demostrar que m\u00e1s mujeres gobernadoras abrir\u00eda brecha a nuevas formas de gobernanza en M\u00e9xico?&nbsp;<\/p>\n\n\n\n<p class=\"wp-block-paragraph\"><strong>\u00bfA qu\u00e9 le tienen miedo?<\/strong><\/p>\n\n\n\n<p class=\"wp-block-paragraph\">Para la Jucopo del Senado, el Instituto Nacional Electoral con la aprobaci\u00f3n del acuerdo que elabor\u00f3 la Comisi\u00f3n del G\u00e9nero, se tom\u00f3 atribuciones que no le competen, \u201cya que legislar es una facultad \u00fanica y exclusiva del Poder Legislativo\u201d.<\/p>\n\n\n\n<p class=\"wp-block-paragraph\">Nada m\u00e1s lejano de la realidad, porque han sido precisamente los lineamientos o criterios establecidos por el INE, los que en los \u00faltimos 30 a\u00f1os han venido a subsanar los vac\u00edos legislativos para dar certeza y equidad a las justas electorales.&nbsp;<\/p>\n\n\n\n<p class=\"wp-block-paragraph\">Por otra parte, la competencia del Consejo General encuentra fundamentada en la sentencia de la Sala Superior del TEPJF, emitida el pasado 1 de octubre en que le mandat\u00f3 decidir en torno al requerimiento de criterios generales para garantizar el principio de paridad de g\u00e9nero en la postulaci\u00f3n de las candidaturas a las gubernaturas en los procesos electorales del pr\u00f3ximo a\u00f1o.<\/p>\n\n\n\n<p class=\"wp-block-paragraph\">Aun as\u00ed, esta semana los l\u00edderes de las bancadas del Senado y del Partido Acci\u00f3n Nacional regresaron la \u201cbolita\u201d al TEPJF con la impugnaci\u00f3n del acuerdo del INE, aprobado hace ocho d\u00edas.<\/p>\n\n\n\n<p class=\"wp-block-paragraph\">&nbsp;Los antecedentes:<\/p>\n\n\n\n<p class=\"wp-block-paragraph\">El 10 de agosto de este a\u00f1o, la ciudadana y aspirante a la candidatura a gobernadora de Michoac\u00e1n por el partido Morena, Selene V\u00e1zquez Alatorre, as\u00ed como las organizaciones civiles Equilibra y Litiga, solicitaron al Consejo General del INE, la emisi\u00f3n de criterios para garantizar el principio de paridad en la postulaci\u00f3n de candidaturas a las 15 gubernaturas.<\/p>\n\n\n\n<p class=\"wp-block-paragraph\">El 7 de septiembre, el director de Prerrogativas y Partidos Pol\u00edticos emiti\u00f3 el oficio INE\/DEPPP\/DE\/DPPF\/6959\/2020 mediante el cual dio respuesta a la solicitud planteada. En dicho oficio se\u00f1al\u00f3 que \u201cla organizaci\u00f3n de los procesos electorales locales corresponde a los Organismos P\u00fablicos Locales (art. 41 CPEUM, base V, apartado C), por lo que \u00e9stos son los encargados de establecer los requisitos que se deben cumplir para que las personas puedan ser registradas a una candidatura a los puestos locales de elecci\u00f3n popular.<\/p>\n\n\n\n<p class=\"wp-block-paragraph\">El 11 de agosto del presente a\u00f1o, Equilibra promovi\u00f3 Juicio Ciudadano (SUP-JDC-2729-2020) para la protecci\u00f3n de los derechos pol\u00edtico electorales del ciudadano (JDC) a fin de controvertir la solicitud que el centro de derecho constitucional formul\u00f3 a las y los consejeros electorales del INE requiri\u00e9ndoles la emisi\u00f3n de criterios generales para garantizar el principio de paridad de g\u00e9nero en las candidaturas a las gubernaturas.<\/p>\n\n\n\n<p class=\"wp-block-paragraph\">El 1 de octubre de 2020, la Sala Superior del TEPJF revoc\u00f3 el oficio impugnado (sentencia dictada en el juicio ciudadano SUP-JDC-2729-2020), por considerar que la petici\u00f3n realizada por la parte actora, fue expresamente dirigida a quienes integran el Consejo General, a efecto de requerirles la emisi\u00f3n de los criterios generales. El director ejecutivo de Prerrogativas y Partidos Pol\u00edticos respondi\u00f3 que carec\u00eda de facultades para contestar respecto a la emisi\u00f3n de lineamientos de paridad de g\u00e9nero, ya que el an\u00e1lisis de las atribuciones que le confiere la normativa aplicable, evidencia que en forma alguna puede determinar o decidir en torno al requerimiento de criterios generales para garantizar el principio de paridad de g\u00e9nero en la postulaci\u00f3n de estas candidaturas.<\/p>\n\n\n\n<p class=\"wp-block-paragraph\">Conforme con lo anterior, la Sala Superior del TEPJF orden\u00f3 al Consejo General dar respuesta a la consulta formulada, lo que sucedi\u00f3 el 6 de noviembre pasado. Ahora, con las impugnaciones del Senado y el PAN, ahora la Sala Superior tendr\u00e1 que resolver sobre los lineamientos aprobados por el INE.<\/p>\n\n\n\n<p class=\"wp-block-paragraph\"><strong>En el segundo nivel<\/strong><\/p>\n\n\n\n<p class=\"wp-block-paragraph\">Las 245 diputadas federales y 63 senadoras no resultaron suficientes para dar el gran paso en cuanto a los derechos pol\u00edticos de las mujeres y as\u00ed, revertir la cultura end\u00e9mica de que en pol\u00edtica, las mujeres siempre est\u00e1n en el segundo nivel. Y este es el tema toral de la reforma de 2019 para la \u201cparidad total\u201d, o \u201cen todo\u201d: sin batalla, dejaron fuera los cargos unipersonales, porque las gubernaturas y la Presidencia seguir\u00e1n siendo coto para los hombres.&nbsp;<\/p>\n\n\n\n<p class=\"wp-block-paragraph\">Y lo que son las cosas, las senadoras se ofenden y se enojan con el INE, y no con sus partidos ni sus compa\u00f1eros de bancadas, que siguen sin creer que las mujeres pueden proveer un nuevo estilo de gobernar. Y que no nos cuenten que los hombres han resultado muy buenos para ello.<\/p>\n\n\n\n<p class=\"wp-block-paragraph\">Insisto: \u00bfpor qu\u00e9 le tienen miedo a postular m\u00e1s mujeres a las gubernaturas? Claudia Sheinbaum no es tan malita. Su problema es el pavor que le tiene a L\u00f3pez Obrador y su sombra. Y en todo caso, \u00bfno estamos como estamos, porque solo han gobernado hombres en este pa\u00eds?<\/p>\n\n\n\n<p class=\"wp-block-paragraph\">Con desaliento, se ve que los derechos pol\u00edticos de las mujeres, a cuenta gotas para mantener el control, y los partidos aun cuando est\u00e1n obligados a la capacitaci\u00f3n y preparaci\u00f3n de cuadros, siguen con los cursitos de reposter\u00eda y macram\u00e9\u2026<\/p>\n\n\n\n<p class=\"wp-block-paragraph\">&nbsp;&nbsp;&nbsp;&nbsp;&nbsp;&nbsp;&nbsp;&nbsp;&nbsp;&nbsp;&nbsp;&nbsp;&nbsp;&nbsp;&nbsp;&nbsp;&nbsp;&nbsp;&nbsp;&nbsp;&nbsp;&nbsp;&nbsp;&nbsp;&nbsp;&nbsp;&nbsp;&nbsp;&nbsp;&nbsp;&nbsp;&nbsp;&nbsp;&nbsp;&nbsp;&nbsp;&nbsp;&nbsp;&nbsp;&nbsp;&nbsp;&nbsp;&nbsp;&nbsp;&nbsp;&nbsp;&nbsp;&nbsp;&nbsp;&nbsp;&nbsp;&nbsp;&nbsp;&nbsp;&nbsp;&nbsp;&nbsp;&nbsp;&nbsp;&nbsp;&nbsp;&nbsp;&nbsp;&nbsp;&nbsp;&nbsp;&nbsp;&nbsp;&nbsp;&nbsp;&nbsp;***<\/p>\n\n\n\n<p class=\"wp-block-paragraph\">Este jueves 12, fueron finalmente inaugurados los nuevos hospitales Civil e Infantil que dar\u00e1n vida a la primera \u201cCiudad de la Salud\u201d del pa\u00eds y que prestar\u00e1n servicios a tres millones de habitantes.<\/p>\n\n\n\n<p class=\"wp-block-paragraph\">El gobernador Silvano Aureoles esper\u00f3 tres semanas, la respuesta del presidente L\u00f3pez Obrador para venir a encabezar la apertura oficial del complejo. Ni falta hizo. Con qu\u00e9 cara, si los nosocomios, en tiempos de tantos recortes y pandemia, se terminaron con recursos del estado. Fueron 3 mil millones de pesos, bien gastados, cuando se trata de la salud de las y los michoacanos\u2026<\/p>\n\n\n\n<p class=\"wp-block-paragraph\">&nbsp;&nbsp;&nbsp;&nbsp;&nbsp;&nbsp;&nbsp;&nbsp;&nbsp;&nbsp;&nbsp;&nbsp;&nbsp;&nbsp;&nbsp;&nbsp;&nbsp;&nbsp;&nbsp;&nbsp;&nbsp;&nbsp;&nbsp;&nbsp;&nbsp;&nbsp;&nbsp;&nbsp;&nbsp;&nbsp;&nbsp;&nbsp;&nbsp;&nbsp;&nbsp;&nbsp;&nbsp;&nbsp;&nbsp;&nbsp;&nbsp;&nbsp;&nbsp;&nbsp;&nbsp;&nbsp;&nbsp;&nbsp;&nbsp;&nbsp;&nbsp;&nbsp;&nbsp;&nbsp;&nbsp;&nbsp;&nbsp;&nbsp;&nbsp;&nbsp;&nbsp;&nbsp;&nbsp;&nbsp;&nbsp;&nbsp;&nbsp;&nbsp;&nbsp;&nbsp;&nbsp;***<\/p>\n\n\n\n<p class=\"wp-block-paragraph\">Pero pudo ser que no tuvo tiempo -con eso de que siempre anda bien ocupado-. Eso dijo sobre su sobrevuelo por las zonas donde sus paisanos est\u00e1n con el agua sobre la cabeza. Pero ya la pr\u00f3xima semana se presentar\u00e1 el plan integral y se ver\u00e1 lo de las dragas. M\u00e1s de 175 mil damnificados que no tienen ni para cambiar calzones\u2026<\/p>\n","protected":false},"excerpt":{"rendered":"<p>Las 245 diputadas federales y 63 senadoras no resultaron suficientes para dar el gran paso en cuanto a los derechos pol\u00edticos de las mujeres <\/p>\n","protected":false},"author":3,"featured_media":9024,"comment_status":"open","ping_status":"open","sticky":false,"template":"","format":"standard","meta":{"_monsterinsights_skip_tracking":false,"footnotes":""},"categories":[691,99,90,35],"tags":[],"class_list":["post-28471","post","type-post","status-publish","format-standard","has-post-thumbnail","category-691","category-ambigu","category-martha-elba-torres-martinez","category-opinion"],"_links":{"self":[{"href":"https:\/\/redsemlac.com\/semmexico\/wp-json\/wp\/v2\/posts\/28471","targetHints":{"allow":["GET"]}}],"collection":[{"href":"https:\/\/redsemlac.com\/semmexico\/wp-json\/wp\/v2\/posts"}],"about":[{"href":"https:\/\/redsemlac.com\/semmexico\/wp-json\/wp\/v2\/types\/post"}],"author":[{"embeddable":true,"href":"https:\/\/redsemlac.com\/semmexico\/wp-json\/wp\/v2\/users\/3"}],"replies":[{"embeddable":true,"href":"https:\/\/redsemlac.com\/semmexico\/wp-json\/wp\/v2\/comments?post=28471"}],"version-history":[{"count":0,"href":"https:\/\/redsemlac.com\/semmexico\/wp-json\/wp\/v2\/posts\/28471\/revisions"}],"wp:featuredmedia":[{"embeddable":true,"href":"https:\/\/redsemlac.com\/semmexico\/wp-json\/wp\/v2\/media\/9024"}],"wp:attachment":[{"href":"https:\/\/redsemlac.com\/semmexico\/wp-json\/wp\/v2\/media?parent=28471"}],"wp:term":[{"taxonomy":"category","embeddable":true,"href":"https:\/\/redsemlac.com\/semmexico\/wp-json\/wp\/v2\/categories?post=28471"},{"taxonomy":"post_tag","embeddable":true,"href":"https:\/\/redsemlac.com\/semmexico\/wp-json\/wp\/v2\/tags?post=28471"}],"curies":[{"name":"wp","href":"https:\/\/api.w.org\/{rel}","templated":true}]}}