{"id":28458,"date":"2020-11-12T20:53:36","date_gmt":"2020-11-12T20:53:36","guid":{"rendered":"https:\/\/redsemlac.com\/semmexico\/?p=28458"},"modified":"2023-07-21T16:38:31","modified_gmt":"2023-07-21T21:38:31","slug":"participaran-13-mujeres-expertas-en-finanzas-y-medio-ambiente-en-foro-de-sustentabilidad-financiera","status":"publish","type":"post","link":"https:\/\/redsemlac.com\/semmexico\/participaran-13-mujeres-expertas-en-finanzas-y-medio-ambiente-en-foro-de-sustentabilidad-financiera\/","title":{"rendered":"Participar\u00e1n 13 mujeres expertas en finanzas y medio ambiente en Foro de Sustentabilidad Financiera"},"content":{"rendered":"\n<ul class=\"wp-block-list\"><li><strong>Habr\u00e1 un panel con el tema Perspectiva de g\u00e9nero y DDHH relacionado con temas sustentables<\/strong><\/li><\/ul>\n\n\n\n<ul class=\"wp-block-list\"><li><strong>En el Foro se hablar\u00e1 de emprendimientos socioambientales en una coyuntura COVID-19<\/strong><\/li><\/ul>\n\n\n\n<p class=\"wp-block-paragraph\"><strong>Atenea Mej\u00eda<\/strong><\/p>\n\n\n\n<p class=\"wp-block-paragraph\">SemM\u00e9xico, Cd. de M\u00e9xico, 12 de noviembre, 2020.-\u00a0Un total de 13 mujeres expertas en temas financieros, sustentabilidad, cambio clim\u00e1tico y energ\u00eda, participar\u00e1n en el Foro Virtual: Financiamiento para una recuperaci\u00f3n verde e incluyente, que se desarrollar\u00e1 los d\u00edas 18 y 19 de noviembre en el que se discutir\u00e1 sobre la econom\u00eda sustentable, tanto a nivel regional, nacional e internacional.<\/p>\n\n\n\n<p class=\"wp-block-paragraph\">La asesora y experta en cuestiones de mitigaci\u00f3n y financiamiento al cambio clim\u00e1tico por la Cooperaci\u00f3n Alemana para el Desarrollo Sustentable en M\u00e9xico (GIZ por sus siglas en alem\u00e1n) Gabriela Ni\u00f1o, explic\u00f3 que en este Foro se presentar\u00e1n las acciones que se llevan a cabo por parte de los sectores p\u00fablico y privado y que cuentan con el apoyo de este organismo internacional en materia de Financiamiento Sustentable.&nbsp;<\/p>\n\n\n\n<p class=\"wp-block-paragraph\">Consider\u00f3 que la crisis que vive la sociedad por COVID \u201ces el primer aviso para cuidar el ambiente; sino conservamos las especies, si transgredimos los l\u00edmites de los ecosistemas, si no cambiamos nuestra manera de comportarnos con el medio ambiente, no habr\u00e1 sistema financiero que lo soporte, por lo tanto, no tendremos un desarrollo sostenible.\u201d&nbsp;<\/p>\n\n\n\n<p class=\"wp-block-paragraph\">Este Foro Virtual lo convoca la&nbsp;Deutsche Gesellschaft f\u00fcr Internationale Zusammenarbeit (GIZ) y tiene como objetivo ser un&nbsp;espacio de di\u00e1logo para impulsar la reflexi\u00f3n y propuestas desde distintas perspectivas de los sectores p\u00fablico, privado y social sobre los avances y retos financieros necesarios para lograr una recuperaci\u00f3n incluyente y verde ante los grandes retos que se viven actualmente.<\/p>\n\n\n\n<p class=\"wp-block-paragraph\">En este Foro, participar\u00e1 especialistas como Laura Ortiz, fundadora de SVX M\u00e9xico, es experta en manejo de fondos, portafolios y activos para tesorer\u00edas y familias de alto patrimonio, su ponencia ser\u00e1 \u00bfRegenerar o degenerar? Mecanismos de financiamiento para el apoyo a la agricultura regenerativa.<\/p>\n\n\n\n<p class=\"wp-block-paragraph\">Ortiz ha educado en inversi\u00f3n de impacto a m\u00e1s de 570 inversionistas y 230 emprendedores, adem\u00e1s de impartir conferencias sobre estos temas en varios pa\u00edses; se especializ\u00f3 en inversi\u00f3n de impacto en la Universidad de Oxford y behavioral finance en NYU.<\/p>\n\n\n\n<p class=\"wp-block-paragraph\">Otra de las ponentes ser\u00e1 Susana V\u00e9lez Haller, quien participar\u00e1 en el panel de los Mecanismos de precios al carbono: el caso del sector \u00e1cido n\u00edtrico en Latinoam\u00e9rica.<\/p>\n\n\n\n<p class=\"wp-block-paragraph\">Mientras que Yuriana Gonz\u00e1lez, asesora T\u00e9cnica Alianza Mexicana Alemana de Cambio Clim\u00e1tico GIZ-M\u00e9xico, participar\u00e1 en el panel de El rol de los gobiernos subnacionales en la b\u00fasqueda de financiamiento clim\u00e1tico.&nbsp;<\/p>\n\n\n\n<p class=\"wp-block-paragraph\">Tambi\u00e9n estar\u00e1 presente Luc\u00eda Ruiz, actualmente es coordinadora de Biodiversidad y Financiamiento en la WWF M\u00e9xico, tiene m\u00e1s de 12 a\u00f1os de experiencia en trabajos de conservaci\u00f3n de la biodiversidad de M\u00e9xico. Ha trabajado tanto a nivel nacional como internacional, es bi\u00f3loga egresada de la UNAM y maestra en Gesti\u00f3n Ambiental por la Universidad de Yale.<\/p>\n\n\n\n<p class=\"wp-block-paragraph\">Este foro abrir\u00e1 con la sesi\u00f3n magistral: El impacto de los instrumentos financieros de deuda. El caso de los Bonos soberanos emitidos por el gobierno Alem\u00e1n y Mexicano.<\/p>\n\n\n\n<p class=\"wp-block-paragraph\">Posteriormente se desarrollar\u00e1 la conferencia Retomando experiencias regionales sobre Financiamiento Clim\u00e1tico en Am\u00e9rica Latina y el Caribe; Financiamiento para el cumplimiento de la NDC con perspectiva de g\u00e9nero y DDHH finalizando con Taxonom\u00eda de financiamiento verde en M\u00e9xico.<\/p>\n\n\n\n<p class=\"wp-block-paragraph\">Para el segundo d\u00eda de trabajo, durante la ma\u00f1ana se desarrollar\u00e1n las conferencias Inversiones de Impacto. Incubando emprendimientos socioambientales en una coyuntura COVID-19 con incidencia en ANPs y Mecanismos de financiamiento para la agricultura regenerativa.<\/p>\n\n\n\n<p class=\"wp-block-paragraph\">Por la tarde Green Recovery: Qu\u00e9 entiende la GIZ por Recuperaci\u00f3n Verde; el rol de los gobiernos subnacionales en la b\u00fasqueda de financiamiento clim\u00e1tico e Infograf\u00eda de programas del cl\u00faster de energ\u00eda con temas de financiamiento.<\/p>\n","protected":false},"excerpt":{"rendered":"<p>Habr\u00e1 un panel con el tema Perspectiva de g\u00e9nero y DDHH relacionado con temas sustentables<\/p>\n","protected":false},"author":3,"featured_media":28459,"comment_status":"open","ping_status":"open","sticky":false,"template":"","format":"standard","meta":{"_monsterinsights_skip_tracking":false,"footnotes":""},"categories":[691,54],"tags":[],"class_list":["post-28458","post","type-post","status-publish","format-standard","has-post-thumbnail","category-691","category-mujeres"],"_links":{"self":[{"href":"https:\/\/redsemlac.com\/semmexico\/wp-json\/wp\/v2\/posts\/28458","targetHints":{"allow":["GET"]}}],"collection":[{"href":"https:\/\/redsemlac.com\/semmexico\/wp-json\/wp\/v2\/posts"}],"about":[{"href":"https:\/\/redsemlac.com\/semmexico\/wp-json\/wp\/v2\/types\/post"}],"author":[{"embeddable":true,"href":"https:\/\/redsemlac.com\/semmexico\/wp-json\/wp\/v2\/users\/3"}],"replies":[{"embeddable":true,"href":"https:\/\/redsemlac.com\/semmexico\/wp-json\/wp\/v2\/comments?post=28458"}],"version-history":[{"count":0,"href":"https:\/\/redsemlac.com\/semmexico\/wp-json\/wp\/v2\/posts\/28458\/revisions"}],"wp:featuredmedia":[{"embeddable":true,"href":"https:\/\/redsemlac.com\/semmexico\/wp-json\/wp\/v2\/media\/28459"}],"wp:attachment":[{"href":"https:\/\/redsemlac.com\/semmexico\/wp-json\/wp\/v2\/media?parent=28458"}],"wp:term":[{"taxonomy":"category","embeddable":true,"href":"https:\/\/redsemlac.com\/semmexico\/wp-json\/wp\/v2\/categories?post=28458"},{"taxonomy":"post_tag","embeddable":true,"href":"https:\/\/redsemlac.com\/semmexico\/wp-json\/wp\/v2\/tags?post=28458"}],"curies":[{"name":"wp","href":"https:\/\/api.w.org\/{rel}","templated":true}]}}