{"id":28455,"date":"2020-11-12T20:48:50","date_gmt":"2020-11-12T20:48:50","guid":{"rendered":"https:\/\/redsemlac.com\/semmexico\/?p=28455"},"modified":"2023-07-21T16:38:31","modified_gmt":"2023-07-21T21:38:31","slug":"en-un-comunicado-conjunto-exigen-diputadas-se-repongan-los-recursos-recortados-este-ano","status":"publish","type":"post","link":"https:\/\/redsemlac.com\/semmexico\/en-un-comunicado-conjunto-exigen-diputadas-se-repongan-los-recursos-recortados-este-ano\/","title":{"rendered":"En un comunicado conjunto exigen diputadas se repongan los recursos recortados este a\u00f1o"},"content":{"rendered":"\n<p class=\"wp-block-paragraph\">Diputadas condenan eliminaci\u00f3n presupuestal a v\u00edctimas en un pa\u00eds de m\u00e1s de 27 mil v\u00edctimas en 2019<\/p>\n\n\n\n<p class=\"wp-block-paragraph\">De aprobarse la disminuci\u00f3n de recursos se completar\u00e1 una \u201ccadena de acciones tr\u00e1gicas\u201d<strong><\/strong><\/p>\n\n\n\n<p class=\"wp-block-paragraph\"><strong>Elda Montiel&nbsp;<\/strong><\/p>\n\n\n\n<p class=\"wp-block-paragraph\">SemM\u00e9xico, CDMX, 12 de noviembre 2020.- Las diputadas de la Comisi\u00f3n de Justicia de la C\u00e1mara de Diputadas&nbsp;Mar\u00eda del Pilar Ortega Mart\u00ednez, Ver\u00f3nica Beatriz Ju\u00e1rez Pi\u00f1a, Lorena Villavicencio Ayala y Mariana Rodr\u00edguez Mier y Ter\u00e1n exigieron que&nbsp;los recursos asignados para la atenci\u00f3n a v\u00edctimas tanto en el Poder Judicial de la Federaci\u00f3n como en la Fiscal\u00eda General de la Rep\u00fablica no se disminuyan y en cambio se mantengan sus montos en t\u00e9rminos reales.<\/p>\n\n\n\n<p class=\"wp-block-paragraph\">Consideraron que eliminar recursos para las v\u00edctimas es revictimizar y m\u00e1s en un&nbsp;pa\u00eds donde se ha incrementado en forma sustancial el n\u00famero de v\u00edctimas, ya que, de acuerdo a las cifras oficiales del Registro Nacional de V\u00edctimas, en el 2018 reportaron&nbsp;15 mil 525 v\u00edctimas mientras que, en el a\u00f1o de 2019, se registraron poco m\u00e1s de 27 mil.<\/p>\n\n\n\n<p class=\"wp-block-paragraph\">Como legisladoras cuya labor es impulsar reformas legislativas e institucionales para garantizar y fortalecer el acceso a la justicia y la protecci\u00f3n integral de las v\u00edctimas, sumando esfuerzos con organizaciones de la sociedad civil demandaron en un pronunciamiento que no se aplique el Decreto de Austeridad publicado en el Diario Oficial de la Federaci\u00f3n el pasado 23 de abril.<\/p>\n\n\n\n<p class=\"wp-block-paragraph\">Se\u00f1alaron que dicho decreto es para todas las instancias, dependencias y organismos del Gobierno Federal cuya misi\u00f3n sea la de proteger y garantizar los derechos humanos de las y los mexicanos entre las cuales se encuentran: la Comisi\u00f3n Nacional de B\u00fasqueda, la Comisi\u00f3n Ejecutiva de Atenci\u00f3n a V\u00edctimas, la Comisi\u00f3n Nacional para Prevenir y Erradicar la violencia contra las Mujeres, entre otras.<\/p>\n\n\n\n<p class=\"wp-block-paragraph\">Tambi\u00e9n exigen que los recursos asignados previamente a fondos federales cuyo objeto sea la restituci\u00f3n de derechos -como el Fondo de Ayuda, Asistencia y Reparaci\u00f3n Integral- y cuya entrega se realice en adelante mediante transferencias directas, cuenten con reglas de operaci\u00f3n y tengan mecanismos indispensables para dar certidumbre al ejercicio del gasto y a la reparaci\u00f3n integral del da\u00f1o.<\/p>\n\n\n\n<p class=\"wp-block-paragraph\">Que se implementen programas de capacitaci\u00f3n para el personal de la Guardia Nacional, las Fuerzas Armadas y la Marina Armada de M\u00e9xico, para el tratamiento especializado de atenci\u00f3n a las v\u00edctimas.<\/p>\n\n\n\n<p class=\"wp-block-paragraph\">Exigen a la Comisi\u00f3n Nacional de los Derechos Humanos la aplicaci\u00f3n total de los<\/p>\n\n\n\n<p class=\"wp-block-paragraph\">Recursos asignados en beneficio de las v\u00edctimas de violaciones a los derechos<\/p>\n\n\n\n<p class=\"wp-block-paragraph\">humanos.<\/p>\n\n\n\n<p class=\"wp-block-paragraph\">Exigimos que todos los programas de atenci\u00f3n a v\u00edctimas sean dise\u00f1ados con<\/p>\n\n\n\n<p class=\"wp-block-paragraph\">perspectiva de g\u00e9nero y de infancia.<\/p>\n\n\n\n<p class=\"wp-block-paragraph\">Recordaron que las v\u00edctimas del delito tienen derechos reconocidos expresamente en la Constituci\u00f3n, entre los cuales destacan el acceso a asesor\u00eda jur\u00eddica, a la reparaci\u00f3n del da\u00f1o, a recibir atenci\u00f3n m\u00e9dica de urgencia y coadyuvar con el ministerio p\u00fablico en el marco de la investigaci\u00f3n.<\/p>\n\n\n\n<p class=\"wp-block-paragraph\">As\u00ed como paulatinamente se fueron destinando mayores capacidades y recursos, sobre todo con la promulgaci\u00f3n en 2013 de la Ley General de V\u00edctimas, la cual establece los procedimientos para la protecci\u00f3n y atenci\u00f3n de los derechos de las v\u00edctimas del delito, as\u00ed como de violaciones de derechos humanos, y con la creaci\u00f3n de la Comisi\u00f3n Ejecutiva de Atenci\u00f3n a V\u00edctimas (CEAV).<\/p>\n\n\n\n<p class=\"wp-block-paragraph\">Expresaron su preocupaci\u00f3n por la \u201ccadena de acciones tr\u00e1gicas\u201d con las medidas de austeridad adoptadas por el gobierno federal y por la C\u00e1mara de Diputados en contra de las v\u00edctimas, ya que con el Decreto de Austeridad se determin\u00f3 un recorte presupuestal de 75 por ciento al CEAV, con lo que pr\u00e1cticamente la inutilizaron.<\/p>\n\n\n\n<p class=\"wp-block-paragraph\">La Secretaria de Hacienda ignor\u00f3 que la CEAV tiene entre sus atribuciones proteger los derechos humanos de las personas v\u00edctimas de violaciones a derechos humanos, as\u00ed como de delitos como desaparici\u00f3n forzada, ejecuci\u00f3n extrajudicial, tortura, detenci\u00f3n arbitraria, feminicidio y trata, entre otros.<\/p>\n\n\n\n<p class=\"wp-block-paragraph\">Adem\u00e1s con la eliminaci\u00f3n de 109 fideicomisos, incluyendo el Fondo de Ayuda, Asistencia y Reparaci\u00f3n Integral (FAARI), se dej\u00f3 en el desamparo a cerca de 30 mil v\u00edctimas del delito y de la violencia.<\/p>\n\n\n\n<p class=\"wp-block-paragraph\">Les resulta indignante que el Proyecto de PEF 2021 presentado por la Comisi\u00f3n de Presupuesto y Cuenta P\u00fablica sea absolutamente omiso en asignar recursos para subsanar las asignaciones presupuestales en la materia que se han perdido a lo largo del 2020. El proyecto se podr\u00eda acordar hoy.<\/p>\n","protected":false},"excerpt":{"rendered":"<p>Diputadas condenan eliminaci\u00f3n presupuestal a v\u00edctimas en un pa\u00eds de m\u00e1s de 27 mil v\u00edctimas en 2019 De aprobarse la disminuci\u00f3n de recursos se completar\u00e1 una \u201ccadena de acciones tr\u00e1gicas\u201d Elda Montiel&nbsp; SemM\u00e9xico, CDMX, 12 de noviembre 2020.- Las diputadas de la Comisi\u00f3n de Justicia de la C\u00e1mara de Diputadas&nbsp;Mar\u00eda del Pilar Ortega Mart\u00ednez, Ver\u00f3nica [&hellip;]<\/p>\n","protected":false},"author":3,"featured_media":28456,"comment_status":"open","ping_status":"open","sticky":false,"template":"","format":"standard","meta":{"_monsterinsights_skip_tracking":false,"footnotes":""},"categories":[691,50],"tags":[],"class_list":["post-28455","post","type-post","status-publish","format-standard","has-post-thumbnail","category-691","category-congreso"],"_links":{"self":[{"href":"https:\/\/redsemlac.com\/semmexico\/wp-json\/wp\/v2\/posts\/28455","targetHints":{"allow":["GET"]}}],"collection":[{"href":"https:\/\/redsemlac.com\/semmexico\/wp-json\/wp\/v2\/posts"}],"about":[{"href":"https:\/\/redsemlac.com\/semmexico\/wp-json\/wp\/v2\/types\/post"}],"author":[{"embeddable":true,"href":"https:\/\/redsemlac.com\/semmexico\/wp-json\/wp\/v2\/users\/3"}],"replies":[{"embeddable":true,"href":"https:\/\/redsemlac.com\/semmexico\/wp-json\/wp\/v2\/comments?post=28455"}],"version-history":[{"count":0,"href":"https:\/\/redsemlac.com\/semmexico\/wp-json\/wp\/v2\/posts\/28455\/revisions"}],"wp:featuredmedia":[{"embeddable":true,"href":"https:\/\/redsemlac.com\/semmexico\/wp-json\/wp\/v2\/media\/28456"}],"wp:attachment":[{"href":"https:\/\/redsemlac.com\/semmexico\/wp-json\/wp\/v2\/media?parent=28455"}],"wp:term":[{"taxonomy":"category","embeddable":true,"href":"https:\/\/redsemlac.com\/semmexico\/wp-json\/wp\/v2\/categories?post=28455"},{"taxonomy":"post_tag","embeddable":true,"href":"https:\/\/redsemlac.com\/semmexico\/wp-json\/wp\/v2\/tags?post=28455"}],"curies":[{"name":"wp","href":"https:\/\/api.w.org\/{rel}","templated":true}]}}