{"id":28452,"date":"2020-11-12T20:46:09","date_gmt":"2020-11-12T20:46:09","guid":{"rendered":"https:\/\/redsemlac.com\/semmexico\/?p=28452"},"modified":"2023-07-21T16:38:31","modified_gmt":"2023-07-21T21:38:31","slug":"dice-el-gobernador-de-veracruz-que-se-avanza-en-la-investigacion-del-asesinato-de-alcaldesa","status":"publish","type":"post","link":"https:\/\/redsemlac.com\/semmexico\/dice-el-gobernador-de-veracruz-que-se-avanza-en-la-investigacion-del-asesinato-de-alcaldesa\/","title":{"rendered":"Dice el Gobernador de Veracruz que se avanza en la investigaci\u00f3n del asesinato de alcaldesa"},"content":{"rendered":"\n<p class=\"wp-block-paragraph\">Desmiente la versi\u00f3n de que pidi\u00f3 ayuda y la responsabiliz\u00f3 de no mejorar la seguridad en su municipio<\/p>\n\n\n\n<p class=\"wp-block-paragraph\">Miente el PRD, no hay amenazas a las y los alcaldes de Veracruz<\/p>\n\n\n\n<p class=\"wp-block-paragraph\"><strong>Ana Alicia Osorio Gonz\u00e1lez<\/strong><\/p>\n\n\n\n<p class=\"wp-block-paragraph\">SemM\u00e9xico, Veracruz, Ver., 12 de noviembre, 2020.-El gobernador de Veracruz, Cuitl\u00e1huac Garc\u00eda Jim\u00e9nez, asegur\u00f3 que ya existen avances en la investigaci\u00f3n por el asesinato de la alcaldesa de Jamapa Florisel R\u00edos.&nbsp;<\/p>\n\n\n\n<p class=\"wp-block-paragraph\">Dijo que se ha fortalecido una l\u00ednea de investigaci\u00f3n y existen dos l\u00edneas m\u00e1s, aunque no dio el contenido de ninguna.&nbsp;<\/p>\n\n\n\n<p class=\"wp-block-paragraph\">En una rueda de prensa asegur\u00f3 que estas investigaciones est\u00e1n cercanas al contexto de Jamapa donde dijo que la Polic\u00eda Municipal estuvo involucrada en diversos delitos.&nbsp;<\/p>\n\n\n\n<p class=\"wp-block-paragraph\">\u201cSe fortalece una l\u00ednea de investigaci\u00f3n y que van, tiene el compromiso a la Fiscal\u00eda de dar con los responsables yo entiendo a la Fiscal cuando dice no les puedo compartir m\u00e1s porque est\u00e1 en proceso la investigaci\u00f3n\u201d, asegur\u00f3.&nbsp;<\/p>\n\n\n\n<p class=\"wp-block-paragraph\">Adem\u00e1s, neg\u00f3 que exista alg\u00fan tipo de v\u00ednculo por parte del Gobierno del Estado con el asesinato.&nbsp;<\/p>\n\n\n\n<p class=\"wp-block-paragraph\">Sostuvo que no existen amenazas por parte del secretario de gobierno, Eric Cisneros, hacia alcaldes y alcaldesas tal y como lo han se\u00f1alado los dirigentes del PRD.&nbsp;<\/p>\n\n\n\n<p class=\"wp-block-paragraph\">Garc\u00eda Jim\u00e9nez tambi\u00e9n neg\u00f3 que haya existido una petici\u00f3n de ayuda de la alcaldesa que no fue atendida, puesto que sostuvo que el \u00fanico acercamiento que se tuvo fue cuando pidi\u00f3 ayuda para evitar la detenci\u00f3n de su esposo (que tiene una orden de aprehensi\u00f3n por peculado) y para pedir que les regresaran las armas a la Polic\u00eda Municipal que se le retiraron por no estar acreditadas.&nbsp;<\/p>\n\n\n\n<p class=\"wp-block-paragraph\">Dijo que ninguna de las dos cuestiones se pod\u00eda realizar debido a que estaban al margen de la ley.&nbsp;<\/p>\n\n\n\n<p class=\"wp-block-paragraph\">Adem\u00e1s culp\u00f3 a la alcaldesa asesinada de haberse negado a implementar operativos de seguridad en el municipio con la presencia de la Guardia Nacional.&nbsp;<\/p>\n","protected":false},"excerpt":{"rendered":"<p>Desmiente la versi\u00f3n de que pidi\u00f3 ayuda y la responsabiliz\u00f3 de no mejorar la seguridad en su municipio Miente el PRD, no hay amenazas a las y los alcaldes de Veracruz Ana Alicia Osorio Gonz\u00e1lez SemM\u00e9xico, Veracruz, Ver., 12 de noviembre, 2020.-El gobernador de Veracruz, Cuitl\u00e1huac Garc\u00eda Jim\u00e9nez, asegur\u00f3 que ya existen avances en la [&hellip;]<\/p>\n","protected":false},"author":3,"featured_media":28453,"comment_status":"open","ping_status":"open","sticky":false,"template":"","format":"standard","meta":{"_monsterinsights_skip_tracking":false,"footnotes":""},"categories":[691,51],"tags":[],"class_list":["post-28452","post","type-post","status-publish","format-standard","has-post-thumbnail","category-691","category-ejecutivo"],"_links":{"self":[{"href":"https:\/\/redsemlac.com\/semmexico\/wp-json\/wp\/v2\/posts\/28452","targetHints":{"allow":["GET"]}}],"collection":[{"href":"https:\/\/redsemlac.com\/semmexico\/wp-json\/wp\/v2\/posts"}],"about":[{"href":"https:\/\/redsemlac.com\/semmexico\/wp-json\/wp\/v2\/types\/post"}],"author":[{"embeddable":true,"href":"https:\/\/redsemlac.com\/semmexico\/wp-json\/wp\/v2\/users\/3"}],"replies":[{"embeddable":true,"href":"https:\/\/redsemlac.com\/semmexico\/wp-json\/wp\/v2\/comments?post=28452"}],"version-history":[{"count":0,"href":"https:\/\/redsemlac.com\/semmexico\/wp-json\/wp\/v2\/posts\/28452\/revisions"}],"wp:featuredmedia":[{"embeddable":true,"href":"https:\/\/redsemlac.com\/semmexico\/wp-json\/wp\/v2\/media\/28453"}],"wp:attachment":[{"href":"https:\/\/redsemlac.com\/semmexico\/wp-json\/wp\/v2\/media?parent=28452"}],"wp:term":[{"taxonomy":"category","embeddable":true,"href":"https:\/\/redsemlac.com\/semmexico\/wp-json\/wp\/v2\/categories?post=28452"},{"taxonomy":"post_tag","embeddable":true,"href":"https:\/\/redsemlac.com\/semmexico\/wp-json\/wp\/v2\/tags?post=28452"}],"curies":[{"name":"wp","href":"https:\/\/api.w.org\/{rel}","templated":true}]}}