{"id":28450,"date":"2020-11-12T20:41:22","date_gmt":"2020-11-12T20:41:22","guid":{"rendered":"https:\/\/redsemlac.com\/semmexico\/?p=28450"},"modified":"2023-07-21T16:38:31","modified_gmt":"2023-07-21T21:38:31","slug":"hagase-justicia","status":"publish","type":"post","link":"https:\/\/redsemlac.com\/semmexico\/hagase-justicia\/","title":{"rendered":"H\u00e1gase justicia\u2026"},"content":{"rendered":"\n<p class=\"wp-block-paragraph\"><strong>MOIS\u00c9S S\u00c1NCHEZ LIM\u00d3N<\/strong><\/p>\n\n\n\n<p class=\"wp-block-paragraph\"><strong>Semmexico, CDMX, 12 de noviembre, 2020.-&nbsp;<\/strong>Como no queriendo, a pregunta sembrada por uno de esos asistentes a la ma\u00f1anera en Palacio Nacional &#8211;nadie garantiza sean periodistas quienes ocupan la fila mercenaria&#8211; el licenciado presidente se despach\u00f3 la falacia del d\u00eda:<\/p>\n\n\n\n<p class=\"wp-block-paragraph\">\u201c(\u2026) Y nosotros no vamos a meternos a perseguir a nuestros adversarios, que en otros tiempos y en otras circunstancias aportaron dinero para esta guerra sucia en contra de nosotros.<\/p>\n\n\n\n<p class=\"wp-block-paragraph\">\u201cAyer habl\u00e1bamos del reportaje de \u00c1lvaro Delgado (G\u00f3mez, reportero de la revista Proceso), de c\u00f3mo un grupo de empresarios est\u00e1 financiando a los que organizan toda la estrategia para reagrupar, hacer un bloque pol\u00edtico en contra nuestra. Pues eso es lo que siempre ha sucedido, siempre se han unido\u201d.<\/p>\n\n\n\n<p class=\"wp-block-paragraph\">Falaz declaraci\u00f3n que, en pretendida explicaci\u00f3n, llev\u00f3 la admisi\u00f3n del enga\u00f1o encubierto; incluso, en la v\u00edspera, se entendi\u00f3 como orden a Santiago Nieto, jefe de la Unidad de Inteligencia Financiera, la referencia de Andr\u00e9s Manuel L\u00f3pez Obrador de que se debiera investigar a las empresas que donan recursos a la organizaci\u00f3n Mexicanos Contra la Corrupci\u00f3n y la Impunidad (MCCI).<\/p>\n\n\n\n<p class=\"wp-block-paragraph\">Y es que, en \u00e1mbitos del escuadr\u00f3n justiciero de la 4T &#8211;la UIF, el SAT y la Secretar\u00eda de la Funci\u00f3n P\u00fablica&#8211;, la palabra del inquilino de Palacio Nacional es entendida como una orden que implica congelar cuentas bancarias, terrorismo fiscal y abiertas amenazas de requerir el apoyo de la Fiscal\u00eda General de la Rep\u00fablica, cuando el opositor, incluso el inc\u00f3modo integrante del partido oficial, son considerados amenaza para la causa del Corporativo Morena.<\/p>\n\n\n\n<p class=\"wp-block-paragraph\">Por supuesto, empresarios que fondean apoyo econ\u00f3mico a MCCI e incluso integrantes de esta organizaci\u00f3n ciudadana, est\u00e1n severamente preocupados porque ha sido recurrente que Santiago Nieto ordene m\u00e1s que solicitar al sistema bancario nacional, congele cuentas de los inc\u00f3modos y cr\u00edticos opositores.&nbsp;<\/p>\n\n\n\n<p class=\"wp-block-paragraph\">Y qu\u00e9 de las cuentas de personajes como P\u00edo L\u00f3pez Obrador y David Le\u00f3n, Manuel Bartlett D\u00edaz, John Ackerman, Irma Er\u00e9ndira Sandoval Ballesteros, Ricardo Rodr\u00edguez Vargas (ex director del Instituto Para Devolver al Pueblo lo Robado), Jorge Gage Francois, destituido de la coordinaci\u00f3n del Programa Nacional de Fertilizantes, un a\u00f1o despu\u00e9s de haberse denunciado un fraude con la compra de semillas mejoradas mediante tr\u00e1fico de influencias, por citar unos cuantos casos de corrupci\u00f3n en la 4T.<\/p>\n\n\n\n<p class=\"wp-block-paragraph\">Bien, esa es parte demostrativa de la impunidad que galopa en los tres niveles del gobierno de la 4T.<\/p>\n\n\n\n<p class=\"wp-block-paragraph\">Pero, \u00bfno se meter\u00e1 L\u00f3pez Obrador a perseguir a sus adversarios?<\/p>\n\n\n\n<p class=\"wp-block-paragraph\">Mire usted. La noche del pasado martes, en la discusi\u00f3n del dictamen del Presupuesto de Egresos de la Federaci\u00f3n 2021, en el pleno de la C\u00e1mara de Diputados, el legislador priista e integrante de la dirigencia nacional del Movimiento Antorchista, Brasil Acosta Pe\u00f1a, denunci\u00f3 en tribuna que su cuenta bancaria hab\u00eda sido congelada por \u00f3rdenes de la UIF.<\/p>\n\n\n\n<p class=\"wp-block-paragraph\">La causa, cit\u00f3 el diputado federal, su postura contraria al dictamen del PEF 2021 y, sobre todo, para intimidarlo y evitar que movilizara a integrantes de Antorcha. Incluso refiri\u00f3 que no se hab\u00eda movilizado a miles de antorchistas por respeto a las reglas sanitarias por la pandemia del coronavirus.<\/p>\n\n\n\n<p class=\"wp-block-paragraph\">\u00bfSabe usted qu\u00e9 cuenta le congelaron al diputado? En la que le deposita su dieta el administrativo de la C\u00e1mara de Diputados. Bueno, de lo que se trata es de intimidar al inc\u00f3modo opositor y enviar el mensaje a todos aquellos que disienten del gobierno del licenciado presidente.<\/p>\n\n\n\n<p class=\"wp-block-paragraph\">El a\u00f1o pasado se aplic\u00f3 esa medida contra diputados de Morena del estado de Hidalgo, maestros metidos a legisladores que se negaban a aprobar el paquete econ\u00f3mico sin chistar, en apego a la l\u00ednea marcada desde Palacio Nacional.<\/p>\n\n\n\n<p class=\"wp-block-paragraph\">Incluso Eraclio \u201cYako\u201d Rodr\u00edguez G\u00f3mez, presidente de la Comisi\u00f3n de Desarrollo y Conservaci\u00f3n Rural, Agr\u00edcola y Autosuficiencia Alimentaria, el a\u00f1o pasado se enter\u00f3 que sus cuentas bancarias estaban bloqueadas, justo cuando encabezaba, junto con maestros, la movilizaci\u00f3n que cerc\u00f3 al Palacio Legislativo de San L\u00e1zaro; entonces pertenec\u00eda a la bancada de Morena, hoy est\u00e1 en la del Partido del Trabajo.<\/p>\n\n\n\n<p class=\"wp-block-paragraph\">\u201cY nosotros no vamos a meternos a perseguir a nuestros adversarios\u201d, puntualiz\u00f3 falaz el se\u00f1orpresidente cuando la doctora Sandoval Ballesteros ya hab\u00eda aplicado sanciones a Mar\u00eda Cristina Garc\u00eda Cepeda, secretaria de Cultura y quienes fueron, en su gesti\u00f3n,&nbsp;Oficial Mayor y Directora General de Administraci\u00f3n, en el gobierno de Enrique Pe\u00f1a Nieto.<\/p>\n\n\n\n<p class=\"wp-block-paragraph\">Garc\u00eda Cepeda asumi\u00f3 el cargo a la muerte de Rafael Tovar y de Teresa, y junto sus ex colaboradores fueron inhabilitados por 10 a\u00f1os y multados con 19 millones 771 mil 154 pesos, cada uno.<\/p>\n\n\n\n<p class=\"wp-block-paragraph\">Similar inhabilitaci\u00f3n por una d\u00e9cada se aplic\u00f3 esta semana a Guillermo Garc\u00eda Alcocer, quien fuera, hasta junio pasado, titular de la Comisi\u00f3n Reguladora de Energ\u00eda (CRE). La causa, refiere la Secretar\u00eda de la Funci\u00f3n P\u00fablica, es por haber incurrido en conflictos de inter\u00e9s mediante la adjudicaci\u00f3n de permisos, para comercializar combustibles, a una empresa vinculada con un familiar.<\/p>\n\n\n\n<p class=\"wp-block-paragraph\">\u00bfCobro de facturas? Bueno, bueno. S\u00f3lo hay que recordar que Garc\u00eda Alcocer discrep\u00f3 p\u00fablica y personalmente con Andr\u00e9s Manuel L\u00f3pez Obrador, quien lo persigui\u00f3 hasta que decidi\u00f3 renunciar al cargo.<\/p>\n\n\n\n<p class=\"wp-block-paragraph\">\u201cEstamos acabando con la impunidad en el indolente manejo de los recursos p\u00fablicos durante el r\u00e9gimen neoliberal\u201d, dijo vehemente, respecto del caso de Garc\u00eda Cepeda, la doctora Irma Er\u00e9ndira, quien junto con su consorte John Ackerman fue acusada de haber comprado inmuebles, de contado, cuyo costo no corresponde a sus ingresos en conjunto. Ambos fueron exonerados y su caso se fue el archivo muerto.<\/p>\n\n\n\n<p class=\"wp-block-paragraph\">La doctora Sandoval Ballesteros ha presumido que se aplica la ley pero, salvo los casos de Rosario Robles y Emilio Lozoya Austin, con la sumatoria del que podr\u00eda ser nuevo chivato, Emilio Zebad\u00faa, para declarar y dar nombres de implicados en la llamada \u201cEstafa Maestra\u201d, el tema de Genaro Garc\u00eda Luna y el singular del general Salvador Cienfuegos, ex secretario de la Defensa Nacional que es competencia de la autoridad estadunidense, el resto es estridencia justiciera.<\/p>\n\n\n\n<p class=\"wp-block-paragraph\">Vaya, incluso el tema del fallido Aeropuerto Internacional de la Ciudad de M\u00e9xico que se construir\u00eda en terrenos del ex vaso de Texcoco, no tuvo observaciones de corrupci\u00f3n o derroche de recursos p\u00fablicos en el arqueo levantado por la Auditor\u00eda Superior de la Federaci\u00f3n, resultado que casualmente el licenciado L\u00f3pez Obrador y sus amanuenses, am\u00e9n de los mercenarios de las ma\u00f1aneras, no han abordado.<\/p>\n\n\n\n<p class=\"wp-block-paragraph\">Sin duda no se aboga por la impunidad contra quienes en pasadas administraciones hicieron de la gesti\u00f3n p\u00fablica pr\u00e1ctica del deporte de la corrupci\u00f3n y el enriquecimiento impune. Que vayan a prisi\u00f3n los responsables, que se aplique la ley es una demanda recurrente y bandera del licenciado en sus tiempos de opositor, adalid de la industria de la protesta que lo hizo millonario, porque eso del d\u00f3lar y los 200 pesos es una broma de mal gusto.&nbsp;<\/p>\n\n\n\n<p class=\"wp-block-paragraph\">Lo cierto es que d\u00edgase lo que se diga, pese a protestas y denuncias documentadas, la voluntad del inquilino de Palacio se ci\u00f1e a la m\u00e1xima atribuida a Benito Ju\u00e1rez Garc\u00eda: \u201cA amigos justicia y gracia, a los enemigos justicia a secas\u201d.<\/p>\n\n\n\n<p class=\"wp-block-paragraph\">Y en ese \u00e1nimo se encuentra el hermano c\u00f3modo, P\u00edo L\u00f3pez Obrador, junto con el joven maravilla David Le\u00f3n, a quienes Santiago Nieto puso a salvo e inform\u00f3 que no se les encontr\u00f3 irregularidad alguna en el manejo de sus cuentas bancarias. \u00a1Vaya! Los puso como ejemplo de pulcritud en manejo de sus recursos, pr\u00edstino y honesto.<\/p>\n\n\n\n<p class=\"wp-block-paragraph\">Pero. A Santiago Nieto debe ganarle la risa porque, no cabe duda, se burla del sentido com\u00fan de los mexicanos.&nbsp;<\/p>\n\n\n\n<p class=\"wp-block-paragraph\">Hay una m\u00e1xima aplicable a los pol\u00edticos mexicanos: son pillos pero no pendejos. Y esa es la figura que aplica el jefe de la UIF en su reporte. Por supuesto, P\u00edo y David no iban a fondear en cuentas bancarias los millones de pesos entregados a la causa del entonces candidato Andr\u00e9s Manuel L\u00f3pez Obrador, quien reconoci\u00f3 que los dineros eran para pagar requerimientos de su campa\u00f1a. Se entreg\u00f3 y recibi\u00f3 y gast\u00f3 en efectivo.<\/p>\n\n\n\n<p class=\"wp-block-paragraph\">Por eso, la coordinadora de la diputaci\u00f3n federal del PRD, Ver\u00f3nica Ju\u00e1rez Pi\u00f1a, acus\u00f3 que la exoneraci\u00f3n de P\u00edo L\u00f3pez Obrador y de David Le\u00f3n Romero, ex coordinador Nacional de Protecci\u00f3n Civil, \u201cconfirma que la lucha anticorrupci\u00f3n del presidente Andr\u00e9s Manuel L\u00f3pez Obrador, es una simulaci\u00f3n\u201d.<\/p>\n\n\n\n<p class=\"wp-block-paragraph\">La legisladora jalisciense record\u00f3 que P\u00edo L\u00f3pez Obrador fue grabado en dos ocasiones recibiendo dinero de parte de David Le\u00f3n, recurso que se presume utilizar\u00eda en actividades pol\u00edticas de Andr\u00e9s Manuel rumbo a las elecciones de 2018.<\/p>\n\n\n\n<p class=\"wp-block-paragraph\">\u201cIgual que en los tiempos de Pe\u00f1a Nieto, Andr\u00e9s Manuel utiliza las instituciones para exonerar de presuntos actos de corrupci\u00f3n a familiares y amigos\u201d, reproch\u00f3 Ju\u00e1rez Pi\u00f1a. Lamentablemente la diputada es una voz en el desierto de la impunidad tejida por el adalid de la lucha contra la corrupci\u00f3n sujeto al proverbio: \u00a1H\u00e1gase justicia\u2026 en los bueyes de mi compadre! Conste.<\/p>\n\n\n\n<p class=\"wp-block-paragraph\"><a href=\"mailto:sanchezlimon@gmail.com\">sanchezlimon@gmail.com<\/a><\/p>\n\n\n\n<p class=\"wp-block-paragraph\"><a href=\"http:\/\/www.entresemana.mx\/\">www.entresemana.mx<\/a><\/p>\n\n\n\n<p class=\"wp-block-paragraph\"><strong>@msanchezlimon<\/strong><\/p>\n","protected":false},"excerpt":{"rendered":"<p>MOIS\u00c9S S\u00c1NCHEZ LIM\u00d3N Semmexico, CDMX, 12 de noviembre, 2020.-&nbsp;Como no queriendo, a pregunta sembrada por uno de esos asistentes a la ma\u00f1anera en Palacio Nacional &#8211;nadie garantiza sean periodistas quienes ocupan la fila mercenaria&#8211; el licenciado presidente se despach\u00f3 la falacia del d\u00eda: \u201c(\u2026) Y nosotros no vamos a meternos a perseguir a nuestros adversarios, [&hellip;]<\/p>\n","protected":false},"author":3,"featured_media":15805,"comment_status":"open","ping_status":"open","sticky":false,"template":"","format":"standard","meta":{"_monsterinsights_skip_tracking":false,"footnotes":""},"categories":[691,105,83,35],"tags":[],"class_list":["post-28450","post","type-post","status-publish","format-standard","has-post-thumbnail","category-691","category-entresemana","category-moises-sanchez-limon","category-opinion"],"_links":{"self":[{"href":"https:\/\/redsemlac.com\/semmexico\/wp-json\/wp\/v2\/posts\/28450","targetHints":{"allow":["GET"]}}],"collection":[{"href":"https:\/\/redsemlac.com\/semmexico\/wp-json\/wp\/v2\/posts"}],"about":[{"href":"https:\/\/redsemlac.com\/semmexico\/wp-json\/wp\/v2\/types\/post"}],"author":[{"embeddable":true,"href":"https:\/\/redsemlac.com\/semmexico\/wp-json\/wp\/v2\/users\/3"}],"replies":[{"embeddable":true,"href":"https:\/\/redsemlac.com\/semmexico\/wp-json\/wp\/v2\/comments?post=28450"}],"version-history":[{"count":0,"href":"https:\/\/redsemlac.com\/semmexico\/wp-json\/wp\/v2\/posts\/28450\/revisions"}],"wp:featuredmedia":[{"embeddable":true,"href":"https:\/\/redsemlac.com\/semmexico\/wp-json\/wp\/v2\/media\/15805"}],"wp:attachment":[{"href":"https:\/\/redsemlac.com\/semmexico\/wp-json\/wp\/v2\/media?parent=28450"}],"wp:term":[{"taxonomy":"category","embeddable":true,"href":"https:\/\/redsemlac.com\/semmexico\/wp-json\/wp\/v2\/categories?post=28450"},{"taxonomy":"post_tag","embeddable":true,"href":"https:\/\/redsemlac.com\/semmexico\/wp-json\/wp\/v2\/tags?post=28450"}],"curies":[{"name":"wp","href":"https:\/\/api.w.org\/{rel}","templated":true}]}}