{"id":2845,"date":"2018-03-22T06:37:49","date_gmt":"2018-03-22T06:37:49","guid":{"rendered":"https:\/\/redsemlac.com\/semmexico\/?p=2845"},"modified":"2023-07-21T14:30:45","modified_gmt":"2023-07-21T19:30:45","slug":"en-la-entidad-veracruzana-nunca-ha-habido-una-gobernadora","status":"publish","type":"post","link":"https:\/\/redsemlac.com\/semmexico\/en-la-entidad-veracruzana-nunca-ha-habido-una-gobernadora\/","title":{"rendered":"En la entidad veracruzana nunca ha habido una gobernadora"},"content":{"rendered":"\n<p class=\"wp-block-paragraph\"><a href=\"https:\/\/www.semmexico.com\/gallery-post.php?id=4364#\">Ana Alicia Osorio,<\/a><\/p>\n\n\n\n<p class=\"wp-block-paragraph\">SemM\u00e9xico, Veracruz, Ver. 22 marzo 2018. Una mujer y tres hombres se disputar\u00e1n la gubernatura por el estado de Veracruz en las pr\u00f3ximas elecciones.&nbsp;<br><br>Las personas que contender\u00e1n ser\u00e1n Miriam Judith Gonz\u00e1lez Sheridan por el Partido Nueva Alianza, Cuitl\u00e1huac Garc\u00eda Jim\u00e9nez por la alianza Morena- PT-PES, Jos\u00e9 Yunes Zorrilla por el PRI y Miguel \u00c1ngel Yunes M\u00e1rquez por PAN- PRD &#8211; MC.&nbsp;<br><br>En la entidad veracruzana nunca ha habido una gobernadora y apenas en el actual periodo (2016-2018) hubo alternancia en el partido pol\u00edtico que gobierna, pues tradicionalmente hab\u00eda sido el Partido Revolucionario Institucional y actualmente lo hace el Partido Acci\u00f3n Nacional en alianza con el de la Revoluci\u00f3n Democr\u00e1tica.&nbsp;<br><br>La \u00fanica candidata a la gubernatura, ex panista y actualmente abanderada por Nueva Alianza, denunci\u00f3 que ha vivido misoginia en su trayectoria pol\u00edtica y en su aspiraci\u00f3n a ser la primera gobernadora.&nbsp;<br><br>\u201cCuando tom\u00e9 la decisi\u00f3n de buscar la gubernatura de Veracruz me imagin\u00e9 como David contra Goliat, muchos quisieron disuadirme de esta leg\u00edtima aspiraci\u00f3n y me enfrent\u00e9 y me sigo enfrentando a una misoginia atroz dentro de la pol\u00edtica, me dijeron que yo no pod\u00eda hacerlo\u201d, se\u00f1al\u00f3.&nbsp;<br><br>Hasta el momento se han publicado diversas encuestas y trabajos period\u00edsticos, pero en muchos casos Gonz\u00e1lez Sheridan no se encuentra contemplada, a pesar que desde hace varios meses se hab\u00eda registrado como precandidata.&nbsp;<br><br>Tal es el caso de la encuesta de Massive Caller publicada por el peri\u00f3dico El Financiero en enero de este a\u00f1o, donde \u00fanicamente se contempla a los tres candidatos hombres y se arrojan resultados de ellos.&nbsp;<br>Otro ejemplo, son trabajos period\u00edsticos realizado por medios de comunicaci\u00f3n locales, donde se realizan perfiles de los candidatos pero sin mencionar a la abanderada de Nueva Alianza.&nbsp;<br><br>Durante su registro ante el Organismo P\u00fablico Local Electoral, Gonz\u00e1lez Sheridan, hizo un llamado a las candidatas de todos los partidos pol\u00edticos, para que se unan en un pacto de civilidad y buscar un cese a la violencia pol\u00edtica las mujeres.&nbsp;<br><br>\u201cConvoco a las candidatas de todos los partidos por igual a que nos unamos para exigir respeto a nuestra condici\u00f3n de mujer (\u2026) acuerdo de civilidad que garantice la participaci\u00f3n y las condiciones de igualdad\u201d, se\u00f1al\u00f3.&nbsp;<br><br><br>\u00bfQuienes son?&nbsp;<br><br>El abanderado por el PRI, Yunes Zorrilla, es senador con licencia, ha fungido como diputado local y federal y alcalde de Perote.&nbsp;<br><br>Cuitl\u00e1huac Garc\u00eda Jim\u00e9nez en la coalici\u00f3n encabezada por Morena es diputado federal con licencia y es la segunda ocasi\u00f3n que compite por el cargo, al que tambi\u00e9n se postul\u00f3 en 2016.&nbsp;<br><br>El candidato del PAN- MC y PRD, Yunes M\u00e1rquez, es hijo del actual gobernador, ex alcalde de Boca del R\u00edo y ex diputado local.&nbsp;<br>Gonz\u00e1lez Sheridan, quien compite por Nueva Alianza, es ex panista, ex diputada local y ex integrante de la Comisi\u00f3n Especial para el Otorgamiento del Premio de la Mujer Veracruzana en la C\u00e1mara de Diputados.&nbsp;<br><br>SEM\/ao\/gr<\/p>\n","protected":false},"excerpt":{"rendered":"<p>Ana Alicia Osorio, SemM\u00e9xico, Veracruz, Ver. 22 marzo 2018. Una mujer y tres hombres se disputar\u00e1n la gubernatura por el estado de Veracruz en las pr\u00f3ximas elecciones.&nbsp; Las personas que contender\u00e1n ser\u00e1n Miriam Judith Gonz\u00e1lez Sheridan por el Partido Nueva Alianza, Cuitl\u00e1huac Garc\u00eda Jim\u00e9nez por la alianza Morena- PT-PES, Jos\u00e9 Yunes Zorrilla por el PRI [&hellip;]<\/p>\n","protected":false},"author":3,"featured_media":2846,"comment_status":"open","ping_status":"open","sticky":false,"template":"","format":"standard","meta":{"_monsterinsights_skip_tracking":false,"footnotes":""},"categories":[689,33],"tags":[],"class_list":["post-2845","post","type-post","status-publish","format-standard","has-post-thumbnail","category-689","category-elecciones-2018"],"_links":{"self":[{"href":"https:\/\/redsemlac.com\/semmexico\/wp-json\/wp\/v2\/posts\/2845","targetHints":{"allow":["GET"]}}],"collection":[{"href":"https:\/\/redsemlac.com\/semmexico\/wp-json\/wp\/v2\/posts"}],"about":[{"href":"https:\/\/redsemlac.com\/semmexico\/wp-json\/wp\/v2\/types\/post"}],"author":[{"embeddable":true,"href":"https:\/\/redsemlac.com\/semmexico\/wp-json\/wp\/v2\/users\/3"}],"replies":[{"embeddable":true,"href":"https:\/\/redsemlac.com\/semmexico\/wp-json\/wp\/v2\/comments?post=2845"}],"version-history":[{"count":0,"href":"https:\/\/redsemlac.com\/semmexico\/wp-json\/wp\/v2\/posts\/2845\/revisions"}],"wp:featuredmedia":[{"embeddable":true,"href":"https:\/\/redsemlac.com\/semmexico\/wp-json\/wp\/v2\/media\/2846"}],"wp:attachment":[{"href":"https:\/\/redsemlac.com\/semmexico\/wp-json\/wp\/v2\/media?parent=2845"}],"wp:term":[{"taxonomy":"category","embeddable":true,"href":"https:\/\/redsemlac.com\/semmexico\/wp-json\/wp\/v2\/categories?post=2845"},{"taxonomy":"post_tag","embeddable":true,"href":"https:\/\/redsemlac.com\/semmexico\/wp-json\/wp\/v2\/tags?post=2845"}],"curies":[{"name":"wp","href":"https:\/\/api.w.org\/{rel}","templated":true}]}}