{"id":28447,"date":"2020-11-12T20:39:15","date_gmt":"2020-11-12T20:39:15","guid":{"rendered":"https:\/\/redsemlac.com\/semmexico\/?p=28447"},"modified":"2023-07-21T16:38:31","modified_gmt":"2023-07-21T21:38:31","slug":"cuitlahuac-garcia-revictimiza-a-la-alcaldesa-de-jamapa-luego-de-su-asesinato","status":"publish","type":"post","link":"https:\/\/redsemlac.com\/semmexico\/cuitlahuac-garcia-revictimiza-a-la-alcaldesa-de-jamapa-luego-de-su-asesinato\/","title":{"rendered":"Cuitl\u00e1huac Garc\u00eda revictimiza a la alcaldesa de Jamapa luego de su asesinato"},"content":{"rendered":"\n<p class=\"wp-block-paragraph\">*Se fortalece la l\u00ednea de investigaci\u00f3n de su entorno, asegura el gobernador..<\/p>\n\n\n\n<p class=\"wp-block-paragraph\">\/Redacci\u00f3n\/<\/p>\n\n\n\n<p class=\"wp-block-paragraph\">SemM\u00e9xico\/Billie Parker Noticias. Xalapa, Ver 12. noviembre 2020.- En entrevista con Carmen Aristegui el gobernador de Veracruz, Cuitl\u00e1huac Garc\u00eda, presumi\u00f3 una relaci\u00f3n con el crimen organizado de la alcaldesa asesinada en la v\u00edspera, Florisel R\u00edo Delf\u00edn, revictimiz\u00e1ndola.\u00a0<\/p>\n\n\n\n<p class=\"wp-block-paragraph\">\u201cSe dio con el auto de la alcaldesa, lo dejaron abandonado, tuvimos informaci\u00f3n de c\u00f3mo sucedi\u00f3 el hecho, interceptaron el auto, la obligaron a que acompa\u00f1ara a ese comando, presumimos que ella los conoc\u00eda y finalmente la ultiman\u201c, report\u00f3 a Aristegui.&nbsp;<ins><\/ins><\/p>\n\n\n\n<p class=\"wp-block-paragraph\">\u201cLos indicios que se tienen fortalecen al menos una l\u00ednea de investigaci\u00f3n y se han obtenido pruebas importantes que la apuntalan. Tienen que ver con el c\u00edrculo cercano a la alcaldesa, derivado de procesos penales que se han seguido contra servidores y ex servidores p\u00fablicos municipales2, dijo aun cuando a medio d\u00eda en conferencia de prensa en Veracruz matiz\u00f3 al referir que tambi\u00e9n puso haber sido llevada enca\u00f1onada.<\/p>\n\n\n\n<p class=\"wp-block-paragraph\">Posteriormente el mandatario veracruzano ofreci\u00f3 una conferencia de prenda en la capital de Veracruz, luego de protestas de la prensa que alegaban el derecho de la informaci\u00f3n. Tanto en la rueda de medios en Palacio de Gobierno como durante la entrevista el mandatario sostuvo que el s\u00edndico del municipio de su mismo partido) acus\u00f3 actos de corrupci\u00f3n por parte de miembros del cabildo, entre ellos la alcaldesa y su esposo, quien se encuentra pr\u00f3fugo.<ins><\/ins><\/p>\n\n\n\n<p class=\"wp-block-paragraph\">Sostuvo Garc\u00eda Jim\u00e9nez que derivado de esas acusaciones el gobierno ofreci\u00f3 ser intermediario\u201d para que terminara la toma del Palacio Municipal y en el curso de los procedimientos derivaron en \u00f3rdenes de aprehensi\u00f3n, entre ellas contra el ex tesorero y contra el esposo de la alcaldesa que era presidente del DIF municipal.<\/p>\n\n\n\n<p class=\"wp-block-paragraph\">\u201cEsas \u00f3rdenes se ejecutaron recientemente. Una no se pudo ejecutar porque el esposo de la alcaldesa se ocult\u00f3 en el propio Palacio Municipal y utiliz\u00f3 a la polic\u00eda municipal para escabullirse. Esa era la situaci\u00f3n que se daba. Si su marido ten\u00eda orden de aprehensi\u00f3n, ella debi\u00f3 haber actuado como autoridad que era\u201d, sentenci\u00f3.<ins><\/ins><\/p>\n\n\n\n<p class=\"wp-block-paragraph\">Adem\u00e1s, matiz\u00f3 posteriormente. hab\u00eda sospechas de que la polic\u00eda municipal estaba involucrada en actos indebidos, pues hab\u00edan aparecido cuerpos en inmediaciones del municipio e insisti\u00f3 que se le retir\u00f3 el armamento a la polic\u00eda y se le pidi\u00f3 a la alcaldesa que \u201cpusiera en orden a su polic\u00eda\u201d.<\/p>\n\n\n\n<p class=\"wp-block-paragraph\">\u201cLa l\u00ednea de investigaci\u00f3n es en su entorno\u201d enfatiz\u00f3 el gobernante al insistir que no est\u00e1 autorizado para \u201cdecir quien fue\u201d sino que enumera el entorno porque desde dominio p\u00fablico, aun cuando en el caso de un video de un polic\u00eda que incrimin\u00f3 a su familia y funcionarios en cr\u00edmenes de delincuencia , el hombre como se observ\u00f3 estaba siendo torturado y posteriormente fue ejecutado.&nbsp;<\/p>\n\n\n\n<p class=\"wp-block-paragraph\">En cuanto al audio dado a conocer por REFORMA donde Florisel R\u00edo Delf\u00edn rese\u00f1a como estaba en la indefensi\u00f3n cuando su polic\u00eda municipal no ten\u00edan armas, Garc\u00eda Jim\u00e9nez justific\u00f3 la negativa a apoyarla .<ins><\/ins><\/p>\n\n\n\n<p class=\"wp-block-paragraph\">\u201cElla ped\u00eda que cometi\u00e9ramos una ilegalidad: nosotros no podemos darle armas a una polic\u00eda que ella no acredit\u00f3, no digamos que eso fue ayer, ella es alcaldesa desde hace 3 a\u00f1os, tuvo 3 a\u00f1os para armar una polic\u00eda, ponerla en orden, y nosotros entendemos que no lo hizo porque esa polic\u00eda estaba involucrada con la delincuencia organizada, al grado tal que la delincuencia organizada ejecut\u00f3 a su director de polic\u00eda\u201d, expres\u00f3.<\/p>\n\n\n\n<p class=\"wp-block-paragraph\">Tanto en la entrevista como en la conferencia en Xalapa, se deslind\u00f3 de la indefensi\u00f3n en que estaba la alcaldesa y su municipio, responsabilizando al gobierno anterior (de Yunes Linares) de haber desmantelado la estructura policiaca en la zona.&nbsp;<\/p>\n\n\n\n<p class=\"wp-block-paragraph\">\u201cquien quiera que haya sido (quien ejecut\u00f3 a la alcaldesa), no lo vamos a permitir, vamos a ir sobre ellos y vamos a hacer justicia\u201d, concluy\u00f3.<\/p>\n\n\n\n<p class=\"wp-block-paragraph\">*Se conoce como revictimizaci\u00f3n, victimizaci\u00f3n secundaria o doble victimizaci\u00f3n el proceso mediante el cual se produce un sufrimiento a\u00f1adido por parte de instituciones y profesionales encargados de prestar atenci\u00f3n a la v\u00edctima (ya sea de malos tratos o violencia de g\u00e9nero, secuestros, abusos sexuales, etc) a la hora de investigar el delito o instruir las diligencias oportunas en el esclarecimiento de lo ocurrido: jueces, polic\u00edas o abogados entre muchos otros.<\/p>\n","protected":false},"excerpt":{"rendered":"<p>*Se fortalece la l\u00ednea de investigaci\u00f3n de su entorno, asegura el gobernador.. \/Redacci\u00f3n\/ SemM\u00e9xico\/Billie Parker Noticias. Xalapa, Ver 12. noviembre 2020.- En entrevista con Carmen Aristegui el gobernador de Veracruz, Cuitl\u00e1huac Garc\u00eda, presumi\u00f3 una relaci\u00f3n con el crimen organizado de la alcaldesa asesinada en la v\u00edspera, Florisel R\u00edo Delf\u00edn, revictimiz\u00e1ndola.\u00a0 \u201cSe dio con el auto [&hellip;]<\/p>\n","protected":false},"author":3,"featured_media":28448,"comment_status":"open","ping_status":"open","sticky":false,"template":"","format":"standard","meta":{"_monsterinsights_skip_tracking":false,"footnotes":""},"categories":[691,51],"tags":[],"class_list":["post-28447","post","type-post","status-publish","format-standard","has-post-thumbnail","category-691","category-ejecutivo"],"_links":{"self":[{"href":"https:\/\/redsemlac.com\/semmexico\/wp-json\/wp\/v2\/posts\/28447","targetHints":{"allow":["GET"]}}],"collection":[{"href":"https:\/\/redsemlac.com\/semmexico\/wp-json\/wp\/v2\/posts"}],"about":[{"href":"https:\/\/redsemlac.com\/semmexico\/wp-json\/wp\/v2\/types\/post"}],"author":[{"embeddable":true,"href":"https:\/\/redsemlac.com\/semmexico\/wp-json\/wp\/v2\/users\/3"}],"replies":[{"embeddable":true,"href":"https:\/\/redsemlac.com\/semmexico\/wp-json\/wp\/v2\/comments?post=28447"}],"version-history":[{"count":0,"href":"https:\/\/redsemlac.com\/semmexico\/wp-json\/wp\/v2\/posts\/28447\/revisions"}],"wp:featuredmedia":[{"embeddable":true,"href":"https:\/\/redsemlac.com\/semmexico\/wp-json\/wp\/v2\/media\/28448"}],"wp:attachment":[{"href":"https:\/\/redsemlac.com\/semmexico\/wp-json\/wp\/v2\/media?parent=28447"}],"wp:term":[{"taxonomy":"category","embeddable":true,"href":"https:\/\/redsemlac.com\/semmexico\/wp-json\/wp\/v2\/categories?post=28447"},{"taxonomy":"post_tag","embeddable":true,"href":"https:\/\/redsemlac.com\/semmexico\/wp-json\/wp\/v2\/tags?post=28447"}],"curies":[{"name":"wp","href":"https:\/\/api.w.org\/{rel}","templated":true}]}}