{"id":28436,"date":"2020-11-12T20:29:01","date_gmt":"2020-11-12T20:29:01","guid":{"rendered":"https:\/\/redsemlac.com\/semmexico\/?p=28436"},"modified":"2023-07-21T16:38:32","modified_gmt":"2023-07-21T21:38:32","slug":"un-minuto-de-silencio-por-todas-las-victimas-de-violencia-de-genero-el-proximo-25n","status":"publish","type":"post","link":"https:\/\/redsemlac.com\/semmexico\/un-minuto-de-silencio-por-todas-las-victimas-de-violencia-de-genero-el-proximo-25n\/","title":{"rendered":"Un minuto de silencio por todas las v\u00edctimas de violencia de g\u00e9nero el pr\u00f3ximo 25N"},"content":{"rendered":"\n<p class=\"wp-block-paragraph\"><strong>El Observatorio Estatal de Violencia Sobre la Mujer apoya la convocatoria. Tambi\u00e9n sugiere acompa\u00f1ar el minuto con la colocaci\u00f3n de prendas moradas en las ventanas y difundirlo a trav\u00e9s de las redes. Ambas iniciativas tienen como objetivo visibilizar el compromiso y apoyo de la sociedad espa\u00f1ola a las v\u00edctimas de violencia contra las mujeres<\/strong><\/p>\n\n\n\n<p class=\"wp-block-paragraph\">Redacci\u00f3n AmecoPress<\/p>\n\n\n\n<p class=\"wp-block-paragraph\">Madrid, 10 nov. 20. AmecoPress.<em>-El pleno del Observatorio Estatal de Violencia sobre la Mujer ha apoyado la iniciativa de la Delegaci\u00f3n del Gobierno contra la Violencia de G\u00e9nero de convocar un minuto de silencio el 25 de noviembre a las 12 horas, 11 h en Canarias, con motivo del D\u00eda Internacional de la Eliminaci\u00f3n de la Violencia contra las Mujeres.<\/em><\/p>\n\n\n\n<p class=\"wp-block-paragraph\"><a href=\"https:\/\/amecopress.net\/IMG\/jpg\/cartel_25n_alta.jpg\"><\/a><\/p>\n\n\n\n<figure class=\"wp-block-image size-large\"><img loading=\"lazy\" decoding=\"async\" width=\"764\" height=\"502\" src=\"https:\/\/redsemlac.com\/semmexico\/wp-content\/uploads\/2020\/11\/Captura-de-Pantalla-2020-11-12-a-las-14.33.55.png\" alt=\"\" class=\"wp-image-28438\"\/><\/figure>\n\n\n\n<p class=\"wp-block-paragraph\">Debido al contexto de crisis sanitaria y a la dificultad de desarrollar concentraciones como las que estaban sucediendo a\u00f1os anteriores, el Observatorio Estatal de Violencia sobre la Mujer considera que realizar un minuto de silencio es la mejor manera de mostrar y visibilizar el compromiso y apoyo de todas las instituciones y de la sociedad espa\u00f1ola a las mujeres v\u00edctimas de violencia.<\/p>\n\n\n\n<p class=\"wp-block-paragraph\">Adem\u00e1s de esta actuaci\u00f3n, que se llevar\u00e1 a cabo el 25 de noviembre a las 12 horas, 11 en Canarias, el Observatorio ha sugerido acompa\u00f1ar el minuto de silencio con la colocaci\u00f3n de prendas moradas en las ventanas y balcones y difundir las im\u00e1genes con el objetivo de ampliar el impacto.<\/p>\n\n\n\n<p class=\"wp-block-paragraph\">El reconocimiento institucional y social es una forma de reparaci\u00f3n moral y simb\u00f3lica hacia las v\u00edctimas. Se convocar\u00e1 a todas las instituciones y entidades, tanto p\u00fablicas como privadas, a los medios de comunicaci\u00f3n y a la sociedad espa\u00f1ola para sumarse a ambas iniciativas.<\/p>\n\n\n\n<p class=\"wp-block-paragraph\"><strong>Foto: archivo AmecoPress<br>\u2014&nbsp;&#8211;<br>Estado Espa\u00f1ol \u2013 Eventos\u2013 Convocatoria -Feminismo &#8211; Violencia de g\u00e9nero. 10 nov. 20. AmecoPress<\/strong><\/p>\n","protected":false},"excerpt":{"rendered":"<p>El Observatorio Estatal de Violencia Sobre la Mujer apoya la convocatoria. Tambi\u00e9n sugiere acompa\u00f1ar el minuto con la colocaci\u00f3n de prendas moradas en las ventanas y difundirlo a trav\u00e9s de las redes. Ambas iniciativas tienen como objetivo visibilizar el compromiso y apoyo de la sociedad espa\u00f1ola a las v\u00edctimas de violencia contra las mujeres Redacci\u00f3n [&hellip;]<\/p>\n","protected":false},"author":3,"featured_media":28439,"comment_status":"open","ping_status":"open","sticky":false,"template":"","format":"standard","meta":{"_monsterinsights_skip_tracking":false,"footnotes":""},"categories":[691,53],"tags":[],"class_list":["post-28436","post","type-post","status-publish","format-standard","has-post-thumbnail","category-691","category-internacional"],"_links":{"self":[{"href":"https:\/\/redsemlac.com\/semmexico\/wp-json\/wp\/v2\/posts\/28436","targetHints":{"allow":["GET"]}}],"collection":[{"href":"https:\/\/redsemlac.com\/semmexico\/wp-json\/wp\/v2\/posts"}],"about":[{"href":"https:\/\/redsemlac.com\/semmexico\/wp-json\/wp\/v2\/types\/post"}],"author":[{"embeddable":true,"href":"https:\/\/redsemlac.com\/semmexico\/wp-json\/wp\/v2\/users\/3"}],"replies":[{"embeddable":true,"href":"https:\/\/redsemlac.com\/semmexico\/wp-json\/wp\/v2\/comments?post=28436"}],"version-history":[{"count":0,"href":"https:\/\/redsemlac.com\/semmexico\/wp-json\/wp\/v2\/posts\/28436\/revisions"}],"wp:featuredmedia":[{"embeddable":true,"href":"https:\/\/redsemlac.com\/semmexico\/wp-json\/wp\/v2\/media\/28439"}],"wp:attachment":[{"href":"https:\/\/redsemlac.com\/semmexico\/wp-json\/wp\/v2\/media?parent=28436"}],"wp:term":[{"taxonomy":"category","embeddable":true,"href":"https:\/\/redsemlac.com\/semmexico\/wp-json\/wp\/v2\/categories?post=28436"},{"taxonomy":"post_tag","embeddable":true,"href":"https:\/\/redsemlac.com\/semmexico\/wp-json\/wp\/v2\/tags?post=28436"}],"curies":[{"name":"wp","href":"https:\/\/api.w.org\/{rel}","templated":true}]}}