{"id":28433,"date":"2020-11-12T20:25:17","date_gmt":"2020-11-12T20:25:17","guid":{"rendered":"https:\/\/redsemlac.com\/semmexico\/?p=28433"},"modified":"2023-07-21T16:38:32","modified_gmt":"2023-07-21T21:38:32","slug":"mujeres-politicas-y-academicas-se-suman-al-acuerdo-del-ine","status":"publish","type":"post","link":"https:\/\/redsemlac.com\/semmexico\/mujeres-politicas-y-academicas-se-suman-al-acuerdo-del-ine\/","title":{"rendered":"Mujeres, pol\u00edticas y acad\u00e9micas se suman al acuerdo del INE"},"content":{"rendered":"\n<p class=\"wp-block-paragraph\">El Senado manda controversia al TEPJF y dice no es por g\u00e9nero, sino anticonstitucional<\/p>\n\n\n\n<p class=\"wp-block-paragraph\">Consejeras defienden el acuerdo, legal obligar a la paridad en gubernaturas<\/p>\n\n\n\n<p class=\"wp-block-paragraph\">Militantes de Morena piden una candidata para el gobierno de Guerrero.<\/p>\n\n\n\n<p class=\"wp-block-paragraph\">Elda Montiel&nbsp;<\/p>\n\n\n\n<p class=\"wp-block-paragraph\">SemM\u00e9xico. Cd. de M\u00e9xico. 12 noviembre 2020.- Mientras el presidente de la Mesa Directiva del Senado de la Rep\u00fablica, Eduardo Ram\u00edrez Aguilar, informaba que ya hab\u00edan presentado la demanda para impugnar el acuerdo de paridad del Instituto Nacional Electoral por considerarlo inconstitucional y se\u00f1alar qu\u00e9 ser\u00eda el Tribunal Electoral del Poder Judicial de la Federaci\u00f3n&nbsp;TEPJF&nbsp;quien resuelva la controversia, mujeres organizadas y a nivel personal firmaban un Amicus Curiae dirigido al Tribunal a favor de los lineamientos del INE.<\/p>\n\n\n\n<p class=\"wp-block-paragraph\">Con la leyenda Paridad en Todo por internet se fueron sumando las firmas de apoyo \u201cAmicus Curiae\u201d con el #ParidadEnTodo por colectivos\u00a0de mujeres, organizaciones, pol\u00edticas, funcionarias, acad\u00e9micas, periodistas, ciudadanas, dirigido al TEPJF para argumentar a favor de los lineamientos emitidos por el INE que obliga a los partidos postular al menos siete candidatas para garantizar paridad en gubernaturas y en contra de los recursos presentados por diferentes actores.<\/p>\n\n\n\n<p class=\"wp-block-paragraph\">Las consejeras del INE, en un foro organizado por Nosotras Tenemos otros Datos, ratificaron la legalidad del acuerdo para la elecci\u00f3n de candidatas en las gubernaturas. Recordaron el rezago de participaci\u00f3n femenina en los gobiernos estatales.<\/p>\n\n\n\n<p class=\"wp-block-paragraph\">El presidente del Senado, por su parte, insisti\u00f3 en todo momento que la impugnaci\u00f3n no era cuesti\u00f3n de g\u00e9nero y hasta expres\u00f3&nbsp;que ojal\u00e1 en las 15 entidades federativas que renovar\u00e1n gobernador en las pr\u00f3ximas elecciones fueran candidatas las postuladas por los partidos pol\u00edticos para dejar en claro que la controversia es porque el INE no tiene facultades para legislar.&nbsp;<\/p>\n\n\n\n<p class=\"wp-block-paragraph\">Precis\u00f3 que es facultad del Senado de la Rep\u00fablica y de la C\u00e1mara de Diputados, en tanto que el federalismo atiende el derecho que tiene cada una de las entidades, que son quienes regulan a sus \u00f3rganos de poder, el acuerdo del INE habr\u00eda excedido lo establecido en la Constituci\u00f3n, no obstante el INE sostiene que \u00fanicamente cumple lo que est\u00e1 en la constituci\u00f3n, respecto de la paridad total.<\/p>\n\n\n\n<p class=\"wp-block-paragraph\">Sin embargo, rechaz\u00f3 que haya un conflicto pol\u00edtico entre el Senado de la Rep\u00fablica y el Instituto Nacional Electoral, y que, al ser presentado el diferendo, el objetivo es que se garantice y que se cumpla con los principios de la Constituci\u00f3n, y por ello se present\u00f3 este medio de impugnaci\u00f3n, a trav\u00e9s de la Mesa Directiva del Senado de la Rep\u00fablica, insisti\u00f3.&nbsp;&nbsp;<\/p>\n\n\n\n<p class=\"wp-block-paragraph\">El senador Ram\u00edrez Aguilar expreso su confianza en que les sea favorable la sentencia del Tribunal porque en su opini\u00f3n les asiste la raz\u00f3n y la ley, y dio a conocer que ten\u00eda conocimiento que los partidos pol\u00edticos ya estaban haciendo lo propio y que seguramente habr\u00eda m\u00e1s terceros.<\/p>\n\n\n\n<p class=\"wp-block-paragraph\">Cabe recordar que para las elecciones del primer domingo de junio del 2021, estar\u00e1n en las boletas el cambio de 500 legisladores en la C\u00e1mara de Diputados, quince gobiernos de los estados, congresos y presidencias municipales en las entidades.<\/p>\n\n\n\n<p class=\"wp-block-paragraph\"><strong>Mujeres de Guerrero piden a Morena postular a una mujer en la gubernatura<\/strong><\/p>\n\n\n\n<p class=\"wp-block-paragraph\">En el estado de Guerrero, en conferencia de prensa, mujeres del partido de Movimiento Regeneraci\u00f3n Nacional (Morena), pidieron a su partido colocar a una mujer en la contienda para la gubernatura de esa entidad.&nbsp;<\/p>\n\n\n\n<p class=\"wp-block-paragraph\">La<strong>&nbsp;<\/strong>alcaldesa del puerto de Acapulco, Adela Rom\u00e1n Ocampo, destac\u00f3 que Guerrero no ha tenido una gobernadora, no porque no haya mujeres capaces o preparadas para el reto, sino porque no se ha tenido la oportunidad de competir por estos cargos p\u00fablicos.&nbsp;<\/p>\n\n\n\n<p class=\"wp-block-paragraph\">Se expres\u00f3 a favor de la resoluci\u00f3n del INE al considerar que abre la posibilidad para que muchas mujeres en Guerrero, participen, compitan y enfrenten los problemas sociales con perspectiva de g\u00e9nero.&nbsp;<\/p>\n\n\n\n<p class=\"wp-block-paragraph\">Asimismo, condeno la posici\u00f3n del Senado de la Republica de impugnar el lineamiento que obliga a los partidos pol\u00edticos a postular por lo menos 7 candidatas para la renovaci\u00f3n de 15 gubernaturas.&nbsp;<\/p>\n\n\n\n<p class=\"wp-block-paragraph\">Se pronunci\u00f3 en contra de cualquier represi\u00f3n que se dirija a atacar o cuestionar la resoluci\u00f3n del organismo electoral que obliga a los partidos pol\u00edticos seleccionar por lo menos siete candidatas para las 15 gubernaturas en contienda para el 2021.&nbsp;<\/p>\n\n\n\n<p class=\"wp-block-paragraph\">Tras mencionar que el pr\u00f3ximo 15 de noviembre Morena realizar\u00e1 una encuesta por g\u00e9nero para seleccionar a la posible candidata se\u00f1al\u00f3 que a ella no la tomaban en cuenta por esa cultura patriarcal y machista en la que s\u00f3lo el hombre aparece y en donde las mujeres se les ha discriminado.&nbsp;<\/p>\n\n\n\n<p class=\"wp-block-paragraph\">Como ejemplo de su gesti\u00f3n se\u00f1al\u00f3 que \u201cen un estado como Guerrero, con violencia les pongo de ejemplo a Acapulco, est\u00e1bamos en los primeros tres lugares a nivel nacional en violencia, \u00e9ramos referente nacional e internacional y (ahora) estamos en el n\u00famero 20 y hasta 26 nos clasifican\u201d.&nbsp;<\/p>\n\n\n\n<p class=\"wp-block-paragraph\"><strong>Las Consejeras del INE<\/strong><\/p>\n\n\n\n<p class=\"wp-block-paragraph\">En tanto el INE reiteraba su compromiso con un pa\u00eds paritario y libre de violencia pol\u00edtica en contra de las mujeres en voz de las Consejeras Carla Humphey, Adriana Favela, Claudia Zavala y Dania Ravel quienes participaron en la plataforma Nosotras tenemos otros Datos.<\/p>\n\n\n\n<p class=\"wp-block-paragraph\">Dania Ravel precis\u00f3 que el&nbsp;INE no est\u00e1 legislando, da operatividad a una norma que ya existe y est\u00e1 establecida en la Carta Magna, y que no puede ser letra muerta.<\/p>\n\n\n\n<p class=\"wp-block-paragraph\">Apunto que desde que se reconoci\u00f3 el derecho de las mujeres a votar y ser votadas, 351 personas han sido electas para ocupar las gubernaturas y el 98 por ciento, han sido hombres. Que en 25 entidades federativas nunca se ha tenido a una gobernadora, porque los partidos pol\u00edticos no las postulan.<\/p>\n\n\n\n<p class=\"wp-block-paragraph\">Mostr\u00f3 que de 2015 a 2019 se registraron 224 candidaturas, de las cuales, s\u00f3lo 41 fueron para mujeres, es decir el 18 por ciento, mientras que para la elecci\u00f3n a la gubernatura de Puebla el a\u00f1o pasado, los partidos pol\u00edticos no postularon a una sola mujer.<\/p>\n\n\n\n<p class=\"wp-block-paragraph\">Reconoci\u00f3 que este avance se logr\u00f3 gracias a que hay m\u00e1s mujeres que conforman el Consejo General del INE y record\u00f3 que cada partido pol\u00edtico nacional y local tiene que determinar y hacer p\u00fablicos los criterios aplicables para garantizar la paridad de g\u00e9nero en la selecci\u00f3n de sus candidaturas a las 15 gubernaturas, a m\u00e1s tardar el 15 de diciembre de este a\u00f1o.<\/p>\n\n\n\n<p class=\"wp-block-paragraph\">Durante \u201cEl marat\u00f3n por los Derechos Pol\u00edticos y electorales de las Mujeres\u201d la Consejera Electoral Carla Humphrey, presidenta de la Comisi\u00f3n de Igualdad de G\u00e9nero y no Discriminaci\u00f3n del organismo electoral enfatiz\u00f3&nbsp;que, gracias al principio de paridad incorporado en 2014 a la Constituci\u00f3n mexicana, ya se logr\u00f3 la primera legislatura de la paridad.<\/p>\n\n\n\n<p class=\"wp-block-paragraph\">Explic\u00f3 que el Consejo General s\u00f3lo estableci\u00f3 reglas para operar esta obligatoriedad e hizo votos para que los colectivos de mujeres logren que ning\u00fan partido pol\u00edtico impugne estas medidas y que al menos siete mujeres sean postuladas como candidatas a las gubernaturas en las pr\u00f3ximas elecciones.<\/p>\n\n\n\n<p class=\"wp-block-paragraph\">Adriana Favela precis\u00f3 que la normatividad que ha emitido el INE es para los partidos pol\u00edticos, porque son el veh\u00edculo para que se haga una realidad y tocar\u00e1 a los Organismos P\u00fablicos Locales Electorales vigilar la implementaci\u00f3n, que se registre a mujeres en las candidaturas a las gubernaturas e incluso sancionar a quien incumpla la norma.<\/p>\n\n\n\n<p class=\"wp-block-paragraph\">Record\u00f3 que las mujeres que denuncian son mal vistas al interior de su propio partido, por lo que tambi\u00e9n se cuenta con un Registro Nacional de Personas Sancionadas en Materia de Violencia Pol\u00edtica Contra las Mujeres en Raz\u00f3n de G\u00e9nero y para que funcione es importante que las mujeres puedan denunciar y recibir asesor\u00eda legal para que tengan un resultado favorable.<\/p>\n\n\n\n<p class=\"wp-block-paragraph\">La consejera Claudia Zavala consider\u00f3 necesario acompa\u00f1ar a las mujeres pol\u00edticas para que ejerzan sus derechos pol\u00edticos libres de violencia. Consider\u00f3 que la sociedad civil y autoridades debemos construir un frente ante las problem\u00e1ticas que van a enfrentar quienes busquen contender por una gubernatura, y en ese sentido el INE y los OPL, son el primer contacto en las medidas de protecci\u00f3n y las medidas cautelares.<\/p>\n\n\n\n<p class=\"wp-block-paragraph\">No queremos personas que nos representen que sean violentadores, acosadores, que hayan cometido delitos sexuales, que tengan deudas alimentarias o que se deshagan de sus responsabilidades y en eso est\u00e1 comprometido el INE, en una sociedad libre de violencia.<\/p>\n\n\n\n<p class=\"wp-block-paragraph\">En el Marat\u00f3n participaron Patricia Olamendi, de la Red de Seguridad, Justicia y Paz y de # Nosotras Tenemos Otros Datos; las diputadas Lorena Villavicencio, Guadalupe Almaguer y Martha Tagle; Ana F\u00e1tima L\u00f3pez, de la Red de Abogadas y la activista Yndira Sandoval.<\/p>\n","protected":false},"excerpt":{"rendered":"<p>El Senado manda controversia al TEPJF y dice no es por g\u00e9nero, sino anticonstitucional Consejeras defienden el acuerdo, legal obligar a la paridad en gubernaturas Militantes de Morena piden una candidata para el gobierno de Guerrero. Elda Montiel&nbsp; SemM\u00e9xico. Cd. de M\u00e9xico. 12 noviembre 2020.- Mientras el presidente de la Mesa Directiva del Senado de [&hellip;]<\/p>\n","protected":false},"author":3,"featured_media":28434,"comment_status":"open","ping_status":"open","sticky":false,"template":"","format":"standard","meta":{"_monsterinsights_skip_tracking":false,"footnotes":""},"categories":[691,54],"tags":[],"class_list":["post-28433","post","type-post","status-publish","format-standard","has-post-thumbnail","category-691","category-mujeres"],"_links":{"self":[{"href":"https:\/\/redsemlac.com\/semmexico\/wp-json\/wp\/v2\/posts\/28433","targetHints":{"allow":["GET"]}}],"collection":[{"href":"https:\/\/redsemlac.com\/semmexico\/wp-json\/wp\/v2\/posts"}],"about":[{"href":"https:\/\/redsemlac.com\/semmexico\/wp-json\/wp\/v2\/types\/post"}],"author":[{"embeddable":true,"href":"https:\/\/redsemlac.com\/semmexico\/wp-json\/wp\/v2\/users\/3"}],"replies":[{"embeddable":true,"href":"https:\/\/redsemlac.com\/semmexico\/wp-json\/wp\/v2\/comments?post=28433"}],"version-history":[{"count":0,"href":"https:\/\/redsemlac.com\/semmexico\/wp-json\/wp\/v2\/posts\/28433\/revisions"}],"wp:featuredmedia":[{"embeddable":true,"href":"https:\/\/redsemlac.com\/semmexico\/wp-json\/wp\/v2\/media\/28434"}],"wp:attachment":[{"href":"https:\/\/redsemlac.com\/semmexico\/wp-json\/wp\/v2\/media?parent=28433"}],"wp:term":[{"taxonomy":"category","embeddable":true,"href":"https:\/\/redsemlac.com\/semmexico\/wp-json\/wp\/v2\/categories?post=28433"},{"taxonomy":"post_tag","embeddable":true,"href":"https:\/\/redsemlac.com\/semmexico\/wp-json\/wp\/v2\/tags?post=28433"}],"curies":[{"name":"wp","href":"https:\/\/api.w.org\/{rel}","templated":true}]}}