{"id":28426,"date":"2020-11-12T18:48:43","date_gmt":"2020-11-12T18:48:43","guid":{"rendered":"https:\/\/redsemlac.com\/semmexico\/?p=28426"},"modified":"2023-07-21T16:38:32","modified_gmt":"2023-07-21T21:38:32","slug":"profesoras-agreden-a-reporteras-en-guerrero","status":"publish","type":"post","link":"https:\/\/redsemlac.com\/semmexico\/profesoras-agreden-a-reporteras-en-guerrero\/","title":{"rendered":"Agreden disidentes del magisterio a periodistas"},"content":{"rendered":"\n<p class=\"wp-block-paragraph\">Comunicadoras agredidas advierten a la Coordinadora que es la \u00faltima vez que las agreden&nbsp;<\/p>\n\n\n\n<p class=\"wp-block-paragraph\">Josefina Aguilar Pastor<\/p>\n\n\n\n<p class=\"wp-block-paragraph\">SemM\u00e9xico.Chilpancingo, Guerrero; 12 de noviembre de 2020. Periodistas de la capital del estado, reprobaron y condenaron la agresi\u00f3n f\u00edsica y verbal por parte de profesoras de la Coordinadora Estatal de Trabajadores de la Educaci\u00f3n Guerrero (CETEG), en contra de reporteras.<\/p>\n\n\n\n<p class=\"wp-block-paragraph\">Mar\u00eda Avil\u00e9s y Beatriz Garc\u00eda, trabajadoras de dos medios locales, fueron agredidas este mi\u00e9rcoles, por profesoras cetegistas, al realizar una cobertura de la protestas que realizaban en la colonia Villa Lucerna.<\/p>\n\n\n\n<p class=\"wp-block-paragraph\">Mar\u00eda Avil\u00e9s, narr\u00f3 que un grupo de supuestas docentes, trataron de arrebatarle su tel\u00e9fono celular, adem\u00e1s de empujarla y jalonearla cuando hacia la cobertura, supuestamente, para impedir que tomara fotos y grabara los estropicios que estaban ocasionando a un edificio particular, donde la Secretar\u00eda de Educaci\u00f3n Guerrero, (SEG) renta como oficinas alternas.<\/p>\n\n\n\n<p class=\"wp-block-paragraph\">Beatriz Garc\u00eda, dijo, que le impidieron el paso y la empujaron para que no entrara al edificio, en tanto, gritaban \u201cdet\u00e9nganla, det\u00e9nganla, ah\u00ed va otra, que no tome fotos\u201d.<\/p>\n\n\n\n<p class=\"wp-block-paragraph\">\u201cSent\u00ed que me iban a golpear, de verdad se nos vinieron encima, yo vio todo como le hicieron a la compa\u00f1era Mari\u201d, comparti\u00f3 Beatriz Garc\u00eda.<\/p>\n\n\n\n<p class=\"wp-block-paragraph\">Tras calmarse los \u00e1nimos, los l\u00edderes cetegistas, trataron de justificar las agresiones \u201cpor estr\u00e9s\u201d, de las supuestas docentes, quienes dijeron, han venido participando en la lucha magisterial, desde hacer semanas, lo que las ha sometido a un constante estr\u00e9s, argumentaron.<\/p>\n\n\n\n<p class=\"wp-block-paragraph\">En respuesta, comunicadores de distintos medios de comunicaci\u00f3n, se trasladaron a la sede de la CETEG, ubicada en la colonia bur\u00f3cratas, al sur de Chilpancingo, donde fijaron una postura, en la que dejaron claro que no permitir\u00e1n una agresi\u00f3n m\u00e1s en contra de ning\u00fan periodista.<\/p>\n\n\n\n<p class=\"wp-block-paragraph\">Reclamaron que los periodistas, han dado una amplia cobertura a las actividades que realiza el magisterio disidente, a la hora que son convocados, sin condici\u00f3n alguna, solo con el inter\u00e9s de cubrir de manera period\u00edstica los hechos, y no merecen el trato que dan, luego de que en m\u00e1s de una ocasi\u00f3n, otros comunicadores han sido agredidos de la misma manera, quit\u00e1ndoles sus herramientas de trabajo, como c\u00e1maras fotogr\u00e1ficas y celulares.<\/p>\n\n\n\n<p class=\"wp-block-paragraph\">Aun en el mismo momento de fijar postura, hubo un supuesto trabajador de la educaci\u00f3n que intento callar la protesta de los reporteros, quienes puntualizaron que no caer\u00edan en provocaciones y solo fijaron postura de no permitir una agresi\u00f3n m\u00e1s.<\/p>\n\n\n\n<p class=\"wp-block-paragraph\">\u201cCoordinadora, represora\u201d, \u201cni una m\u00e1s, ni una m\u00e1s ni una agresi\u00f3n m\u00e1s\u201d, espetaron los comunicadores, quienes quemaron al final de la protesta, algunas cartulinas en la entrada de las oficinas de la CETEG.<\/p>\n","protected":false},"excerpt":{"rendered":"<p>Comunicadoras agredidas advierten a la Coordinadora que es la \u00faltima vez que las agreden&nbsp; Josefina Aguilar Pastor SemM\u00e9xico.Chilpancingo, Guerrero; 12 de noviembre de 2020. Periodistas de la capital del estado, reprobaron y condenaron la agresi\u00f3n f\u00edsica y verbal por parte de profesoras de la Coordinadora Estatal de Trabajadores de la Educaci\u00f3n Guerrero (CETEG), en contra [&hellip;]<\/p>\n","protected":false},"author":3,"featured_media":28427,"comment_status":"open","ping_status":"open","sticky":false,"template":"","format":"standard","meta":{"_monsterinsights_skip_tracking":false,"footnotes":""},"categories":[691,55],"tags":[],"class_list":["post-28426","post","type-post","status-publish","format-standard","has-post-thumbnail","category-691","category-periodistas"],"_links":{"self":[{"href":"https:\/\/redsemlac.com\/semmexico\/wp-json\/wp\/v2\/posts\/28426","targetHints":{"allow":["GET"]}}],"collection":[{"href":"https:\/\/redsemlac.com\/semmexico\/wp-json\/wp\/v2\/posts"}],"about":[{"href":"https:\/\/redsemlac.com\/semmexico\/wp-json\/wp\/v2\/types\/post"}],"author":[{"embeddable":true,"href":"https:\/\/redsemlac.com\/semmexico\/wp-json\/wp\/v2\/users\/3"}],"replies":[{"embeddable":true,"href":"https:\/\/redsemlac.com\/semmexico\/wp-json\/wp\/v2\/comments?post=28426"}],"version-history":[{"count":0,"href":"https:\/\/redsemlac.com\/semmexico\/wp-json\/wp\/v2\/posts\/28426\/revisions"}],"wp:featuredmedia":[{"embeddable":true,"href":"https:\/\/redsemlac.com\/semmexico\/wp-json\/wp\/v2\/media\/28427"}],"wp:attachment":[{"href":"https:\/\/redsemlac.com\/semmexico\/wp-json\/wp\/v2\/media?parent=28426"}],"wp:term":[{"taxonomy":"category","embeddable":true,"href":"https:\/\/redsemlac.com\/semmexico\/wp-json\/wp\/v2\/categories?post=28426"},{"taxonomy":"post_tag","embeddable":true,"href":"https:\/\/redsemlac.com\/semmexico\/wp-json\/wp\/v2\/tags?post=28426"}],"curies":[{"name":"wp","href":"https:\/\/api.w.org\/{rel}","templated":true}]}}