{"id":28421,"date":"2020-11-11T20:36:12","date_gmt":"2020-11-11T20:36:12","guid":{"rendered":"https:\/\/redsemlac.com\/semmexico\/?p=28421"},"modified":"2023-07-21T16:38:32","modified_gmt":"2023-07-21T21:38:32","slug":"proponen-armonizar-ley-olimpia-en-hidalgo","status":"publish","type":"post","link":"https:\/\/redsemlac.com\/semmexico\/proponen-armonizar-ley-olimpia-en-hidalgo\/","title":{"rendered":"Proponen armonizar Ley Olimpia en Hidalgo"},"content":{"rendered":"\n<p class=\"wp-block-paragraph\"><strong>Ignacio Garc\u00eda\u00a0\u00a0<\/strong><\/p>\n\n\n\n<p class=\"wp-block-paragraph\">SemM\u00e9xico. Hidalgo. 11 de noviembre de 2020.- La coordinadora del grupo legislativo del Partido Revolucionario Institucional (PRI) en el Congreso local, Mar\u00eda Luisa P\u00e9rez Perusqu\u00eda, propuso armonizar la Ley Olimpia en el estado para que se contemple el delito de violaci\u00f3n a la intimidad sexual.<\/p>\n\n\n\n<p class=\"wp-block-paragraph\">La legisladora pri\u00edsta dijo que la propuesta contempla una reforma a la Ley de Acceso de las Mujeres Libres de Violencia y el C\u00f3digo Penal del estado, y propone penas de tres a seis a\u00f1os de prisi\u00f3n y una multa de entre 500 y mil veces el valor de la Unidad de Medida y Actualizaci\u00f3n (UMA).<\/p>\n\n\n\n<p class=\"wp-block-paragraph\">De acuerdo con P\u00e9rez Perusqu\u00eda, se considerar\u00e1n punibles las acciones de grabar audios o videos con contenido \u00edntimo sexual de una persona sin su consentimiento, as\u00ed como tomar fotograf\u00edas y elaborar o imprimir im\u00e1genes \u00edntimas, ya que record\u00f3 que ese material difundido de forma dolosa hipersexualiza y cosifica sexualmente a las ni\u00f1as y mujeres.<\/p>\n\n\n\n<p class=\"wp-block-paragraph\">Agreg\u00f3 que las personas que difunden estos materiales utilizan distintas plataformas digitales, computadoras o tel\u00e9fonos celulares en los que publican im\u00e1genes que atentan directamente contra la dignidad humana, ya que marca a las v\u00edctimas en el estrato social, afectando sus vidas de forma emocional y psicol\u00f3gica.<\/p>\n\n\n\n<p class=\"wp-block-paragraph\">Dijo que las tecnolog\u00edas de la informaci\u00f3n han sido utilizadas en perjuicio de las mujeres por la falta de controles legales y sociales, as\u00ed como medidas de seguridad y un sistema de justicia que facilite la persecuci\u00f3n del comportamiento criminal en l\u00ednea.<\/p>\n\n\n\n<p class=\"wp-block-paragraph\">Reconoci\u00f3 que no existe un marco legal que tipifique este tipo de conductas, por lo que consider\u00f3 que el Congreso local debe atender esas necesidades para evitar que esos hechos permanezcan en la impunidad en agravio para las mujeres<\/p>\n","protected":false},"excerpt":{"rendered":"<p>En Hidalgo no existe un marco legal que tipifique como delito violencia digital.<\/p>\n","protected":false},"author":3,"featured_media":28422,"comment_status":"open","ping_status":"open","sticky":false,"template":"","format":"standard","meta":{"_monsterinsights_skip_tracking":false,"footnotes":""},"categories":[691,50],"tags":[],"class_list":["post-28421","post","type-post","status-publish","format-standard","has-post-thumbnail","category-691","category-congreso"],"_links":{"self":[{"href":"https:\/\/redsemlac.com\/semmexico\/wp-json\/wp\/v2\/posts\/28421","targetHints":{"allow":["GET"]}}],"collection":[{"href":"https:\/\/redsemlac.com\/semmexico\/wp-json\/wp\/v2\/posts"}],"about":[{"href":"https:\/\/redsemlac.com\/semmexico\/wp-json\/wp\/v2\/types\/post"}],"author":[{"embeddable":true,"href":"https:\/\/redsemlac.com\/semmexico\/wp-json\/wp\/v2\/users\/3"}],"replies":[{"embeddable":true,"href":"https:\/\/redsemlac.com\/semmexico\/wp-json\/wp\/v2\/comments?post=28421"}],"version-history":[{"count":0,"href":"https:\/\/redsemlac.com\/semmexico\/wp-json\/wp\/v2\/posts\/28421\/revisions"}],"wp:featuredmedia":[{"embeddable":true,"href":"https:\/\/redsemlac.com\/semmexico\/wp-json\/wp\/v2\/media\/28422"}],"wp:attachment":[{"href":"https:\/\/redsemlac.com\/semmexico\/wp-json\/wp\/v2\/media?parent=28421"}],"wp:term":[{"taxonomy":"category","embeddable":true,"href":"https:\/\/redsemlac.com\/semmexico\/wp-json\/wp\/v2\/categories?post=28421"},{"taxonomy":"post_tag","embeddable":true,"href":"https:\/\/redsemlac.com\/semmexico\/wp-json\/wp\/v2\/tags?post=28421"}],"curies":[{"name":"wp","href":"https:\/\/api.w.org\/{rel}","templated":true}]}}