{"id":28418,"date":"2020-11-11T20:31:16","date_gmt":"2020-11-11T20:31:16","guid":{"rendered":"https:\/\/redsemlac.com\/semmexico\/?p=28418"},"modified":"2023-07-21T16:38:32","modified_gmt":"2023-07-21T21:38:32","slug":"aumenta-uso-de-las-redes-sociales-para-reclutar-a-mujeres-y-ninas-con-fines-de-explotacion-sexual-en-la-pandemia","status":"publish","type":"post","link":"https:\/\/redsemlac.com\/semmexico\/aumenta-uso-de-las-redes-sociales-para-reclutar-a-mujeres-y-ninas-con-fines-de-explotacion-sexual-en-la-pandemia\/","title":{"rendered":"Aumenta uso de las redes sociales para reclutar a mujeres y ni\u00f1as con fines de explotaci\u00f3n sexual en la pandemia"},"content":{"rendered":"\n<p class=\"wp-block-paragraph\"><strong>Redacci\u00f3n<\/strong>\u00a0<\/p>\n\n\n\n<p class=\"wp-block-paragraph\">SemM\u00e9xico\/ Noticias ONU. 11 de noviembre de 2020.- El Comit\u00e9 para la Eliminaci\u00f3n de la Discriminaci\u00f3n de la Mujer (CEDAW) afirm\u00f3 este mi\u00e9rcoles que las mujeres y las ni\u00f1as siguen cont\u00e1ndose entre las principales v\u00edctimas de trata en el mundo y destac\u00f3 el creciente uso de las redes sociales para reclutarlas en el contexto de la pandemia de COVID-19.<\/p>\n\n\n\n<p class=\"wp-block-paragraph\">Las y los&nbsp;&nbsp;expertos de ese grupo indicaron que las leyes y pol\u00edticas nacionales e internacionales contra el tr\u00e1fico de personas resultan insuficientes para detener ese delito, particularmente cuando se extiende de los medios convencionales al espacio virtual.<\/p>\n\n\n\n<p class=\"wp-block-paragraph\">Explicaron que los traficantes se valen de las redes sociales y las aplicaciones de mensajer\u00eda para acceder a sus posibles v\u00edctimas y reclutarlas para luego explotarlas sexualmente en el caso de las mujeres y las ni\u00f1as.<\/p>\n\n\n\n<p class=\"wp-block-paragraph\">El comit\u00e9&nbsp;&nbsp;consider\u00f3 \u201calarmante\u201d el papel que los medios digitales en esos reclutamientos durante los periodos de confinamiento debidos a la pandemia, cuando los traficantes no han podido llegar hasta sus posibles presas con sus m\u00e9todos tradicionales, que implican un contacto m\u00e1s directo y personal.<\/p>\n\n\n\n<p class=\"wp-block-paragraph\">\u201cLa pandemia ha revelado la urgencia de analizar el uso de la tecnolog\u00eda digital en la trata y de c\u00f3mo aprovechar esa tecnolog\u00eda para combatir el delito\u201d, dijo Dalia Leinarte, integrante del comit\u00e9 y encargada de redactar las recomendaciones generales para hacer frente al fen\u00f3meno.<\/p>\n\n\n\n<p class=\"wp-block-paragraph\"><strong>Controles mitigantes del riesgo<\/strong><\/p>\n\n\n\n<p class=\"wp-block-paragraph\">Las expertas dirigieron a las compa\u00f1\u00edas de redes sociales y mensajer\u00eda un llamado a implementar controles para mitigar el riesgo de exposici\u00f3n de las mujeres y las ni\u00f1as a la trata y la explotaci\u00f3n sexual. Tambi\u00e9n les pidieron que usen sus datos para identificar a los traficantes y a los individuos ligados a la demanda de mujeres y ni\u00f1as. Combatir la trata implica desalentar la demanda, se\u00f1alaron.<\/p>\n\n\n\n<p class=\"wp-block-paragraph\">A los gobiernos, por otro lado, los conminaron a abordar las causas que empujan a las mujeres y las ni\u00f1as a caer en situaciones de alta vulnerabilidad.<\/p>\n\n\n\n<p class=\"wp-block-paragraph\">En este sentido, consideraron que los Estados deben movilizar recursos p\u00fablicos y fortalecer los servicios en las \u00e1reas que apoyan el alcance de la igualdad de g\u00e9nero, la promoci\u00f3n de los derechos de las mujeres y las ni\u00f1as y el respaldo del desarrollo sostenible para reducir los factores de riesgo que propician la trata.<\/p>\n\n\n\n<p class=\"wp-block-paragraph\"><strong>Discriminaci\u00f3n asociada al g\u00e9nero<\/strong><\/p>\n\n\n\n<p class=\"wp-block-paragraph\">El Comit\u00e9 asever\u00f3 que entre los problemas fundamentales se cuentan la discriminaci\u00f3n con base en el g\u00e9nero, lo que incluye injusticias socioecon\u00f3micas en los pa\u00edses de origen de las mujeres y las ni\u00f1as; las pol\u00edticas migratorias y los sistemas de asilo con sesgos de g\u00e9nero en los pa\u00edses extranjeros; y los conflictos y emergencias humanitarias.<\/p>\n\n\n\n<p class=\"wp-block-paragraph\">Dalia Leinarte sostuvo que \u201cla trata es un crimen de g\u00e9nero muy vinculado a la explotaci\u00f3n sexual\u201d y subray\u00f3 que los Estados deben crear las condiciones propicias para asegurar que las mujeres y las ni\u00f1as \u201csean libres del peligro de la trata\u201d.<\/p>\n\n\n\n<p class=\"wp-block-paragraph\">Los expertos instaron a elaborar pol\u00edticas p\u00fablicas que otorguen autonom\u00eda y acceso equitativo de las mujeres y las ni\u00f1as a la educaci\u00f3n y el empleo.<\/p>\n\n\n\n<p class=\"wp-block-paragraph\">\u201cGarantizar la participaci\u00f3n completa, efectiva y sustantiva en todos los niveles de la toma de decisiones que busquen prevenir o combatir la trata de las mujeres y las ni\u00f1as, en especial de las v\u00edctimas, de las comunidades afectadas por ese delito y de las personas en riesgo de sufrir ese lastre\u201d, es una de las recomendaciones del Comit\u00e9, que tambi\u00e9n solicita esa participaci\u00f3n en el dise\u00f1o de respuestas al delito con base en el g\u00e9nero y derechos humanos.<\/p>\n\n\n\n<p class=\"wp-block-paragraph\"><strong>Erradicaci\u00f3n de los valores patriarcales<\/strong><\/p>\n\n\n\n<p class=\"wp-block-paragraph\">Otra recomendaci\u00f3n es la erradicaci\u00f3n de las normas y valores patriarcales formalizados en las leyes que facilitan el tr\u00e1fico de ni\u00f1os y los matrimonios forzados de menores de edad. \u201cSe deben adoptar medidas para evitar que las familias acepten los matrimonios indefinidos o temporales de sus hijas a cambio de dinero\u201d, apuntaron, recordando que el llamado \u201cd\u00e9ficit de mujeres\u201d debido a las pol\u00edticas de planificaci\u00f3n familiar de algunos pa\u00edses ha exacerbado esa situaci\u00f3n.<\/p>\n\n\n\n<p class=\"wp-block-paragraph\">Asimismo, pugnaron por pol\u00edticas migratorias seguras, que respondan y protejan a las mujeres y ni\u00f1as migrantes. Y en el caso de los desplazamientos internos de poblaci\u00f3n por conflictos o emergencias, abogaron por sistemas de protecci\u00f3n y asistencia amplia a esos sectores.<\/p>\n\n\n\n<p class=\"wp-block-paragraph\">En este sentido, resaltaron la necesidad de establecer un sistema para reportar presuntos casos de tr\u00e1fico de personas observados en las inspecciones laborales sin que esto afecte a las v\u00edctimas por su condici\u00f3n migratoria, adem\u00e1s de llamar a que se les permita el acceso a todos los servicios p\u00fablicos sin temor a ser denunciadas por su estatus migratorio.<\/p>\n\n\n\n<p class=\"wp-block-paragraph\">De acuerdo con el Comit\u00e9, el combate de la trata de mujeres y ni\u00f1as en el marco migratorio global requiere de un mayor compromiso y medidas de protecci\u00f3n derivadas de las leyes internacionales humanitarias, de refugiados, penales y laborales.<\/p>\n","protected":false},"excerpt":{"rendered":"<p>Los traficantes se valen de las redes sociales y las aplicaciones de mensajer\u00eda para acceder a sus posibles v\u00edctimas y reclutarlas para luego explotarlas sexualmente <\/p>\n","protected":false},"author":3,"featured_media":28419,"comment_status":"open","ping_status":"open","sticky":false,"template":"","format":"standard","meta":{"_monsterinsights_skip_tracking":false,"footnotes":""},"categories":[691,53],"tags":[],"class_list":["post-28418","post","type-post","status-publish","format-standard","has-post-thumbnail","category-691","category-internacional"],"_links":{"self":[{"href":"https:\/\/redsemlac.com\/semmexico\/wp-json\/wp\/v2\/posts\/28418","targetHints":{"allow":["GET"]}}],"collection":[{"href":"https:\/\/redsemlac.com\/semmexico\/wp-json\/wp\/v2\/posts"}],"about":[{"href":"https:\/\/redsemlac.com\/semmexico\/wp-json\/wp\/v2\/types\/post"}],"author":[{"embeddable":true,"href":"https:\/\/redsemlac.com\/semmexico\/wp-json\/wp\/v2\/users\/3"}],"replies":[{"embeddable":true,"href":"https:\/\/redsemlac.com\/semmexico\/wp-json\/wp\/v2\/comments?post=28418"}],"version-history":[{"count":0,"href":"https:\/\/redsemlac.com\/semmexico\/wp-json\/wp\/v2\/posts\/28418\/revisions"}],"wp:featuredmedia":[{"embeddable":true,"href":"https:\/\/redsemlac.com\/semmexico\/wp-json\/wp\/v2\/media\/28419"}],"wp:attachment":[{"href":"https:\/\/redsemlac.com\/semmexico\/wp-json\/wp\/v2\/media?parent=28418"}],"wp:term":[{"taxonomy":"category","embeddable":true,"href":"https:\/\/redsemlac.com\/semmexico\/wp-json\/wp\/v2\/categories?post=28418"},{"taxonomy":"post_tag","embeddable":true,"href":"https:\/\/redsemlac.com\/semmexico\/wp-json\/wp\/v2\/tags?post=28418"}],"curies":[{"name":"wp","href":"https:\/\/api.w.org\/{rel}","templated":true}]}}