{"id":28413,"date":"2020-11-11T17:27:38","date_gmt":"2020-11-11T17:27:38","guid":{"rendered":"https:\/\/redsemlac.com\/semmexico\/?p=28413"},"modified":"2023-07-21T16:38:32","modified_gmt":"2023-07-21T21:38:32","slug":"comando-armado-asesina-a-la-alcaldesa-de-jamapa-florisel-rios","status":"publish","type":"post","link":"https:\/\/redsemlac.com\/semmexico\/comando-armado-asesina-a-la-alcaldesa-de-jamapa-florisel-rios\/","title":{"rendered":"Comando armado asesina a la alcaldesa de Jamapa, Florisel R\u00edos"},"content":{"rendered":"\n<p class=\"wp-block-paragraph\"><strong>Ana Alicia Osorio\u00a0<\/strong><\/p>\n\n\n\n<p class=\"wp-block-paragraph\">SemM\u00e9xico. Veracruz. 11 de noviembre de 2020.- Esta ma\u00f1ana un comando armado asesin\u00f3 a Florisel R\u00edos, alcaldesa de Jamapa, Veracruz. El asesinato fue confirmado por la Secretar\u00eda de Seguridad P\u00fablica a trav\u00e9s de un bolet\u00edn, en el que se\u00f1alaron que se realizan trabajos de vigilancia.<\/p>\n\n\n\n<p class=\"wp-block-paragraph\">\u201cAgentes de la Polic\u00eda Estatal se encuentran en la zona efectuando trabajos de vigilancia por aire y tierra; bajo estricto apego a los protocolos establecidos, los elementos han instalado filtros de revisi\u00f3n en diversos puntos carreteros, as\u00ed como de la cabecera municipal\u201d, se\u00f1ala el bolet\u00edn.<\/p>\n\n\n\n<p class=\"wp-block-paragraph\">El l\u00edder nacional del PRD, \u00c1ngel \u00c1vila, conden\u00f3 los hechos a trav\u00e9s de redes sociales y se\u00f1al\u00f3 que es necesario que exista justicia y se brinde seguridad a los alcaldes y alcaldesas de su partido pol\u00edtico.&nbsp;<\/p>\n\n\n\n<p class=\"wp-block-paragraph\">\u201cHoy de nueva cuenta una presidenta municipal en Veracruz, la alcaldesa de Jamapa, Florisel R\u00edos es asesinada por un comando armado. Exigimos al Gobernador Cuitl\u00e1huac Garc\u00eda y a su Secretario de Gobierno que en lugar de estar asediando y amenazando a los alcaldes de oposici\u00f3n\u201d, indic\u00f3.<\/p>\n\n\n\n<p class=\"wp-block-paragraph\">Hace algunos d\u00edas el dirigente estatal del PRD, Sergio Cadena, denunci\u00f3 que los presidentes municipales del PRD, incluida la alcaldesa, hab\u00edan sido amenazados por el Secretario de Gobierno de la entidad, Eric Cisneros Burgos. \u201cSe han dado amenazas muy claras de que si no apoyas al partido en el gobierno, concretamente tal distrito o en tal municipio, hay delincuencia organizada, tenemos formas de entrar con tu municipio y tienes familia, as\u00ed que atente a las consecuencias\u201d, relat\u00f3 el 7 de noviembre.<\/p>\n\n\n\n<p class=\"wp-block-paragraph\">D\u00edas atr\u00e1s personal del ayuntamiento de Jamapa fue detenido por peculado. El esposo de la alcaldesa, Fernando Hern\u00e1ndez Ter\u00e1n, tambi\u00e9n ten\u00eda orden de aprehensi\u00f3n pero permanece pr\u00f3fugo de la justicia.<\/p>\n","protected":false},"excerpt":{"rendered":"<p>Esta ma\u00f1ana un comando armado asesin\u00f3 a Florisel R\u00edos, alcaldesa de Jamapa, Veracruz. El asesinato fue confirmado por la Secretar\u00eda de Seguridad P\u00fablica a trav\u00e9s de un bolet\u00edn<\/p>\n","protected":false},"author":3,"featured_media":28414,"comment_status":"open","ping_status":"open","sticky":false,"template":"","format":"standard","meta":{"_monsterinsights_skip_tracking":false,"footnotes":""},"categories":[691,51],"tags":[],"class_list":["post-28413","post","type-post","status-publish","format-standard","has-post-thumbnail","category-691","category-ejecutivo"],"_links":{"self":[{"href":"https:\/\/redsemlac.com\/semmexico\/wp-json\/wp\/v2\/posts\/28413","targetHints":{"allow":["GET"]}}],"collection":[{"href":"https:\/\/redsemlac.com\/semmexico\/wp-json\/wp\/v2\/posts"}],"about":[{"href":"https:\/\/redsemlac.com\/semmexico\/wp-json\/wp\/v2\/types\/post"}],"author":[{"embeddable":true,"href":"https:\/\/redsemlac.com\/semmexico\/wp-json\/wp\/v2\/users\/3"}],"replies":[{"embeddable":true,"href":"https:\/\/redsemlac.com\/semmexico\/wp-json\/wp\/v2\/comments?post=28413"}],"version-history":[{"count":0,"href":"https:\/\/redsemlac.com\/semmexico\/wp-json\/wp\/v2\/posts\/28413\/revisions"}],"wp:featuredmedia":[{"embeddable":true,"href":"https:\/\/redsemlac.com\/semmexico\/wp-json\/wp\/v2\/media\/28414"}],"wp:attachment":[{"href":"https:\/\/redsemlac.com\/semmexico\/wp-json\/wp\/v2\/media?parent=28413"}],"wp:term":[{"taxonomy":"category","embeddable":true,"href":"https:\/\/redsemlac.com\/semmexico\/wp-json\/wp\/v2\/categories?post=28413"},{"taxonomy":"post_tag","embeddable":true,"href":"https:\/\/redsemlac.com\/semmexico\/wp-json\/wp\/v2\/tags?post=28413"}],"curies":[{"name":"wp","href":"https:\/\/api.w.org\/{rel}","templated":true}]}}