{"id":28409,"date":"2020-11-10T23:53:09","date_gmt":"2020-11-10T23:53:09","guid":{"rendered":"https:\/\/redsemlac.com\/semmexico\/?p=28409"},"modified":"2023-07-21T16:37:22","modified_gmt":"2023-07-21T21:37:22","slug":"represion-la-constante-en-las-marchas-feministas","status":"publish","type":"post","link":"https:\/\/redsemlac.com\/semmexico\/represion-la-constante-en-las-marchas-feministas\/","title":{"rendered":"Represi\u00f3n, la constante en las marchas feministas"},"content":{"rendered":"\n<p class=\"wp-block-paragraph\"><strong>Redacci\u00f3n Tlanesi\/ <\/strong>Foto: Sonia Gerth<\/p>\n\n\n\n<p class=\"wp-block-paragraph\">SemM\u00e9xico\/Tlanesi.com.mx. 10 de noviembre 2020.- &nbsp;Luego que la tarde de ayer, polic\u00edas municipales reprimieron con balazos la manifestaci\u00f3n convocada por colectivas feministas por el feminicidio de la joven Alexis, ocurrido hace unos d\u00edas en Canc\u00fan, Quintana Roo, Andr\u00e9s Manuel L\u00f3pez Obrador dijo que a quien le toca investigar qu\u00e9 sucedi\u00f3, qui\u00e9n es el responsable, el autor intelectual y sancionar, es al gobernador Carlos Manuel Joaqu\u00edn Gonz\u00e1lez, y si esto no ocurriera, entonces la Comisi\u00f3n Nacional de Derechos Humanos deber\u00e1 intervenir.<\/p>\n\n\n\n<p class=\"wp-block-paragraph\">Cuestionado al respecto en la conferencia ma\u00f1anera, L\u00f3pez Obrador dijo que no se debe utilizar la fuerza, ni armas, ni disparar porque eso son actitudes autoritarias, \u201cno a la represi\u00f3n, es lo que podemos decir\u201d.<\/p>\n\n\n\n<p class=\"wp-block-paragraph\">Agreg\u00f3 que se trata de un tema de la polic\u00eda de Quintana Roo y que hay dos versiones, una que tuvo que ver con el gobierno municipal y la otra que fue la polic\u00eda estatal. En este sentido dijo que hay un mando \u00fanico, por lo que la polic\u00eda tiene el control de las polic\u00edas municipales.<\/p>\n\n\n\n<p class=\"wp-block-paragraph\">&nbsp;\u201cNo debe haber impunidad, no debe haber protecci\u00f3n a nadie, pero en el caso de que no se aclaren los hechos y se deslinden responsabilidades y no se castigara a quienes dieron la orden y a quienes actuaron, los afectados deber\u00edan de acudir a la Comisi\u00f3n Nacional de Derechos Humanos\u201d, quien deber\u00e1 abrir el expediente.<\/p>\n\n\n\n<p class=\"wp-block-paragraph\"><strong>Alexis<\/strong><\/p>\n\n\n\n<p class=\"wp-block-paragraph\">El pasado 9 de noviembre, la Fiscal\u00eda General del estado, inform\u00f3 en un bolet\u00edn, que inici\u00f3 la carpeta de investigaci\u00f3n 11\/6\/2020 por el delito de feminicidio \u201cen agravio de una persona de 20 a\u00f1os de edad que fue localizada sin vida y con claras huellas de violencia\u201d.<\/p>\n\n\n\n<p class=\"wp-block-paragraph\">De acuerdo con el comunicado, al lugar llegaron polic\u00edas de investigaci\u00f3n, peritos de diferentes especialidades y personal adscrito a la Fiscal\u00eda Especializada en Investigaci\u00f3n y Persecuci\u00f3n del Delito de Feminicidio, y precis\u00f3 que la v\u00edctima ya hab\u00eda sido identificada por sus familiares.<\/p>\n\n\n\n<p class=\"wp-block-paragraph\">Los medios locales informaron que la joven de 20 a\u00f1os de edad, desapareci\u00f3 en Canc\u00fan, Quintana Roo, el pasado 7 de noviembre y que fue vista por \u00faltima vez en Benito Ju\u00e1rez, mientras que sus amigos afirmaron que ella sali\u00f3 de su casa para vender unos productos cerca del Fraccionamiento La Joya.<\/p>\n\n\n\n<p class=\"wp-block-paragraph\">El Protocolo Alba fue activado por la Fiscal\u00eda el 8 de noviembre, un d\u00eda despu\u00e9s de su desaparici\u00f3n; sin embargo, horas m\u00e1s tarde, se inform\u00f3 del hallazgo del cuerpo de una mujer en bolsas, en un fraccionamiento de la regi\u00f3n 252 de la ciudad.<\/p>\n\n\n\n<p class=\"wp-block-paragraph\">Una persona report\u00f3 al 911 el hallazgo, y personal de la Fiscal\u00eda acudi\u00f3 al lugar y realizar el cotejo de informaci\u00f3n, por lo que pudo ser identificada por sus familiares.<\/p>\n\n\n\n<p class=\"wp-block-paragraph\">Desde ese momento, las colectivas feministas que acompa\u00f1aron a la familia de Alexis convocaron a una concentraci\u00f3n este lunes en punto de las 17 horas en las Fiscal\u00edas de los municipios de Quintana Roo.<\/p>\n\n\n\n<p class=\"wp-block-paragraph\">Cabe recordar que en diciembre de 2015, se solicit\u00f3 la Alerta de Violencia de G\u00e9nero concretamente para los municipios de Benito Ju\u00e1rez, L\u00e1zaro C\u00e1rdenas, Isla Mujeres y Solidaridad por registrar altos \u00edndices de violencia contra mujeres, la cual fue declarada el 7 de julio de 2017 en tres municipios: Benito Ju\u00e1rez, Cozumel y Solidaridad.<\/p>\n\n\n\n<p class=\"wp-block-paragraph\">De acuerdo con las cifras del Secretariado Ejecutivo del Sistema Nacional de Seguridad P\u00fablica (SESNSP) de enero a septiembre de 2020, en el estado se cometieron 58 asesinatos de mujeres, de los cuales s\u00f3lo nueve se investigan como feminicidio. En tanto la Fiscal\u00eda General del estado, registr\u00f3 en el periodo de enero a agosto de este a\u00f1o, la desaparici\u00f3n de 79 mujeres, de las cuales, 59 fueron localizadas con vida, 3 sin vida y 17 contin\u00faan pendientes de localizar.<\/p>\n\n\n\n<p class=\"wp-block-paragraph\"><strong>La concentraci\u00f3n<\/strong><\/p>\n\n\n\n<p class=\"wp-block-paragraph\">Informaci\u00f3n de medios locales, precisa que la tarde de ayer, las colectivas feministas se dieron cita en la Fiscal\u00eda General de Justicia de Quintana Roo donde leyeron pronunciamientos y reclamaron justicia por el feminicidio de Alexis; en el lugar se reportaron disturbios pero no hubo elementos policiacos. De ah\u00ed partieron al Palacio Municipal de Benito Ju\u00e1rez, que se encuentra en Avenida Tulum, y en el camino se fueron sumando m\u00e1s contingentes, por lo que la protesta fue subiendo de tono.<\/p>\n\n\n\n<p class=\"wp-block-paragraph\">Las puertas del Palacio, seg\u00fan se inform\u00f3, se encontraban tapiadas con maderas para impedir el paso de las manifestantes; sin embargo, ello no logr\u00f3 que las derribaran para ingresar. Fue ah\u00ed cuando iniciaron las detonaciones con arma de fuego al aire y que los polic\u00edas municipales salieron por los costados del Palacio para dispersar la protesta que ya se encontraba en la plaza central.<\/p>\n\n\n\n<p class=\"wp-block-paragraph\">La represi\u00f3n dej\u00f3 como saldo dos personas heridas por bala, se trata de los periodistas Reyna Cecilia Sol\u00eds y Roberto Becerril, colaboradores de los medios locales \u201cRadio Turquesa\u201d y \u201cLa Verdad\u201d, respectivamente. En tanto, la Comisi\u00f3n Estatal de Derechos Humanos inform\u00f3 que se atendi\u00f3 a 6 personas en las inmediaciones del palacio del Ayuntamiento de Benito Ju\u00e1rez (Canc\u00fan), as\u00ed como a las 8 personas detenidas en las instalaciones de seguridad p\u00fablica, mismas que, afirm\u00f3, ya se encuentran liberadas.<\/p>\n\n\n\n<p class=\"wp-block-paragraph\"><strong>\u00bfQui\u00e9n dio la orden?<\/strong><\/p>\n\n\n\n<p class=\"wp-block-paragraph\">Entrevistada en un medio nacional, horas m\u00e1s tarde de la represi\u00f3n, la presidenta municipal de Benito Ju\u00e1rez, Canc\u00fan, Mara Lezama Espinosa, neg\u00f3 haber dado la orden de disparar contra las manifestantes y dijo desconocer de d\u00f3nde hab\u00eda salido esa indicaci\u00f3n, no obstante, afirm\u00f3 que en el estado hay un mando \u00fanico y quien tiene el control de las fuerzas de seguridad, es el gobierno estatal.<\/p>\n\n\n\n<p class=\"wp-block-paragraph\">Reprobamos todo acto de violencia. En mi car\u00e1cter de presidente municipal jam\u00e1s ordenar\u00e9 ning\u00fan tipo de represi\u00f3n en contra de la ciudadan\u00eda. He dado instrucciones precisas para que se realicen las investigaciones correspondientes.<\/p>\n\n\n\n<p class=\"wp-block-paragraph\"><em>\u00a1No a los actos vand\u00e1licos ni a la represi\u00f3n!<\/em><\/p>\n\n\n\n<p class=\"wp-block-paragraph\"><em>\u2014 Mara Lezama (@MaraLezama) November 10, 2020<\/em><\/p>\n\n\n\n<p class=\"wp-block-paragraph\"><em>Al mismo tiempo, el gobernador de la entidad, en su cuenta de Twitter, afirm\u00f3 haber dado instrucciones precisas de no usar armas ni agredir en las marchas que se ten\u00edan programadas para el d\u00eda de ayer.<\/em><\/p>\n\n\n\n<p class=\"wp-block-paragraph\"><em>Repruebo los actos de violencia que se dieron en Cancun esta noche. Repruebo totalmente la intimidaci\u00f3n y agresi\u00f3n contra las y los manifestantes. Di instrucciones precisas de NO agresiones y NO armas en las marchas que se dar\u00edan el d\u00eda de hoy.<\/em><\/p>\n\n\n\n<p class=\"wp-block-paragraph\"><em>\u2014 Carlos Joaqu\u00edn (@CarlosJoaquin) November 10, 2020<\/em><\/p>\n\n\n\n<p class=\"wp-block-paragraph\"><em>La Secretar\u00eda de Gobernaci\u00f3n por su parte, demand\u00f3 a las autoridades estatales investigar hasta sus \u00faltimas consecuencias, la represi\u00f3n y agresi\u00f3n armada contra las feministas.<\/em><\/p>\n\n\n\n<p class=\"wp-block-paragraph\"><em>La @SEGOB_mx demanda a las autoridades municipales y estatales la investigaci\u00f3n, hasta sus \u00faltimas consecuencias, de la represi\u00f3n y agresi\u00f3n armada registrada hoy contra una manifestaci\u00f3n feminista en Benito Ju\u00e1rez, Q. Roo. 1\/2<\/em><\/p>\n\n\n\n<p class=\"wp-block-paragraph\"><em>\u2014 Gobernaci\u00f3n (@SEGOB_mx) November 10, 2020<\/em><\/p>\n\n\n\n<p class=\"wp-block-paragraph\"><strong>Exigen claridad<\/strong><\/p>\n\n\n\n<p class=\"wp-block-paragraph\">La Red de Feministas Peninsulares, y la Red de la Escuelita Popular Feminista Peninsular, condenaron las agresiones contra las manifestantes pues constituye un grav\u00edsimo ataque a la libertad de manifestaci\u00f3n, organizaci\u00f3n ciudadana y la exigencia de justicia, adem\u00e1s de la criminalizaci\u00f3n de la protesta y las posibles violaciones de Derechos Humanos.<\/p>\n\n\n\n<p class=\"wp-block-paragraph\">Recordaron la obligaci\u00f3n del Estado de garantizar la seguridad de las personas que se manifiestan por lo que exhortaron \u201ca las autoridades involucradas realizar un disculpa p\u00fablica, comprometerse a las reparaci\u00f3n de da\u00f1os de las personas afectadas, as\u00ed como garantizar la no repetici\u00f3n de estos actos de represi\u00f3n\u201d.<\/p>\n\n\n\n<p class=\"wp-block-paragraph\">En tanto, la oficina del Alto Comisionado de las Naciones Unidas, record\u00f3 al gobierno que las autoridades deben proteger y promover el derecho a la manifestaci\u00f3n y que no debe hacerse uso de armas letales en protestas pac\u00edficas as\u00ed como que la polic\u00eda debe regirse por principios de uso de fuerza que incluyen la necesidad, proporcionalidad, prevenci\u00f3n y rendici\u00f3n de cuentas y pidi\u00f3 investigar y sancionar los ataques contra periodistas que cubr\u00edan la manifestaci\u00f3n.<\/p>\n\n\n\n<p class=\"wp-block-paragraph\">Otras organizaciones como la Red Nacional de Defensoras exigi\u00f3 la investigaci\u00f3n de la cadena de mando responsable en el ataque armado realizado por la polic\u00eda contra periodistas, defensoras y familiares de v\u00edctimas.<\/p>\n\n\n\n<p class=\"wp-block-paragraph\"><strong>La represi\u00f3n, una constante<\/strong><\/p>\n\n\n\n<p class=\"wp-block-paragraph\">Reprimir a las manifestantes que exigen justicia, en su mayor\u00eda, por casos de feminicidio, no es nuevo. Hace apenas 3 meses, la polic\u00eda municipal de Le\u00f3n, Guanajuato, detuvo de forma arbitraria a 22 mujeres j\u00f3venes y adolescentes y un hombre, violent\u00f3 sexualmente a una ni\u00f1a de 17 a\u00f1os de edad y amenaz\u00f3 a las periodistas Melissa Esquivias Espinosa, reportera de \u00c1gora; Alfonsina \u00c1vila Ram\u00edrez, de Zona Franca; y Martha Silva Moreno y Brenda Orozco Hern\u00e1ndez, de PopLab.<\/p>\n\n\n\n<p class=\"wp-block-paragraph\">Durante las protestas feministas enmarcadas por la leyenda #JusticiaparaEvelyn, que se realizaron ese 22 de agosto para condenar el abuso sexual cometido una semana antes, el viernes 14, por polic\u00edas municipales en contra de Evelyn Lizet Vald\u00e9z Virgen, los elementos de Seguridad P\u00fablica arremetieron con golpes y tocamientos contra las manifestantes que se daban cita de forma pac\u00edfica.<\/p>\n\n\n\n<p class=\"wp-block-paragraph\">Durante esta administraci\u00f3n, el gobierno federal ha negado en reiteradas ocasiones que la violencia contra las mujeres est\u00e9 incrementando y sostiene que el feminicidio es un problema provocado por la pol\u00edtica neoliberal que se resolver\u00e1 con la moral y la Iglesia y ha dejado claro que el tema no es prioridad en los recortes al presupuesto para atender y prevenir la violencia que se tradujeron en recortes a los Refugios para v\u00edctimas de violencia, sus hijas e hijos, as\u00ed como a los Centros de Atenci\u00f3n Externa, y a las Casas de la Mujer Ind\u00edgena que atienden a ind\u00edgenas v\u00edctimas de violencia.<\/p>\n\n\n\n<p class=\"wp-block-paragraph\">En febrero pasado, feministas se manifestaron afuera de Palacio Nacional durante la conferencia ma\u00f1anera de AMLO para exigir ser escuchadas y por el atroz feminicidio de Ingrid Escamilla, ocurrido el 10 de febrero, cuyas fotos fueron filtradas a la prensa.<\/p>\n\n\n\n<p class=\"wp-block-paragraph\">En esa ocasi\u00f3n, las manifestantes pidieron una audiencia con L\u00f3pez Obrador quien no las recibi\u00f3 y que ante la presi\u00f3n de la prensa, dict\u00f3, de forma improvisada, un \u201cdec\u00e1logo\u201d en contra de la violencia contra las mujeres.<\/p>\n\n\n\n<p class=\"wp-block-paragraph\">1) Estoy contra de la violencia en todas sus manifestaciones; 2) se debe proteger la vida de hombres y mujeres; 3) es una cobard\u00eda agredir a la mujer; 4) es una anacronismo, un acto de brutalidad el machismo; 5) se tiene que respetar a las mujeres; 6) no agresiones a mujeres; 7) no a cr\u00edmenes de odio contra mujeres; 8) castigo a los responsables de los cr\u00edmenes contra mujeres; 9) el gobierno se va ocupar siempre de garantizar la seguridad de las mujeres; 10) garantizar paz y la<\/p>\n\n\n\n<p class=\"wp-block-paragraph\">En lo que va de esta administraci\u00f3n, ning\u00fan familiar de v\u00edctima de feminicidio ha sido recibido por L\u00f3pez Obrador, a\u00fan cuando en el pa\u00eds cada d\u00eda, 12 mujeres y ni\u00f1as son asesinadas.<\/p>\n","protected":false},"excerpt":{"rendered":"<p>Luego que la tarde de ayer, polic\u00edas municipales reprimieron con balazos la manifestaci\u00f3n convocada por colectivas feministas por el feminicidio de la joven Alexis, ocurrido hace unos d\u00edas en Canc\u00fan, Quintana Roo<\/p>\n","protected":false},"author":3,"featured_media":28410,"comment_status":"open","ping_status":"open","sticky":false,"template":"","format":"standard","meta":{"_monsterinsights_skip_tracking":false,"footnotes":""},"categories":[691,54],"tags":[],"class_list":["post-28409","post","type-post","status-publish","format-standard","has-post-thumbnail","category-691","category-mujeres"],"_links":{"self":[{"href":"https:\/\/redsemlac.com\/semmexico\/wp-json\/wp\/v2\/posts\/28409","targetHints":{"allow":["GET"]}}],"collection":[{"href":"https:\/\/redsemlac.com\/semmexico\/wp-json\/wp\/v2\/posts"}],"about":[{"href":"https:\/\/redsemlac.com\/semmexico\/wp-json\/wp\/v2\/types\/post"}],"author":[{"embeddable":true,"href":"https:\/\/redsemlac.com\/semmexico\/wp-json\/wp\/v2\/users\/3"}],"replies":[{"embeddable":true,"href":"https:\/\/redsemlac.com\/semmexico\/wp-json\/wp\/v2\/comments?post=28409"}],"version-history":[{"count":0,"href":"https:\/\/redsemlac.com\/semmexico\/wp-json\/wp\/v2\/posts\/28409\/revisions"}],"wp:featuredmedia":[{"embeddable":true,"href":"https:\/\/redsemlac.com\/semmexico\/wp-json\/wp\/v2\/media\/28410"}],"wp:attachment":[{"href":"https:\/\/redsemlac.com\/semmexico\/wp-json\/wp\/v2\/media?parent=28409"}],"wp:term":[{"taxonomy":"category","embeddable":true,"href":"https:\/\/redsemlac.com\/semmexico\/wp-json\/wp\/v2\/categories?post=28409"},{"taxonomy":"post_tag","embeddable":true,"href":"https:\/\/redsemlac.com\/semmexico\/wp-json\/wp\/v2\/tags?post=28409"}],"curies":[{"name":"wp","href":"https:\/\/api.w.org\/{rel}","templated":true}]}}