{"id":28406,"date":"2020-11-10T23:42:15","date_gmt":"2020-11-10T23:42:15","guid":{"rendered":"https:\/\/redsemlac.com\/semmexico\/?p=28406"},"modified":"2023-07-21T16:37:22","modified_gmt":"2023-07-21T21:37:22","slug":"sepultan-a-alma-itzel-romero-garcia-asesinada-en-la-region-de-la-mixteca","status":"publish","type":"post","link":"https:\/\/redsemlac.com\/semmexico\/sepultan-a-alma-itzel-romero-garcia-asesinada-en-la-region-de-la-mixteca\/","title":{"rendered":"Sepultan a Alma Itzel Romero Garc\u00eda, asesinada en la regi\u00f3n de la Mixteca"},"content":{"rendered":"\n<ul class=\"wp-block-list\"><li><strong>Desaparecida el 3 de noviembre, su madre pide justicia y salvar a otras ni\u00f1as<\/strong><\/li><li><strong>En Oaxaca se trata del feminicidio n\u00famero 88 en el conteo hemerogr\u00e1fico<\/strong><\/li><\/ul>\n\n\n\n<p class=\"wp-block-paragraph\"><strong>Patricia Brise\u00f1o<\/strong><\/p>\n\n\n\n<p class=\"wp-block-paragraph\">SemM\u00e9xico, OAXACA, 10 de noviembre, 2020.- Alma Itzel, de 21 a\u00f1os de edad fue sepultada la tarde del lunes en el pante\u00f3n de la comunidad de Morelos, luego de que se localiz\u00f3 su cuerpo sin vida en el paraje R\u00edo Pescadito, en jurisdicci\u00f3n del municipio de Santa Cruz Itundujia, en la regi\u00f3n Mixteca.<\/p>\n\n\n\n<p class=\"wp-block-paragraph\">La v\u00edctima de feminicidio fue despedida por su madre, Mayra Garc\u00eda Cruz quien agradeci\u00f3 a las comunidades vecinas su participaci\u00f3n en la b\u00fasqueda de su hija desaparecida el tres de noviembre, y localizada muerta cuatro d\u00edas despu\u00e9s (siete de noviembre), con evidentes huellas de violencia sexual.<\/p>\n\n\n\n<p class=\"wp-block-paragraph\">Expuso que fue ella quien realiz\u00f3 la b\u00fasqueda de Alma Itzel hasta conseguir la confesi\u00f3n de los presuntos autores materiales del crimen, los hermanos Ram\u00edrez Pe\u00f1a, operadores del mototaxi que su hija abord\u00f3 de camino a casa al regreso de una reuni\u00f3n.<\/p>\n\n\n\n<p class=\"wp-block-paragraph\">Dijo que la autoridad municipal se neg\u00f3 a participar en el arresto, por lo cual uno de los presuntos responsables, identificado como Nicanor, escap\u00f3 mientras que el segundo, Arturo, fue detenido por conocidos de la familia.<\/p>\n\n\n\n<p class=\"wp-block-paragraph\">\u201cLa s\u00edndica se neg\u00f3 a actuar porque no le presentamos el papel con la denuncia de la desaparici\u00f3n de mi hija, expedido por la Fiscal\u00eda General de Justicia del Estado\u201d, dijo.<\/p>\n\n\n\n<p class=\"wp-block-paragraph\">\u201c\u00a1Pido justicia, no venganza. Nada me la devolver\u00e1, pero ahora est\u00e1 en nuestras manos recuperar la tranquilidad y la seguridad de otras ni\u00f1as, ni\u00f1os y j\u00f3venes!, dijo.<\/p>\n\n\n\n<p class=\"wp-block-paragraph\">Seg\u00fan el reporte de la organizaci\u00f3n feminista Grupo de Estudios sobre la Mujer \u00abRosario Castellanos\u00bb, a partir de un recuento hemerogr\u00e1fico local, el asesinato de Alma Itzel eleva a 88 muertes violentas de mujeres registradas en los once meses de 2020, en Oaxaca.<\/p>\n\n\n\n<p class=\"wp-block-paragraph\">Durante la primera semana de noviembre, la Unidad de B\u00fasqueda de Personas no Localizadas de Oaxaca gir\u00f3 la c\u00e9dula de tres j\u00f3venes desaparecidas de 15, 19 y 20 a\u00f1os de edad que tienen su domicilio en los municipios de Asunci\u00f3n Nochixtl\u00e1n, en dos casos, y Santiago Jamiltepec, correspondientes a la regi\u00f3n Mixteca y Costa, respectivamente.<\/p>\n","protected":false},"excerpt":{"rendered":"<p>Desaparecida el 3 de noviembre, su madre pide justicia y salvar a otras ni\u00f1as<\/p>\n","protected":false},"author":3,"featured_media":28407,"comment_status":"open","ping_status":"open","sticky":false,"template":"","format":"standard","meta":{"_monsterinsights_skip_tracking":false,"footnotes":""},"categories":[691,47,48],"tags":[],"class_list":["post-28406","post","type-post","status-publish","format-standard","has-post-thumbnail","category-691","category-no-mas-impunidad","category-no-mas-impunidad-no-mas-impunidad"],"_links":{"self":[{"href":"https:\/\/redsemlac.com\/semmexico\/wp-json\/wp\/v2\/posts\/28406","targetHints":{"allow":["GET"]}}],"collection":[{"href":"https:\/\/redsemlac.com\/semmexico\/wp-json\/wp\/v2\/posts"}],"about":[{"href":"https:\/\/redsemlac.com\/semmexico\/wp-json\/wp\/v2\/types\/post"}],"author":[{"embeddable":true,"href":"https:\/\/redsemlac.com\/semmexico\/wp-json\/wp\/v2\/users\/3"}],"replies":[{"embeddable":true,"href":"https:\/\/redsemlac.com\/semmexico\/wp-json\/wp\/v2\/comments?post=28406"}],"version-history":[{"count":0,"href":"https:\/\/redsemlac.com\/semmexico\/wp-json\/wp\/v2\/posts\/28406\/revisions"}],"wp:featuredmedia":[{"embeddable":true,"href":"https:\/\/redsemlac.com\/semmexico\/wp-json\/wp\/v2\/media\/28407"}],"wp:attachment":[{"href":"https:\/\/redsemlac.com\/semmexico\/wp-json\/wp\/v2\/media?parent=28406"}],"wp:term":[{"taxonomy":"category","embeddable":true,"href":"https:\/\/redsemlac.com\/semmexico\/wp-json\/wp\/v2\/categories?post=28406"},{"taxonomy":"post_tag","embeddable":true,"href":"https:\/\/redsemlac.com\/semmexico\/wp-json\/wp\/v2\/tags?post=28406"}],"curies":[{"name":"wp","href":"https:\/\/api.w.org\/{rel}","templated":true}]}}