{"id":28403,"date":"2020-11-10T23:28:14","date_gmt":"2020-11-10T23:28:14","guid":{"rendered":"https:\/\/redsemlac.com\/semmexico\/?p=28403"},"modified":"2023-07-21T16:37:22","modified_gmt":"2023-07-21T21:37:22","slug":"los-recortes-al-presupuesto-de-la-igualdad-criminal-y-discriminatorio","status":"publish","type":"post","link":"https:\/\/redsemlac.com\/semmexico\/los-recortes-al-presupuesto-de-la-igualdad-criminal-y-discriminatorio\/","title":{"rendered":"Los recortes al presupuesto de la Igualdad, criminal y discriminatorio"},"content":{"rendered":"\n<ul class=\"wp-block-list\"><li><strong>40 mil ind\u00edgenas abandonadas por el gobierno denuncian las CAMI<\/strong><\/li><li><strong>Hoy se discute y diputadas dicen que se quejar\u00e1n internacionalmente<\/strong><\/li><\/ul>\n\n\n\n<p class=\"wp-block-paragraph\"><strong>Sara Lovera<\/strong><\/p>\n\n\n\n<p class=\"wp-block-paragraph\">SemM\u00e9xico. Cd. de M\u00e9xico. 10 de noviembre 2020.- A unas horas de que comience la discusi\u00f3n definitiva sobre el presupuesto del pr\u00f3ximo a\u00f1o, diputadas, organizaciones sociales e internacionales, exigieron reorientarlo en contenido y orientaci\u00f3n. Se aprestan para ir a las cortes internacionales. Tambi\u00e9n llamar\u00e1n a un frente de defensa de los recursos para la igualdad.<\/p>\n\n\n\n<p class=\"wp-block-paragraph\">Anunciaron que denunciar\u00e1n que en M\u00e9xico se abandon\u00f3 la pol\u00edtica de g\u00e9nero. Dijeron que es rid\u00edculo que se diga que la pol\u00edtica exterior es feminista, cuando en la pr\u00e1ctica se viola la ley y los acuerdos internacionales sobre los recursos para la igualdad.<\/p>\n\n\n\n<p class=\"wp-block-paragraph\">En conferencia virtual, las diputadas mostraron, con s\u00f3lo un ejemplo, las consecuencias del recorte para las mujeres. Las 40 mil ind\u00edgenas y campesinas abandonadas a su suerte y el criminal abandono a la prevenci\u00f3n y atenci\u00f3n de la violencia feminicida, con 11 asesinadas todos el d\u00eda.<\/p>\n\n\n\n<p class=\"wp-block-paragraph\">Las integrantes de la Comisi\u00f3n de Igualdad de la C\u00e1mara de Diputados se comprometieron a&nbsp; &nbsp;defender los recursos para la igualdad que se pretenden desviar y que deb\u00edan estar en el Anexo 13. Lo har\u00e1n hasta las \u00faltimas consecuencias.<\/p>\n\n\n\n<p class=\"wp-block-paragraph\">Detallaron que ya le explicaron a la Secretar\u00eda de Hacienda la trascendencia de potenciar el empoderamiento de las mujeres, los programas esenciales y los derechos de las mujeres sin que \u00e9sta haya mostrado la menor intenci\u00f3n por respetar el presupuesto de g\u00e9nero.<\/p>\n\n\n\n<p class=\"wp-block-paragraph\">Reunidas con el objetivo central de plantear la consecuencias del recorte a 35 casas de la Mujer Ind\u00edgena y Afrodesendiente CAMIS por el recorte de 2020 con la quita de m\u00e1s de 350 millones de pesos, que impide su operaci\u00f3n y su existencia, que pone en riesgo a m\u00e1s de 39 mil ind\u00edgenas y campesinas; que sin dinero ya se cuentan algunas muertas en la pandemia; y hay embarazadas sin atenci\u00f3n que aumentar\u00e1 la Muerte Materna y afectar\u00e1 a mujeres violentadas en el campo mexicano.<\/p>\n\n\n\n<p class=\"wp-block-paragraph\">Ante este desv\u00edo de recursos para la igualdad, dijeron que buscar\u00e1n todas las alianzas necesarias para detener e impedir ese agravio contra m\u00e1s de la mitad de la poblaci\u00f3n<\/p>\n\n\n\n<p class=\"wp-block-paragraph\">En la conferencia de prensa virtual, las diputadas de todos los partidos, advirtieron que la desaparici\u00f3n de recursos etiquetados para la igualdad se \u201cdefender\u00e1 hasta las \u00faltimas consecuencias. Denunciar\u00e1n el atropello, por ello presentar\u00e1n a organismos internacionales el desatino, porque e M\u00e9xico debe rendir cuentas sobre compromisos firmados para desarrollar la pol\u00edtica de g\u00e9nero.<\/p>\n\n\n\n<p class=\"wp-block-paragraph\">La diputada Martha Tagle Mart\u00ednez de Movimiento Ciudadano, organizadora de conferencia, llam\u00f3 a todas las feministas y asociaciones de mujeres a sumarse a la defensa del presupuesto de g\u00e9nero y detall\u00f3 que tal como est\u00e1 la iniciativa, viola la ley, anula la progresividad de los derechos humanos de las mujeres y abandona a las mujeres campesinas de 35 localidades marginadas y deprimidas, las m\u00e1s pobres.<\/p>\n\n\n\n<h3 class=\"wp-block-heading\">ALIADAS<\/h3>\n\n\n\n<p class=\"wp-block-paragraph\">Ah\u00ed <strong>Nelsy<\/strong> Marisela Ku ChayCoordinadora de la Red Nacional las CAMIS advirti\u00f3 que de no revertirse el intent\u00f3 se dejar\u00e1 de atender a mujeres violentadas, aumentar\u00e1 la muere materna, la salud de ind\u00edgenas y campesinas y se desamparar\u00e1 a miles.<\/p>\n\n\n\n<p class=\"wp-block-paragraph\">Explic\u00f3 que han acudido a todas las instancia, sin ser escuchadas al Instituto Nacional de los Pueblos Ind\u00edgenas (INPI), al Instituto Nacional de las Mujeres (INMUJERES) a la Secretar\u00eda de Gobernaci\u00f3n, a la Comisi\u00f3n Nacional para Prevenir y Erradicar la Violencia contra las Mujeres (CONAVIM), a la Comisi\u00f3n de Pueblos Ind\u00edgenas y la Comisi\u00f3n de Presupuesto y Cuenta P\u00fablica de la C\u00e1mara de Diputados.<\/p>\n\n\n\n<p class=\"wp-block-paragraph\">Denunci\u00f3&nbsp;el recorte del 50 por ciento al presupuesto originalmente etiquetado en &nbsp;2020; expres\u00f3 su preocupaci\u00f3n ante la incertidumbre que plantea el presupuesto 2021, y denunci\u00f3 que no es s\u00f3lo el presupuesto sino adem\u00e1s se acordaron mecanismos administrativos que dificultan la relaci\u00f3n directa de las organizaciones integrantes de la red para acceder a los recursos, ya que con &nbsp;la desaparici\u00f3n del Programa espec\u00edfico, se &nbsp;incorpora una sola bolsa presupuestaria, sin claridad en su etiquetaci\u00f3n y, por lo tanto, designaci\u00f3n y ejercicio.<\/p>\n\n\n\n<p class=\"wp-block-paragraph\">Estuvieron en la conferencia las diputadas Martha Tagle Mart\u00ednez Movimiento Ciudadano; Ver\u00f3nica Ju\u00e1rez Pi\u00f1a PRD y Ver\u00f3nica Sobrado PAN, quien inform\u00f3 tener la representaci\u00f3n de toda la Comisi\u00f3n de Igualdad y del Grupo de Trabajo de g\u00e9nero en la c\u00e1mara de la paridad.<\/p>\n\n\n\n<p class=\"wp-block-paragraph\">Igualmente participaron por CEJIL Alejandra Manavella, Coodinadora de incidencia del Programa para M\u00e9xico y Centroam\u00e9rica, B\u00e1rbara Jim\u00e9nez de Equality Now y Julia Escalante de CLADEM.<\/p>\n\n\n\n<p class=\"wp-block-paragraph\">Alejandra Manvella del Centro por la Justicia y el Derecho Internacional (CEJIL) alert\u00f3 Sobre la tendencia regresivaen materia de financiamiento para la igualdad de g\u00e9nero y combate a las violencias contra las mujeres. Ello a pesar de que en el Proyecto de Presupuesto de Egresos&nbsp; en el <em>Anexo 13 Erogaciones para la Igualdad entre Mujeres y Hombres, simula <\/em>&nbsp;un aumento del 20 por ciento est\u00e1 &nbsp;realmente etiquetado para la Pensi\u00f3n para personas Adultas Mayores: programa que no cuenta con mecanismos que aseguren la reducci\u00f3n de las brechas de desigualdad de g\u00e9nero.<\/p>\n\n\n\n<p class=\"wp-block-paragraph\">En contraste, hay recortes millonarios para los programas destinados a las mujeres como lo es, por ejemplo, el de las CAMIS.<\/p>\n\n\n\n<p class=\"wp-block-paragraph\">El CEJIL inst\u00f3 a la C\u00e1mara de Diputados para que, v\u00eda el presupuesto 2021, el Estado mexicano asuma las obligaciones internacionales adquiridas en materia de igualdad de g\u00e9nero. En particular, la CEDAW y la Convenci\u00f3n para Prevenir, Atender y Erradicar la Violencia contra las Mujeres (Belem Do Par\u00e1), porque el Estado mexicano est\u00e1 obligado a garantizar recursos p\u00fablicos suficientes para desarrollar pol\u00edticas p\u00fablicas que garanticen la igualdad sustantiva y el derecho a una vida libre de violencia para las mujeres.<\/p>\n\n\n\n<p class=\"wp-block-paragraph\">Por otra parte, la vocera de &nbsp;Equality Now llam\u00f3 a las autoridades hacendarias a que gu\u00eden sus discusiones y decisiones &nbsp;sobre la base los Principios Rectores sobre derechos humanos que <em>subrayan la importancia de evaluar de forma sistem\u00e1tica los efectos de reformas econ\u00f3micas para el disfrute de todos los derechos humanos, y <\/em>&nbsp;se haga &nbsp;una distribuci\u00f3n de recursos&nbsp; con perspectiva de g\u00e9nero y su progresividad &nbsp;con el m\u00e1ximo de recursos disponibles y as\u00ed garantizar los derechos de todas las mujeres.<\/p>\n\n\n\n<p class=\"wp-block-paragraph\">Julia Escalante del Comit\u00e9 de Am\u00e9rica Latina y el Caribe para la Defensa de los Derechos de las Mujeres (CLADEM), record\u00f3 que expertas (os) de derechos humanos de la ONU, el 16 de octubre<strong>, exigieron<\/strong> a M\u00e9xico a no realizar m\u00e1s recortes presupuestarios a programas para la prevenci\u00f3n y el apoyo a las mujeres v\u00edctimas de violencia, as\u00ed como a la salud materna, sexual y reproductiva.<\/p>\n\n\n\n<p class=\"wp-block-paragraph\">Y dijo que esas expertas advirtieron que de aprobarse el Proyecto de Presupuesto 2021 habr\u00e1 \u201crecortes significativos a las pol\u00edticas destinadas a la lucha contra la discriminaci\u00f3n y la violencia contra las mujeres y las ni\u00f1as a la promoci\u00f3n de los derechos de mujeres ind\u00edgenas\u201d.<\/p>\n\n\n\n<h3 class=\"wp-block-heading\"><strong>Las diputadas<\/strong><\/h3>\n\n\n\n<p class=\"wp-block-paragraph\">Ver\u00f3nica Ju\u00e1rez Pi\u00f1a del Partido de la Revoluci\u00f3n Democr\u00e1tica PRD, Ver\u00f3nica Sobrado PAN y Martha Tagle Mart\u00ednez expresaron su compromiso a defender el presupuesto de las mujeres, pero advirtieron que una mayor\u00eda autom\u00e1tica conspira contra las mujeres y se ajusta a la iniciativa presidencial que no garantiza los recursos para la igualdad y en cambio ha sido destinado a los programas estrella presidenciales.<\/p>\n\n\n\n<p class=\"wp-block-paragraph\">Ju\u00e1rez Pi\u00f1a manifest\u00f3 que hay una enorme insensibilidad en la Secretaria de Hacienda y se relega en los hechos a m\u00e1s de la mitad de la poblaci\u00f3n. Sobrado insisti\u00f3 en que no hay ninguna seguridad de que los recursos sean para los fines con que fue creado el anexo 13 y Tagle Mart\u00ednez mostr\u00f3 las inconsistencias, los recortes y llam\u00f3 a cambiar el destino de los recursos propuestos, ello si se logra una gran frente de mujeres.,<\/p>\n\n\n\n<h3 class=\"wp-block-heading\"><strong>Muertas y Enfermas en las Comunidades CAMIS<\/strong><\/h3>\n\n\n\n<p class=\"wp-block-paragraph\">En una esfuerzo por hacerse escuchar las representantes de las CAMIS, recordaron que se redujo el presupuesto al 50 por ciento en el presupuesto en 2020 limitando sus &nbsp;&nbsp;actividades y sostenimiento, lo que limit\u00f3 las actividades que las CAMI realizaban para el trabajo con las comunidades en la prevenci\u00f3n de la violencia y la promoci\u00f3n de los derechos humanos de las mujeres ind\u00edgenas.<\/p>\n\n\n\n<p class=\"wp-block-paragraph\">Detallaron las consecuencias del recorte: Se han presentado contagios y fallecimientos en integrantes de las CAMI o de sus familiares y no se cuentan con recursos suficientes para buscar atenci\u00f3n m\u00e9dica adecuada y oportuna; situaci\u00f3n repetida de manera general en las comunidades.&nbsp; Falta atenci\u00f3n m\u00e9dica y la mayor\u00eda de la gente no quiere atenderse en los hospitales, situaci\u00f3n&nbsp;&nbsp; que increment\u00f3 la demanda de atenci\u00f3n a las CAMI de sus parteras y m\u00e9dicas tradicionales.<\/p>\n\n\n\n<p class=\"wp-block-paragraph\">Se increment\u00f3 la violencia contra las mujeres por el confinamiento o por la falta de empleo para los hombres de las comunidades adem\u00e1s atender a ni\u00f1os y ni\u00f1as en casa que increment\u00f3 cargas de trabajo y viven en un entorno de tensi\u00f3n constante. Al no haber estrategias comunitarias para prevenir y atender el Covid-19, ha originado que varias CAMI por iniciativa propia generan acciones de difusi\u00f3n sobre la prevenci\u00f3n contra el Covid 19, en algunos casos, con apoyos de fuentes externas. &nbsp;Hay dificultades para la canalizaci\u00f3n de casos de violencia a las instancias de procuraci\u00f3n de justicia que est\u00e1n cerradas, o tienen poco personal, lo que impide el acceso a la justicia oportuna y adecuada. Lo que ya suced\u00eda hoy se agudiza.<\/p>\n\n\n\n<p class=\"wp-block-paragraph\">Algunas comunidades mantienen cerrado el ingreso a personas externas y las CAMI no pueden acudir a llamados que de algunas mujeres. El cambio de la modalidad de operar los subsidios en las reglas de operaci\u00f3n, hoy exige que sean las comunidades quienes aplican a las convocatorias y no las organizaciones que nos hacemos cargo de las CAMI, as\u00ed est\u00e1n expensas de la buena voluntad de las autoridades comunitarias.<\/p>\n\n\n\n<p class=\"wp-block-paragraph\">Finalmente plantearon que es urgente y esencial que se fortalezca el respaldo institucional y presupuestal desde una perspectiva de g\u00e9nero para que las CAMI contin\u00faen el servicio para la prevenci\u00f3n y atenci\u00f3n de la violencia, la salud materna y sexual y reproductiva e incluso aperturar acciones para contribuir a informar sobre el Covid, sus impactos y prevenci\u00f3n con informaci\u00f3n pertinente en nuestra lengua y adaptada a nuestros contextos.<\/p>\n","protected":false},"excerpt":{"rendered":"<p>40 mil ind\u00edgenas abandonadas por el gobierno denuncian las CAMI<\/p>\n","protected":false},"author":3,"featured_media":28404,"comment_status":"open","ping_status":"open","sticky":false,"template":"","format":"standard","meta":{"_monsterinsights_skip_tracking":false,"footnotes":""},"categories":[691,54],"tags":[],"class_list":["post-28403","post","type-post","status-publish","format-standard","has-post-thumbnail","category-691","category-mujeres"],"_links":{"self":[{"href":"https:\/\/redsemlac.com\/semmexico\/wp-json\/wp\/v2\/posts\/28403","targetHints":{"allow":["GET"]}}],"collection":[{"href":"https:\/\/redsemlac.com\/semmexico\/wp-json\/wp\/v2\/posts"}],"about":[{"href":"https:\/\/redsemlac.com\/semmexico\/wp-json\/wp\/v2\/types\/post"}],"author":[{"embeddable":true,"href":"https:\/\/redsemlac.com\/semmexico\/wp-json\/wp\/v2\/users\/3"}],"replies":[{"embeddable":true,"href":"https:\/\/redsemlac.com\/semmexico\/wp-json\/wp\/v2\/comments?post=28403"}],"version-history":[{"count":0,"href":"https:\/\/redsemlac.com\/semmexico\/wp-json\/wp\/v2\/posts\/28403\/revisions"}],"wp:featuredmedia":[{"embeddable":true,"href":"https:\/\/redsemlac.com\/semmexico\/wp-json\/wp\/v2\/media\/28404"}],"wp:attachment":[{"href":"https:\/\/redsemlac.com\/semmexico\/wp-json\/wp\/v2\/media?parent=28403"}],"wp:term":[{"taxonomy":"category","embeddable":true,"href":"https:\/\/redsemlac.com\/semmexico\/wp-json\/wp\/v2\/categories?post=28403"},{"taxonomy":"post_tag","embeddable":true,"href":"https:\/\/redsemlac.com\/semmexico\/wp-json\/wp\/v2\/tags?post=28403"}],"curies":[{"name":"wp","href":"https:\/\/api.w.org\/{rel}","templated":true}]}}