{"id":28400,"date":"2020-11-10T22:28:33","date_gmt":"2020-11-10T22:28:33","guid":{"rendered":"https:\/\/redsemlac.com\/semmexico\/?p=28400"},"modified":"2023-07-21T16:37:22","modified_gmt":"2023-07-21T21:37:22","slug":"en-michoacan-mujeres-rechazan-candidatos-agresores-acosadores-y-deudores-de-pension","status":"publish","type":"post","link":"https:\/\/redsemlac.com\/semmexico\/en-michoacan-mujeres-rechazan-candidatos-agresores-acosadores-y-deudores-de-pension\/","title":{"rendered":"En Michoac\u00e1n, mujeres rechazan candidatos agresores, acosadores y deudores de pensi\u00f3n"},"content":{"rendered":"\n<ul class=\"wp-block-list\"><li><strong>Se entreg\u00f3 al Consejo General del IEM la propuesta 3 de 3 contra la violencia de g\u00e9nero, para que sea incluida en los lineamientos para el registro de candidatos<\/strong><\/li><\/ul>\n\n\n\n<p class=\"wp-block-paragraph\"><strong>&nbsp;Redacci\u00f3n<\/strong><\/p>\n\n\n\n<p class=\"wp-block-paragraph\">SemM\u00e9xico. Morelia, Michoac\u00e1n. 10 de noviembre de 2020.- En Michoac\u00e1n los agresores de mujeres, deudores de pensi\u00f3n alimenticia y acosadores no deber\u00e1n ser candidatos en las pr\u00f3ximas elecciones, solicitaron mujeres durante la entrega de la propuesta \u201c3 de 3 contra la violencia de g\u00e9nero: no m\u00e1s pol\u00edticos agresores, acosadores sexuales y deudores de pensi\u00f3n alimenticia al poder en Michoac\u00e1n\u201d, al Consejo General del Instituto Electoral de Michoac\u00e1n (IEM).<\/p>\n\n\n\n<p class=\"wp-block-paragraph\">La propuesta entregada y acompa\u00f1ada por mil 074 firmas, solicita se incorporen a los lineamientos que en pr\u00f3ximos d\u00edas estar\u00e1 votando el Consejo General del IEM, acciones que promuevan, protejan y respeten los derechos de las mujeres y, de manera concreta, se requieran a los aspirantes a una candidatura a firmar un formato, de buena fe y bajo protesta de decir verdad, en que expresen que no est\u00e1n condenados o sancionados por: violencia familiar y\/o dom\u00e9stica, delitos sexuales, ser deudor alimentario o haber cometido violencia digital.<\/p>\n\n\n\n<p class=\"wp-block-paragraph\">Por su parte, la secretaria de Igualdad Sustantiva y Desarrollo de las Mujeres (Seimujer), Nuria Gabriela Hern\u00e1ndez Abarca, reconoci\u00f3 la importancia de contar con lineamientos que protejan a las mujeres y fomenten la participaci\u00f3n de las mismas en los procesos electorales.<\/p>\n\n\n\n<p class=\"wp-block-paragraph\">&nbsp;\u201cHay que decirlo con claridad, de nada sirve un marco jur\u00eddico s\u00f3lido, como el establecido desde el 2019 con la reforma constitucional de la paridad en todo, si no son una realidad, y para esto, estas acciones afirmativas coadyuvan a visibilizar y analizar el marco jur\u00eddico desde una perspectiva de g\u00e9nero\u201d, consider\u00f3.<\/p>\n\n\n\n<p class=\"wp-block-paragraph\">La tambi\u00e9n presidenta del Observatorio de Participaci\u00f3n Pol\u00edtica de las Mujeres en Michoac\u00e1n (OPPMM), reconoci\u00f3 a las mujeres que integran la agrupaci\u00f3n Las Constituyentes CDMX, quienes lo impulsaron a nivel nacional y acompa\u00f1aron en Michoac\u00e1n.<\/p>\n\n\n\n<p class=\"wp-block-paragraph\">&nbsp;\u201cLas mujeres estamos en la pol\u00edtica para ejercer nuestro derecho a participar en la vida pol\u00edtica y p\u00fablica del pa\u00eds, pero tambi\u00e9n por la imperiosa necesidad que tenemos de transformar una realidad social que sigue normalizando las desigualdades y las diferencias, las violencias y las discriminaciones en todos los espacios y \u00e1mbitos, y el p\u00fablico y el pol\u00edtico no son una excepci\u00f3n\u201d, afirm\u00f3.<\/p>\n\n\n\n<p class=\"wp-block-paragraph\">La propuesta fue recibida por el consejero presidente del IEM, Ignacio Hurtado G\u00f3mez, las consejeras Carol Berenice Arellano Rangel, Araceli Guti\u00e9rrez Cort\u00e9s, Viridiana Villase\u00f1or Aguirre y Marlene Arisbe Mendoza D\u00edaz de Le\u00f3n.<\/p>\n\n\n\n<p class=\"wp-block-paragraph\">Acompa\u00f1ando la entrega estuvo la feminista, Elvia Higuera P\u00e9rez, impulsora del OPPMM, desde donde ha trabajado para que se logren visibilizar los derechos de las mujeres, tambi\u00e9n acudieron las representantes de las carteras de mujeres de los partidos: Ver\u00f3nica Naranjo, del PRD; Dirvana Aguirre Ochoa, del PVEM; Marisol Aguilar, del PRI, as\u00ed como la ex senadora Roc\u00edo Pineda.<\/p>\n","protected":false},"excerpt":{"rendered":"<p>Se entreg\u00f3 al Consejo General del IEM la propuesta 3 de 3 contra la violencia de g\u00e9nero, para que sea incluida en los lineamientos para el registro de candidatos<\/p>\n","protected":false},"author":3,"featured_media":28401,"comment_status":"open","ping_status":"open","sticky":false,"template":"","format":"standard","meta":{"_monsterinsights_skip_tracking":false,"footnotes":""},"categories":[691,51],"tags":[],"class_list":["post-28400","post","type-post","status-publish","format-standard","has-post-thumbnail","category-691","category-ejecutivo"],"_links":{"self":[{"href":"https:\/\/redsemlac.com\/semmexico\/wp-json\/wp\/v2\/posts\/28400","targetHints":{"allow":["GET"]}}],"collection":[{"href":"https:\/\/redsemlac.com\/semmexico\/wp-json\/wp\/v2\/posts"}],"about":[{"href":"https:\/\/redsemlac.com\/semmexico\/wp-json\/wp\/v2\/types\/post"}],"author":[{"embeddable":true,"href":"https:\/\/redsemlac.com\/semmexico\/wp-json\/wp\/v2\/users\/3"}],"replies":[{"embeddable":true,"href":"https:\/\/redsemlac.com\/semmexico\/wp-json\/wp\/v2\/comments?post=28400"}],"version-history":[{"count":0,"href":"https:\/\/redsemlac.com\/semmexico\/wp-json\/wp\/v2\/posts\/28400\/revisions"}],"wp:featuredmedia":[{"embeddable":true,"href":"https:\/\/redsemlac.com\/semmexico\/wp-json\/wp\/v2\/media\/28401"}],"wp:attachment":[{"href":"https:\/\/redsemlac.com\/semmexico\/wp-json\/wp\/v2\/media?parent=28400"}],"wp:term":[{"taxonomy":"category","embeddable":true,"href":"https:\/\/redsemlac.com\/semmexico\/wp-json\/wp\/v2\/categories?post=28400"},{"taxonomy":"post_tag","embeddable":true,"href":"https:\/\/redsemlac.com\/semmexico\/wp-json\/wp\/v2\/tags?post=28400"}],"curies":[{"name":"wp","href":"https:\/\/api.w.org\/{rel}","templated":true}]}}