{"id":28397,"date":"2020-11-10T21:20:59","date_gmt":"2020-11-10T21:20:59","guid":{"rendered":"https:\/\/redsemlac.com\/semmexico\/?p=28397"},"modified":"2023-07-21T16:37:23","modified_gmt":"2023-07-21T21:37:23","slug":"onu-dh-condeno-la-represion-contra-feministas-en-cancun-y-pide-respeto-a-la-libre-manifestacion","status":"publish","type":"post","link":"https:\/\/redsemlac.com\/semmexico\/onu-dh-condeno-la-represion-contra-feministas-en-cancun-y-pide-respeto-a-la-libre-manifestacion\/","title":{"rendered":"ONU-DH conden\u00f3 la represi\u00f3n contra feministas en Canc\u00fan y pide respeto a la libre manifestaci\u00f3n"},"content":{"rendered":"\n<ul class=\"wp-block-list\"><li><strong>La CNDH deplor\u00f3 los sucesos, habla de presuntas armas y responsabiliza a<\/strong> <strong>la polic\u00eda estatal<\/strong><\/li><li><strong>Ambas organizaciones piden una pronta y clara investigaci\u00f3n y garant\u00edas a la libertad de expresi\u00f3n<\/strong><\/li><\/ul>\n\n\n\n<p class=\"wp-block-paragraph\"><strong>Por Libertad L\u00f3pez<\/strong><\/p>\n\n\n\n<p class=\"wp-block-paragraph\">SemM\u00e9xico, Ciudad de M\u00e9xico. 10 de noviembre 2020.-La&nbsp; oficina de Derechos Humanos de Naciones Unidas conden\u00f3 esta ma\u00f1ana &nbsp;el uso excesivo de la fuerza, incluido el uso de armas de fuego, por la polic\u00eda municipal en la manifestaci\u00f3n que el d\u00eda de ayer exig\u00eda #JusticiaParaAlexis -Bianca Alejandrina Lorenzana Alvarado-, en Canc\u00fan, Quintana Roo.<\/p>\n\n\n\n<p class=\"wp-block-paragraph\">En un comunicado oficial se\u00f1al\u00f3 que las autoridades deben respetar, proteger y promover el derecho a la manifestaci\u00f3n. No se puede hacer uso de armas letales en manifestaciones pac\u00edficas. La polic\u00eda debe regirse por los principios de uso de la fuerza, que incluyen la necesidad, proporcionalidad, prevenci\u00f3n\/precauci\u00f3n y rendici\u00f3n de cuentas.<\/p>\n\n\n\n<p class=\"wp-block-paragraph\">A su vez, en bolet\u00edn oficial la Comisi\u00f3n Nacional de los Derechos Humanos (CNDH) reprob\u00f3 los hechos sucedidos y sostuvo que \u201cpresuntamente\u201d elementos policiales repelieron mediante detonaciones de posibles armas de fuego a manifestantes que se pronunciaban en contra de los feminicidios y violencia de g\u00e9nero esa dicha alcald\u00eda.<\/p>\n\n\n\n<p class=\"wp-block-paragraph\">Luego hizo un llamado a las autoridades correspondientes para que se realice una investigaci\u00f3n objetiva, sin dilaci\u00f3n, independiente, y seria, que evite la impunidad, analizando ampliamente el ejercicio de la fuerza p\u00fablica por los elementos estatales responsables, as\u00ed como en irrestricto apego a las l\u00edneas de indagaci\u00f3n vinculada con la labor period\u00edstica de las presuntas v\u00edctimas del evento. Preocupaci\u00f3n en la l\u00ednea exacta del presidente de la Rep\u00fablica. Afirm\u00f3 que estar\u00e1 pendiente de la evoluci\u00f3n de los acontecimientos, as\u00ed como de las intervenciones de las instancias p\u00fablicas.&nbsp;<\/p>\n\n\n\n<p class=\"wp-block-paragraph\">Para Naciones Unidas, es esencial investigar el operativo, dado a que las autoridades civiles dieron a conocer que hab\u00edan girado instrucciones expl\u00edcitas de no agresiones y no usar armas en la marcha de este 9 de noviembre.<\/p>\n\n\n\n<p class=\"wp-block-paragraph\">Ahonda la ONU y se\u00f1ala que las agresiones contra periodistas, cuya labor resulta esencial para una sociedad libre, democr\u00e1tica y plural deben tambi\u00e9n ser investigadas. Resulta muy preocupante el elevado n\u00famero de periodistas lesionados durante estos hechos.<\/p>\n\n\n\n<p class=\"wp-block-paragraph\">Luego ONU-DH rechaz\u00f3 los actos policiales contra personal de Derechos Humanos Quintana Roo que monitoreaba la actuaci\u00f3n de las autoridades, y cuya funci\u00f3n resulta esencial para garantizar los derechos humanos.<\/p>\n\n\n\n<p class=\"wp-block-paragraph\">Igualmente se solidariza con las personas lesionadas durante la manifestaci\u00f3n o que fueron detenidas arbitrariamente y llama a las autoridades al pronto esclarecimiento de estos rechazables actos violentos. Finalmente, expres\u00f3 su solidaridad con las familias de las mujeres y ni\u00f1as v\u00edctimas de feminicidio en el estado. #JusticiaParaAlexis y para todas las v\u00edctimas de feminicidio<\/p>\n\n\n\n<p class=\"wp-block-paragraph\"><strong>CNDH COMPROMETIDA&nbsp;<\/strong><\/p>\n\n\n\n<p class=\"wp-block-paragraph\">El bolet\u00edn de la CNDH afirma que se apresta a atender \u201cel caso\u201d ante las demandas que se multiplicaron la noche y la ma\u00f1ana de hoy, y agreg\u00f3 que lo har\u00e1 en concordancia con el Sistema Interamericano de los Derechos Humanos.<\/p>\n\n\n\n<p class=\"wp-block-paragraph\">Consider\u00f3 que en caso de manifestaciones o protestas sociales, los agentes estatales s\u00f3lo pueden hacer uso de la fuerza estrictamente necesaria y con la finalidad de proteger a las personas presentes en la manifestaci\u00f3n.<\/p>\n\n\n\n<p class=\"wp-block-paragraph\">Advirti\u00f3, que en estos hechos, si no se aclaran incidir\u00eda negativamente y de manera grave en un pleno ejercicio al derecho a la libertad de expresi\u00f3n y manifestaci\u00f3n, derechos indispensables en toda sociedad que se juzgue democr\u00e1tica.<\/p>\n\n\n\n<p class=\"wp-block-paragraph\">Se dijo preocupada sensiblemente l ya que, sucesos como el descrito y dentro de un contexto nacional de crecientes y alarmantes agresiones y riesgos que enfrentan las personas comunicadoras, impactan severamente y de manera negativa al ejercicio del derecho a la libertad de expresi\u00f3n de ellas y ellos, de cara a las m\u00faltiples y plurales manifestaciones que acompa\u00f1an y documentan.<\/p>\n\n\n\n<p class=\"wp-block-paragraph\">Finalmente hizo un llamado a las autoridades correspondientes para que se lleve a cabo una investigaci\u00f3n objetiva, sin dilaci\u00f3n, independiente, y seria, que evite la impunidad. Habla de la actuaci\u00f3n de \u201clos elementos estatales responsables, as\u00ed como en irrestricto apego a las l\u00edneas de indagaci\u00f3n vinculada con la labor period\u00edstica de las presuntas v\u00edctimas\u201d. Tres mujeres periodistas, 5 activistas y 2 periodistas hombres.<\/p>\n","protected":false},"excerpt":{"rendered":"<p>La CNDH deplor\u00f3 los sucesos, habla de presuntas armas y responsabiliza a la polic\u00eda estatal<\/p>\n","protected":false},"author":3,"featured_media":28398,"comment_status":"open","ping_status":"open","sticky":false,"template":"","format":"standard","meta":{"_monsterinsights_skip_tracking":false,"footnotes":""},"categories":[691,51],"tags":[],"class_list":["post-28397","post","type-post","status-publish","format-standard","has-post-thumbnail","category-691","category-ejecutivo"],"_links":{"self":[{"href":"https:\/\/redsemlac.com\/semmexico\/wp-json\/wp\/v2\/posts\/28397","targetHints":{"allow":["GET"]}}],"collection":[{"href":"https:\/\/redsemlac.com\/semmexico\/wp-json\/wp\/v2\/posts"}],"about":[{"href":"https:\/\/redsemlac.com\/semmexico\/wp-json\/wp\/v2\/types\/post"}],"author":[{"embeddable":true,"href":"https:\/\/redsemlac.com\/semmexico\/wp-json\/wp\/v2\/users\/3"}],"replies":[{"embeddable":true,"href":"https:\/\/redsemlac.com\/semmexico\/wp-json\/wp\/v2\/comments?post=28397"}],"version-history":[{"count":0,"href":"https:\/\/redsemlac.com\/semmexico\/wp-json\/wp\/v2\/posts\/28397\/revisions"}],"wp:featuredmedia":[{"embeddable":true,"href":"https:\/\/redsemlac.com\/semmexico\/wp-json\/wp\/v2\/media\/28398"}],"wp:attachment":[{"href":"https:\/\/redsemlac.com\/semmexico\/wp-json\/wp\/v2\/media?parent=28397"}],"wp:term":[{"taxonomy":"category","embeddable":true,"href":"https:\/\/redsemlac.com\/semmexico\/wp-json\/wp\/v2\/categories?post=28397"},{"taxonomy":"post_tag","embeddable":true,"href":"https:\/\/redsemlac.com\/semmexico\/wp-json\/wp\/v2\/tags?post=28397"}],"curies":[{"name":"wp","href":"https:\/\/api.w.org\/{rel}","templated":true}]}}