{"id":28393,"date":"2020-11-10T21:01:28","date_gmt":"2020-11-10T21:01:28","guid":{"rendered":"https:\/\/redsemlac.com\/semmexico\/?p=28393"},"modified":"2023-07-21T16:37:23","modified_gmt":"2023-07-21T21:37:23","slug":"violencias-machistas-desafios-para-los-medios-de-comunicacion","status":"publish","type":"post","link":"https:\/\/redsemlac.com\/semmexico\/violencias-machistas-desafios-para-los-medios-de-comunicacion\/","title":{"rendered":"Violencias machistas: desaf\u00edos para los medios de comunicaci\u00f3n"},"content":{"rendered":"\n<p class=\"wp-block-paragraph\"><strong>De la Redacci\u00f3n<\/strong><\/p>\n\n\n\n<p class=\"wp-block-paragraph\">SemM\u00e9xico\/ SEMlac. La Habana, Cuba. 10 de noviembre 2020.- La violencia machista debe abordarse en los medios de comunicaci\u00f3n desde una perspectiva \u00e9tica y comprometida con los derechos de las mujeres, que no las revictimice ni silencie, expusieron participantes en el seminario taller Violencia de g\u00e9nero y medios, los d\u00edas 3 y 4 de noviembre en la capital cubana.<\/p>\n\n\n\n<p class=\"wp-block-paragraph\">Convocado por la C\u00e1tedra de G\u00e9nero y Comunicaci\u00f3n \u00abMirta Aguirre\u00bb, el encuentro es una de las acciones de capacitaci\u00f3n que anualmente realiza el Instituto Internacional de Periodismo \u00abJos\u00e9 Mart\u00ed\u00bb para ofrecerles a periodistas y profesionales de la comunicaci\u00f3n conocimientos, herramientas y buenas pr\u00e1cticas en el tratamiento medi\u00e1tico de este tipo de violencia.<\/p>\n\n\n\n<p class=\"wp-block-paragraph\">De ese modo se reinici\u00f3 el programa docente de esa instituci\u00f3n, en medio de la pandemia de Covid-19, que esta vez se adapt\u00f3 a un d\u00eda de conferencia virtual y otro de encuentro presencial en un taller de buenas pr\u00e1cticas.<\/p>\n\n\n\n<p class=\"wp-block-paragraph\">\u00abLa violencia de g\u00e9nero es la manifestaci\u00f3n extrema y m\u00e1s grave de las inequidades de g\u00e9nero, porque puede haber peligro para la vida\u00bb, alert\u00f3 la psic\u00f3loga Mareel\u00e9n D\u00edaz Tenorio, al intervenir en la conferencia virtual, a la cual tuvieron acceso m\u00e1s de una veintena de periodistas de diversas provincias.<\/p>\n\n\n\n<p class=\"wp-block-paragraph\">\u00abNo es una forma m\u00e1s de violencia. Es una violencia estructural que act\u00faa como mecanismo de dominaci\u00f3n y control, sustentada en un modelo de sociedad patriarcal\u00bb, precis\u00f3 la especialista del Centro Oscar Arnulfo Romero (OAR).<\/p>\n\n\n\n<p class=\"wp-block-paragraph\">La experta explic\u00f3 que es una violencia que supone siempre una asimetr\u00eda de poder, se gesta en la desigualdad real o simb\u00f3lica, en jerarqu\u00edas que ignoran derechos y oportunidades, y son las mujeres, las ni\u00f1as y los ni\u00f1os las personas m\u00e1s afectadas.<\/p>\n\n\n\n<p class=\"wp-block-paragraph\">Al decir de Osmayda Hern\u00e1ndez, del secretariado nacional de la Federaci\u00f3n de Mujeres Cubanas (FMC), este es un problema generalizado y sist\u00e9mico, con frecuencia naturalizado e invisibilizado.<\/p>\n\n\n\n<p class=\"wp-block-paragraph\">La FMC, organizaci\u00f3n que agrupa a m\u00e1s de cuatro millones de cubanas, coordina un grupo multidisciplinario que abarca los \u00e1mbitos jur\u00eddico, de salud y las ciencias sociales, y trabaja en la elaboraci\u00f3n de una estrategia integral en los \u00e1mbitos de educaci\u00f3n, capacitaci\u00f3n, sensibilizaci\u00f3n, enfrentamiento, asistencia y comunicaci\u00f3n de este problema.<\/p>\n\n\n\n<p class=\"wp-block-paragraph\">Hern\u00e1ndez explic\u00f3 que el grupo se enfoca en la revisi\u00f3n de protocolos de actuaci\u00f3n, procedimientos y planes de acci\u00f3n de instituciones, organismos y ministerios para la prevenci\u00f3n y atenci\u00f3n de la violencia contra la mujer, as\u00ed como en el establecimiento de una l\u00ednea telef\u00f3nica de atenci\u00f3n a mujeres en situaci\u00f3n de violencia.<\/p>\n\n\n\n<p class=\"wp-block-paragraph\">Para la jurista Yamila Gonz\u00e1lez Ferrer, es clave igualmente la vinculaci\u00f3n de este problema con el \u00e1mbito jur\u00eddico. Por ello, explic\u00f3, en el plano de la igualdad formal es importante que en la letra de la ley se reflejen los cambios que necesitamos; pero tambi\u00e9n entender que ello, por s\u00ed solo, no es suficiente.<\/p>\n\n\n\n<p class=\"wp-block-paragraph\">En el camino de alcanzar la igualdad sustantiva se requiere tambi\u00e9n de otros muchos aspectos, como la valoraci\u00f3n de la diferencia, la equidad, la igualdad real, material o de facto, la transformaci\u00f3n de patrones socio-culturales y la responsabilidad estatal en la prohibici\u00f3n de la discriminaci\u00f3n, dijo la vicepresidenta de la Uni\u00f3n Nacional de Juristas de Cuba.<\/p>\n\n\n\n<p class=\"wp-block-paragraph\">Igualmente, habl\u00f3 de la necesidad de contar con mecanismos e instrumentos de orden sustantivo y procesal, que puedan allanar el camino para el tratamiento de los casos de violencia; as\u00ed como protocolos de actuaci\u00f3n.<\/p>\n\n\n\n<p class=\"wp-block-paragraph\"><strong>Empoderar en vez de victimizar<\/strong><\/p>\n\n\n\n<p class=\"wp-block-paragraph\">\u00abLos medios de comunicaci\u00f3n deben ser un \u00e1mbito para visibilizar y problematizar socialmente este problema\u00bb, sostuvo la periodista Dixie Edith Trinquete.<\/p>\n\n\n\n<p class=\"wp-block-paragraph\">La tambi\u00e9n profesora de la Universidad de La Habana inst\u00f3 a periodistas y profesionales de la comunicaci\u00f3n a conocer elementos te\u00f3ricos de g\u00e9nero y violencia de g\u00e9nero, adem\u00e1s de identificar las relaciones de poder y la cultura patriarcal, que est\u00e1n en el origen de las violencias de g\u00e9nero.<\/p>\n\n\n\n<p class=\"wp-block-paragraph\">\u00abHay que manejar estad\u00edsticas, pero no relativizar. Una sola mujer violentada es suficiente para que sea necesaria la actuaci\u00f3n de la prensa\u00bb, puntualiz\u00f3.<\/p>\n\n\n\n<p class=\"wp-block-paragraph\">Entre otras recomendaciones, llam\u00f3 a evitar el espect\u00e1culo medi\u00e1tico, la estigmatizaci\u00f3n, culpabilizaci\u00f3n y sexualizaci\u00f3n de las mujeres que padecen o han padecido violencia; adem\u00e1s de situar el contenido de la noticia como una violaci\u00f3n de los derechos humanos que atenta contra la libertad y la dignidad de las mujeres.<\/p>\n\n\n\n<p class=\"wp-block-paragraph\">Tambi\u00e9n abog\u00f3 por presentar cada agresi\u00f3n o asesinato no como caso aislado, sino como parte de la violencia generalizada contra las mujeres, y promover el rechazo social a este problema social, de salud y derechos humanos.<\/p>\n\n\n\n<p class=\"wp-block-paragraph\">Acerca de c\u00f3mo presentar las violencias machistas en los medios se habl\u00f3 durante el segundo d\u00eda de trabajo, en taller presencial sobre buenas pr\u00e1cticas.<\/p>\n\n\n\n<p class=\"wp-block-paragraph\">Los medios pueden sostener las violencias o ser grandes aliados en su prevenci\u00f3n y denuncia, alert\u00f3 la periodista Lirians Gordillo Pi\u00f1a.<\/p>\n\n\n\n<p class=\"wp-block-paragraph\">Por un lado, pueden naturalizar la existencia de las diversas expresiones de la violencia sexista en espacios privados y p\u00fablicos y tambi\u00e9n reproducir los mitos e imaginarios que la sostienen. Por otro, pueden poner en evidencia esas violencias naturalizadas o desmontar los imaginarios sociales que la mantienen, coment\u00f3 la periodista de la revista Muchacha, de la Editorial de la Mujer.<\/p>\n\n\n\n<p class=\"wp-block-paragraph\">\u00abA los medios les corresponde explicar los resortes sobre los cuales esas violencias se producen y reproducen, para que deje de ser un asunto privado y se considere como realmente es: un problema de salud, social y de derechos humanos de las mujeres\u00bb, se\u00f1al\u00f3 Sara M\u00e1s, quien coordina la C\u00e1tedra de Genero y Comunicaci\u00f3n \u00abMirta Aguirre\u00bb, creada por la reconocida periodista y acad\u00e9mica cubana Isabel Moya Richard (1961-2018).<\/p>\n\n\n\n<p class=\"wp-block-paragraph\">La violencia contra las mujeres no es un suceso, un hecho aislado, ni una noticia convencional. No es un hecho privado, sino social; es necesario ponerla en contexto, sostuvo la periodista de la revista Mujeres y corresponsal de SEMlac en La Habana.<\/p>\n\n\n\n<p class=\"wp-block-paragraph\">Se\u00f1al\u00f3 que, adem\u00e1s de una exposici\u00f3n rigurosa y conocimiento del problema, su abordaje medi\u00e1tico necesita de fuentes apropiadas, incluidas voces especializadas, de la academia, la investigaci\u00f3n, organizaciones e instituciones que aporten profundidad y claridad al an\u00e1lisis, as\u00ed como mujeres en situaci\u00f3n de violencia, maltratadores, juristas, personal de trabajo social y otras disciplinas, autoridades policiales, entre otras.<\/p>\n\n\n\n<p class=\"wp-block-paragraph\">Las buenas pr\u00e1cticas recomiendan no publicar im\u00e1genes y textos vejatorios para las v\u00edctimas o que laceren la dignidad de las mujeres, eliminar enfoques morbosos y melodram\u00e1ticos, y no quedarse solo en la exposici\u00f3n de un hecho particular.<\/p>\n\n\n\n<p class=\"wp-block-paragraph\">\u00abTambi\u00e9n se desmonta la violencia machista cuando se evidencian las brechas y estereotipos de g\u00e9nero, las relaciones de poder sustentadas en la superioridad masculina y la subordinaci\u00f3n femenina en todos los espacios de la vida privada y p\u00fablica, la cosificaci\u00f3n de las mujeres y su explotaci\u00f3n como objeto sexual y del deseo\u00bb, valor\u00f3 Sara M\u00e1s.<\/p>\n\n\n\n<p class=\"wp-block-paragraph\">Durante los intercambios, periodistas de diversas partes del pa\u00eds insistieron en la necesidad de romper las zonas de silencio sobre la violencia contra mujeres y ni\u00f1as en los medios, asumir ese relato de forma responsable y alejada de sensacionalismos, enfocar mensajes y productos dirigidos a los hombres y propiciar tambi\u00e9n la formaci\u00f3n de decisores pol\u00edticos y de espacios de comunicaci\u00f3n.<\/p>\n","protected":false},"excerpt":{"rendered":"<p> La violencia machista debe abordarse en los medios de comunicaci\u00f3n desde una perspectiva \u00e9tica y comprometida con los derechos de las mujeres<\/p>\n","protected":false},"author":3,"featured_media":28394,"comment_status":"open","ping_status":"open","sticky":false,"template":"","format":"standard","meta":{"_monsterinsights_skip_tracking":false,"footnotes":""},"categories":[691,53],"tags":[],"class_list":["post-28393","post","type-post","status-publish","format-standard","has-post-thumbnail","category-691","category-internacional"],"_links":{"self":[{"href":"https:\/\/redsemlac.com\/semmexico\/wp-json\/wp\/v2\/posts\/28393","targetHints":{"allow":["GET"]}}],"collection":[{"href":"https:\/\/redsemlac.com\/semmexico\/wp-json\/wp\/v2\/posts"}],"about":[{"href":"https:\/\/redsemlac.com\/semmexico\/wp-json\/wp\/v2\/types\/post"}],"author":[{"embeddable":true,"href":"https:\/\/redsemlac.com\/semmexico\/wp-json\/wp\/v2\/users\/3"}],"replies":[{"embeddable":true,"href":"https:\/\/redsemlac.com\/semmexico\/wp-json\/wp\/v2\/comments?post=28393"}],"version-history":[{"count":0,"href":"https:\/\/redsemlac.com\/semmexico\/wp-json\/wp\/v2\/posts\/28393\/revisions"}],"wp:featuredmedia":[{"embeddable":true,"href":"https:\/\/redsemlac.com\/semmexico\/wp-json\/wp\/v2\/media\/28394"}],"wp:attachment":[{"href":"https:\/\/redsemlac.com\/semmexico\/wp-json\/wp\/v2\/media?parent=28393"}],"wp:term":[{"taxonomy":"category","embeddable":true,"href":"https:\/\/redsemlac.com\/semmexico\/wp-json\/wp\/v2\/categories?post=28393"},{"taxonomy":"post_tag","embeddable":true,"href":"https:\/\/redsemlac.com\/semmexico\/wp-json\/wp\/v2\/tags?post=28393"}],"curies":[{"name":"wp","href":"https:\/\/api.w.org\/{rel}","templated":true}]}}