{"id":28386,"date":"2020-11-10T20:07:52","date_gmt":"2020-11-10T20:07:52","guid":{"rendered":"https:\/\/redsemlac.com\/semmexico\/?p=28386"},"modified":"2023-07-21T16:37:23","modified_gmt":"2023-07-21T21:37:23","slug":"destituyen-al-jefe-policiaco-de-benito-juarez-quintana-roo-por-balear-a-feministas","status":"publish","type":"post","link":"https:\/\/redsemlac.com\/semmexico\/destituyen-al-jefe-policiaco-de-benito-juarez-quintana-roo-por-balear-a-feministas\/","title":{"rendered":"Destituyen al jefe policiaco de Benito Ju\u00e1rez, Quintana Roo por balear a feministas"},"content":{"rendered":"\n<ul class=\"wp-block-list\"><li><strong>Activistas, Amnist\u00eda Internacional y legisladoras exigen investigaci\u00f3n satisfactoria<\/strong><\/li><li><strong>Hasta ahora 5 manifestantes y periodistas con heridas de bala y 4 detenciones<\/strong><\/li><\/ul>\n\n\n\n<p class=\"wp-block-paragraph\"><strong>Atenea Mej\u00eda<\/strong><\/p>\n\n\n\n<p class=\"wp-block-paragraph\">SemM\u00e9xico, Ciudad de M\u00e9xico. 10 de noviembre 2020.-Luego de que diversas organizaciones civiles nacionales e internacionales, as\u00ed como defensoras de derechos humanos y feministas condenaran que la polic\u00eda de Canc\u00fan, Quintana Roo, dispersara ayer a balazos una manifestaci\u00f3n de mujeres en la que exig\u00edan justicia por el feminicidio de Bianca Alejandrina Lorenza, conocida como Alexis, fue destituido de su cargo el director de Seguridad P\u00fablica de aquella localidad, Eduardo Santamar\u00eda.<\/p>\n\n\n\n<p class=\"wp-block-paragraph\">La destituci\u00f3n sucede, igualmente, tras la presi\u00f3n que se hizo trav\u00e9s de redes sociales, exigiendo a las autoridades federales, estatales y municipales, un cese a la represi\u00f3n en aquella entidad, pues las balas alcanzaron a diversas manifestantes y periodistas que cubr\u00edan el evento.<\/p>\n\n\n\n<p class=\"wp-block-paragraph\">La manifestaci\u00f3n se dio para exigir el esclarecimiento del feminicidio de Alexis y para exigir un cese a la violencia contra las mujeres, pues de acuerdo a las autoridades de la Fiscal\u00eda General de Quintana Roo, en lo que va del a\u00f1o se tienen registrados 12 asesinatos en contra de mujeres.<\/p>\n\n\n\n<p class=\"wp-block-paragraph\">Lac\u00f3nico el presidente Andr\u00e9s L\u00f3pez Obrador, de la represi\u00f3n a las feministas en Canc\u00fan dijo en su ma\u00f1anera de hoy, que el asunto lo debe investigar, identificar al o los responsables, si hubo autor intelectual y establecer sanciones es el gobernador Carlos Manuel Joaqu\u00edn Gonz\u00e1lez, y como acostumbra se concret\u00f3 a lanzar una consigna no se debe utilizar la fuerza, ni armas, ni disparar porque eso son actitudes autoritarias, \u201cno a la represi\u00f3n\u201d y eso dijo pod\u00eda decir. Luego, insisti\u00f3, que se trata de un tema de la polic\u00eda de Quintana Roo. Y aunque ya no quer\u00eda tomar responsabilidad, dijo que \u201chay dos versiones, una que tuvo que ver con el gobierno municipal y la otra que fue la polic\u00eda estatal\u201d. Aunque, le explic\u00f3 a la prensa que habiendo un mando \u00fanico, es la polic\u00eda estatal la que tiene el control de las polic\u00edas municipales.<\/p>\n\n\n\n<p class=\"wp-block-paragraph\">Durante estas agresiones, hubo personas detenidas y heridas de bala, de ello dio cuenta la colectiva Sororas de Canc\u00fan. Las personas detenidas son: Juli\u00e1n Fernando Ram\u00edrez Olivares, Naomi Quetzaly Rojas Dom\u00ednguez, Mar\u00eda Elena Garc\u00eda Oronzor y Alan Raciel Ihuit Miguel.<\/p>\n\n\n\n<p class=\"wp-block-paragraph\">Mientras que las personas heridas de bala son: Selene Hidrogo, Cecilia Sol\u00eds, Roberto Becerril, Santiago Rodas y Wendy Galarza.<\/p>\n\n\n\n<p class=\"wp-block-paragraph\">La feminista y diputada por el partido Movimiento Ciudadano, Martha Tagle Mart\u00ednez dijo a trav\u00e9s de su cuenta de Twitter \u201cahora resulta que todas las autoridades de Quintana Roo se lavan las manos y nadie orden\u00f3 la represi\u00f3n violenta de las manifestantes en Municipio Benito Ju\u00e1rez (Canc\u00fan). Es el colmo. Exigimos se libere a las detenidas, se investigue y se sancione responsables\u201d.<\/p>\n\n\n\n<p class=\"wp-block-paragraph\">Mientras que Mujeres en Plural, en esa misma red social manifest\u00f3 \u201ccondenamos la brutal represi\u00f3n policial en el municipio de Benito Ju\u00e1rez, Quintana Roo, con los derechos pol\u00edticos a la protesta y la libertad de expresi\u00f3n de las mujeres ante la impunidad por los feminicidios recientes. Esta violencia mis\u00f3gina alcanz\u00f3 la tarea valiosa que realizan las reporteras quien fueron atacadas con armas de fuego\u201d.<\/p>\n\n\n\n<p class=\"wp-block-paragraph\">En ese tenor exigieron a los gobiernos federal y estatal \u201cque paren la represi\u00f3n, pongan en libertad a las mujeres detenidas y garantice una investigaci\u00f3n aut\u00f3noma y expedita contra quien o quienes dieron orden a la polic\u00eda de utilizar sus armas de fuego en contra de las manifestantes y periodistas\u201d.<\/p>\n\n\n\n<p class=\"wp-block-paragraph\">La Colectiva Nosotras Tenemos Otros Datos lanz\u00f3 un SOS por Redes Sociales diciendo \u201cmanifestamos nuestro rechazo absoluto por los actos de represi\u00f3n y violaciones graves de DDHH de las manifestantes en #QuintanaRooFeminicida #cancunfeminicida exigimos la liberaci\u00f3n inmediata de detenidas\u201d<\/p>\n\n\n\n<p class=\"wp-block-paragraph\">Por su parte la organizaci\u00f3n Amnist\u00eda Internacional twitteo \u201c<a href=\"https:\/\/twitter.com\/hashtag\/QRoo?src=hashtag_click\">#QRoo<\/a> es un estado m\u00e1s que reprime las manifestaciones de mujeres. Exigimos informar qui\u00e9n dio la orden del uso excesivo de la fuerza y de armas letales, dar a conocer la corporaci\u00f3n policiaca que particip\u00f3, e investigar y sancionar estas violaciones a DDHH. <a href=\"https:\/\/twitter.com\/hashtag\/EstaremosVigilando?src=hashtag_click\">#EstaremosVigilando<\/a>\u201d<\/p>\n\n\n\n<p class=\"wp-block-paragraph\">Por su parte el Instituto Nacional de las Mujeres (INMUJERES) tambi\u00e9n a trav\u00e9s de su cuenta de Twitter mencion\u00f3 \u201creprobamos el uso de la fuerza p\u00fablica para reprimir la manifestaci\u00f3n feminista del d\u00eda de hoy en el municipio de Benito Ju\u00e1rez, #QuintanaRoo.<\/p>\n\n\n\n<p class=\"wp-block-paragraph\">\u201cExhortamos a la investigaci\u00f3n de los hechos de violencia ocurridos y a que se castigue a quienes resulten responsables de los hechos.<\/p>\n\n\n\n<p class=\"wp-block-paragraph\">\u201cLa Cuarta Transformaci\u00f3n basa su proyecto en el di\u00e1logo, la paz y la libre manifestaci\u00f3n de las ideas, por ning\u00fan motivo seremos indolentes ante situaciones en las cuales hay un uso injustificado de la fuerza p\u00fablica para reprimir una manifestaci\u00f3n feminista.<\/p>\n\n\n\n<p class=\"wp-block-paragraph\">\u201cAsimismo, condenamos el uso de armas de fuego por parte de las fuerzas de seguridad y refrendamos el llamado para garantizar la seguridad y la libertad de manifestaci\u00f3n pac\u00edfica de las mujeres ante el justo reclamo de #NiUnaMas\u201d<\/p>\n\n\n\n<p class=\"wp-block-paragraph\">El Gobernador de Quintana Roo, Carlos Joaqu\u00edn, dijo que desaprueba los actos de violencia que se dieron en Canc\u00fan. \u201cRepruebo totalmente la intimidaci\u00f3n y agresi\u00f3n contra las y los manifestantes. Di instrucciones precisas de NO agresiones y NO armas en las marchas que se dar\u00edan el d\u00eda de hoy\u201d<\/p>\n\n\n\n<p class=\"wp-block-paragraph\">\u201cInvestigar\u00e9 al irresponsable que dio instrucciones diferentes a \u00e9stas y ha provocado toda esta situaci\u00f3n complicada para la sociedad de #QuintanaRoo. Actuar\u00e9 con firmeza para que se aplique la ley a quien cometi\u00f3 esta agresi\u00f3n\u201d.<\/p>\n\n\n\n<p class=\"wp-block-paragraph\">El anuncio de la destituci\u00f3n del jefe policiaco, lo hizo la presidenta municipal de Canc\u00fan, Mara Lezama, a trav\u00e9s del noticiario de Radio F\u00f3rmula dijo \u201cs\u00ed, fue separado del cargo porque tenemos que hacer la destituci\u00f3n como debe ser; tenemos que hacer el tr\u00e1mite\u201d. Hasta este momento se desconoce la responsabilidad de otros atacantes.<\/p>\n\n\n\n<p class=\"wp-block-paragraph\">En ese mismo espacio informativo, Alberto Capella, secretario de Seguridad de Quintana Roo, manifest\u00f3 que \u201clas instalaciones (del Palacio Municipal) no estaban resguardadas de forma debida y no hab\u00eda las condiciones de seguridad para atender el tema. Genera un poco m\u00e1s de estr\u00e9s en los polic\u00edas que, al ver una cantidad de fuego, llevaron a cometer la peor estupidez habida y por haber\u00bb.<\/p>\n\n\n\n<p class=\"wp-block-paragraph\">En el siguiente video se puede ver el momento en que los polic\u00edas disparan en contra de las manifestantes. Es un v\u00eddeo de Novedades de Quer\u00e9taro, que fue distribuido en su cuenta oficial de Twitter @novedadesqroo &nbsp;<\/p>\n\n\n\n<figure class=\"wp-block-embed-twitter wp-block-embed is-type-rich is-provider-twitter\"><div class=\"wp-block-embed__wrapper\">\n<blockquote class=\"twitter-tweet\" data-width=\"550\" data-dnt=\"true\"><p lang=\"es\" dir=\"ltr\"><a href=\"https:\/\/twitter.com\/hashtag\/Ahora?src=hash&amp;ref_src=twsrc%5Etfw\">#Ahora<\/a> | Nuestro reportero Alejandro Castro, capta el momento exacto en el que los polic\u00edas municipales de <a href=\"https:\/\/twitter.com\/hashtag\/Canc%C3%BAn?src=hash&amp;ref_src=twsrc%5Etfw\">#Canc\u00fan<\/a> abren fuego para dispersar la manifestaci\u00f3n. <a href=\"https:\/\/t.co\/ZDg17M5KB8\">pic.twitter.com\/ZDg17M5KB8<\/a><\/p>&mdash; Novedades de Quintana Roo (@novedadesqroo) <a href=\"https:\/\/twitter.com\/novedadesqroo\/status\/1325969841505906691?ref_src=twsrc%5Etfw\">November 10, 2020<\/a><\/blockquote><script async src=\"https:\/\/platform.twitter.com\/widgets.js\" charset=\"utf-8\"><\/script>\n<\/div><\/figure>\n","protected":false},"excerpt":{"rendered":"<p>Hasta ahora 5 manifestantes y periodistas con heridas de bala y 4 detenciones<\/p>\n","protected":false},"author":3,"featured_media":28387,"comment_status":"open","ping_status":"open","sticky":false,"template":"","format":"standard","meta":{"_monsterinsights_skip_tracking":false,"footnotes":""},"categories":[691,54],"tags":[],"class_list":["post-28386","post","type-post","status-publish","format-standard","has-post-thumbnail","category-691","category-mujeres"],"_links":{"self":[{"href":"https:\/\/redsemlac.com\/semmexico\/wp-json\/wp\/v2\/posts\/28386","targetHints":{"allow":["GET"]}}],"collection":[{"href":"https:\/\/redsemlac.com\/semmexico\/wp-json\/wp\/v2\/posts"}],"about":[{"href":"https:\/\/redsemlac.com\/semmexico\/wp-json\/wp\/v2\/types\/post"}],"author":[{"embeddable":true,"href":"https:\/\/redsemlac.com\/semmexico\/wp-json\/wp\/v2\/users\/3"}],"replies":[{"embeddable":true,"href":"https:\/\/redsemlac.com\/semmexico\/wp-json\/wp\/v2\/comments?post=28386"}],"version-history":[{"count":0,"href":"https:\/\/redsemlac.com\/semmexico\/wp-json\/wp\/v2\/posts\/28386\/revisions"}],"wp:featuredmedia":[{"embeddable":true,"href":"https:\/\/redsemlac.com\/semmexico\/wp-json\/wp\/v2\/media\/28387"}],"wp:attachment":[{"href":"https:\/\/redsemlac.com\/semmexico\/wp-json\/wp\/v2\/media?parent=28386"}],"wp:term":[{"taxonomy":"category","embeddable":true,"href":"https:\/\/redsemlac.com\/semmexico\/wp-json\/wp\/v2\/categories?post=28386"},{"taxonomy":"post_tag","embeddable":true,"href":"https:\/\/redsemlac.com\/semmexico\/wp-json\/wp\/v2\/tags?post=28386"}],"curies":[{"name":"wp","href":"https:\/\/api.w.org\/{rel}","templated":true}]}}