{"id":28382,"date":"2020-11-10T17:01:03","date_gmt":"2020-11-10T17:01:03","guid":{"rendered":"https:\/\/redsemlac.com\/semmexico\/?p=28382"},"modified":"2023-07-21T16:37:23","modified_gmt":"2023-07-21T21:37:23","slug":"politiqueria","status":"publish","type":"post","link":"https:\/\/redsemlac.com\/semmexico\/politiqueria\/","title":{"rendered":"Politiquer\u00eda"},"content":{"rendered":"\n<h2 class=\"wp-block-heading\">Entresemana<\/h2>\n\n\n\n<p class=\"has-text-align-right wp-block-paragraph\"><strong><em>En memoria de mis colegas y amigas Mariela Ch\u00e1zaro y Yolanda Hern\u00e1ndez<\/em><\/strong><\/p>\n\n\n\n<p class=\"wp-block-paragraph\"><strong>Mois\u00e9s S\u00e1nchez Lim\u00f3n<\/strong><\/p>\n\n\n\n<p class=\"wp-block-paragraph\"><strong>SemM\u00e9xico, Ciudad de M\u00e9xico, 10 de noviembre 2020.- <\/strong>Aquel 5 de octubre de 1999 Miguel Alem\u00e1n Velasco vest\u00eda pulcramente en la pista a\u00e9rea de Poza Rica, Veracruz. Acud\u00eda a recibir al presidente Ernesto Zedillo Ponce de Le\u00f3n. El entonces gobernador vest\u00eda pantal\u00f3n de lino que hac\u00eda juego con los zapatos de ante color beige y la camisa blanca, sin duda de hilo egipcio.<\/p>\n\n\n\n<p class=\"wp-block-paragraph\">Los comentarios en voz baja cuestionaban la vestimenta del gobernador para la gira de trabajo en la que acompa\u00f1ar\u00eda a Ernesto Zedillo.<\/p>\n\n\n\n<p class=\"wp-block-paragraph\">Pero Miguel Alem\u00e1n no perd\u00eda la figura; sus caras ropas estaban destinadas, indudablemente, a la basura una vez concluido el periplo de Zedillo e integrantes de su gabinete para atender a los damnificados por las severas lluvias que hab\u00edan provocado graves da\u00f1os en varios municipios de Veracruz. Poza Rica era zona de desastre.<\/p>\n\n\n\n<p class=\"wp-block-paragraph\">As\u00ed que cuando Ernesto Zedillo decidi\u00f3 recorrer una zona habitacional inundada y caminar entre las aguas negras que llegaban, en algunos lugares, a la cintura, todo el mundo volte\u00f3 a ver al neoliberal Miguel Alem\u00e1n y lamentar el destino de sus mocasines de ante. Pero Miguel no se inmut\u00f3 y le entr\u00f3 al recorrido.<\/p>\n\n\n\n<p class=\"wp-block-paragraph\">S\u00ed, el neoliberal Ernesto Zedillo fue a Poza Rica, Veracruz, para atender personalmente las necesidades de la poblaci\u00f3n damnificada por inundaciones consecuencia de lluvias at\u00edpicas.<\/p>\n\n\n\n<p class=\"wp-block-paragraph\">Luego recorrer\u00eda localidades de la Sierra Norte de Puebla. La desgracia era la constante; la tragedia que enlutaba a familias pobres, a quienes viv\u00edan en las laderas de las barrancas colmadas de vegetaci\u00f3n y aquellas que, en la zona norte veracruzana, habitaban en colonias populares cuyas casas acusaban lodazales de detritus que las inundaron.<\/p>\n\n\n\n<p class=\"wp-block-paragraph\">\u00bfCu\u00e1ntas vidas se perdieron? Solo en Veracruz el registro fue superior a 300; en Puebla cerca de 200. Cifras oficiales porque las reales nunca trascendieron.<\/p>\n\n\n\n<p class=\"wp-block-paragraph\">Entonces como luego en 2007, cuando las grav\u00edsimas inundaciones en Tabasco, atendidas personalmente por el neoliberal presidente Felipe Calder\u00f3n Hinojosa y el gobernador neoliberal Andr\u00e9s Granier Melo, no hubo reparo entre esos pol\u00edticos y los integrantes de sus equipos de mojarse el pantal\u00f3n ni echar a perder los zapatos.<\/p>\n\n\n\n<p class=\"wp-block-paragraph\">Todos los presidentes de la era neoliberal estigmatizados por obra, gracia y ocurrencia del due\u00f1o de eso que llaman 4T, atendieron a la poblaci\u00f3n damnificada sin dilaci\u00f3n. \u00bfQu\u00e9 se robaron lana del Fonden, como acusa el licenciado presidente? Nadie lo duda, pero se atendi\u00f3 la emergencia.<\/p>\n\n\n\n<p class=\"wp-block-paragraph\">\u00bfEs politiquer\u00eda demandar al inquilino de Palacio que se deje de demagogia y baladronadas y proceda conforme a la ley? \u00bfEs politiquer\u00eda que, en su tierra, le exijan atenci\u00f3n y apoyo los damnificados de municipios como Centla y Macuspana? Bueno, pues, s\u00ed, de acuerdo con el licenciado Andr\u00e9s Manuel L\u00f3pez Obrador, es politiquer\u00eda.<\/p>\n\n\n\n<p class=\"wp-block-paragraph\">Interesante cuanto peyorativo el t\u00e9rmino que ha puesto de moda el licenciado presidente. S\u00f3lo que ahora se lo recetaron en su tierra, a la que decidi\u00f3 ir cuando la tragedia era inocultable; hab\u00eda emprendido uno de esos VTP llamados gira de trabajo por Nayarit y Sinaloa. Y, bueno, pues hasta la foto se sac\u00f3 con una diputada federal nayarita que hace unos meses provoc\u00f3 celos en la doctora Guti\u00e9rrez M\u00fcller. En fin.<\/p>\n\n\n\n<p class=\"wp-block-paragraph\">Pero, usted preguntar\u00e1 porque la prioridad Nayarit y luego Sinaloa, pero Tabasco sin citar en la agenda. El caso es que el licenciado Andr\u00e9s Manuel fue a su tierra, pero\u2026<\/p>\n\n\n\n<p class=\"wp-block-paragraph\">No fue a las comunidades afectadas, no tuvo encuentros con el pueblo bueno ni escuch\u00f3 las demandas de esas familias que perdieron todo su patrimonio. Vaya, se trep\u00f3 a un helic\u00f3ptero y desde el aire conoci\u00f3 de la fuerza destructora de las aguas salidas de madre de los r\u00edos que se nutren de las afluentes chiapanecas. Pero nada de ir por tierra a visitar a sus paisanos.<\/p>\n\n\n\n<p class=\"wp-block-paragraph\">\u00bfPolitiquer\u00eda?<\/p>\n\n\n\n<p class=\"wp-block-paragraph\">Al inicio de semana, una ciudadana (reitero que no hay garant\u00eda de que quienes preguntan sean reporteros) que asisti\u00f3 a la conferencia ma\u00f1anera, pregunt\u00f3 a L\u00f3pez Obrador:<\/p>\n\n\n\n<p class=\"wp-block-paragraph\">&#8211;\u00bfVa a regresar (a Tabasco), presidente, o va a ir a Chiapas este (pr\u00f3ximo) fin de semana?<\/p>\n\n\n\n<p class=\"wp-block-paragraph\"><strong>&#8211;No, no, no, voy a ver si retomo mi gira de Nayarit y de Sinaloa que dej\u00e9 pendiente, pero estoy al tanto de todo\u2014respondi\u00f3 Andr\u00e9s Manuel.<\/strong><\/p>\n\n\n\n<p class=\"wp-block-paragraph\">Pero ya hab\u00eda calificado como inmundos pasquines a Reforma y El Universal porque, el primero, se atrevi\u00f3 a publicar que no hab\u00eda ido por tierra a Tabasco y, el segundo, denunci\u00f3 que su secretario particular, Alejandro Esquer Verdugo, pag\u00f3 por m\u00edtines y espectaculares durante la campa\u00f1a presidencial de 2018 a compa\u00f1\u00edas que el SAT declar\u00f3 este a\u00f1o como empresas fantasma; en esos d\u00edas, Esquer ten\u00eda el cargo de secretario de Finanzas de Morena. \u00a1Sopas!<\/p>\n\n\n\n<p class=\"wp-block-paragraph\">Bueno, el caso es que si el licenciado presidente se atreve a ir a Tabasco y encabezar m\u00edtines, no es recomendable porque sus paisanos est\u00e1n lo que les sigue de encabronados \u2013es verbo transitivo aceptado por la Real Academia de la Lengua&#8211;.<\/p>\n\n\n\n<p class=\"wp-block-paragraph\">Y la diputada local perredista Elsy Lidia Izquierdo Morales, representante popular de verdad, tiene suficientes elementos como para reclamar al inquilino de Palacio. Lea usted lo que dijo el pasado domingo 8 desde la tribuna, en la sesi\u00f3n solemne del Congreso de Tabasco, en ocasi\u00f3n de la entrega del segundo informe de gobierno de Ad\u00e1n Augusto L\u00f3pez Hern\u00e1ndez.<\/p>\n\n\n\n<p class=\"wp-block-paragraph\">(\u2026) Yo s\u00e9 hasta d\u00f3nde podemos tener injerencia los diputados, el gobernador, el presidente de la rep\u00fablica\u201d, arranc\u00f3 su intervenci\u00f3n la diputada Izquierdo Morales. Y nadie la interrumpi\u00f3; la bancada de Morena hizo mutis.<\/p>\n\n\n\n<p class=\"wp-block-paragraph\">\u201cEl acto de hoy es vergonzoso \u2013acot\u00f3 la legisladora&#8211;. Ven\u00eda llegando a este recinto legislativo cuando vi pasar a un compa\u00f1ero de lucha, a un compa\u00f1ero que hace 32 a\u00f1os lo acompa\u00f1\u00e9 hombro a hombro, paso a paso por todo el estado de Tabasco, un compa\u00f1ero que yo pens\u00e9 que ten\u00eda m\u00ednimamente un sentido de pertenencia de este estado de Tabasco.<\/p>\n\n\n\n<p class=\"wp-block-paragraph\">\u201cYo s\u00e9 que se van a subir muchos, pero hoy no hay ninguna justificaci\u00f3n para lo que pasa en el estado de Tabasco. Y le quiero decir desde aqu\u00ed a Andr\u00e9s Manuel L\u00f3pez Obrador que es la primera vez que siento verg\u00fcenza por alguien que he votado y hoy lo hago desde aqu\u00ed.<\/p>\n\n\n\n<p class=\"wp-block-paragraph\">\u201cCon toda la calidad moral que tengo, porque lo grit\u00e9, porque le habl\u00e9 y ni siquiera volte\u00f3 a ver. Fue testigo la prensa y no es politiquer\u00eda, Presidente de la Rep\u00fablica, es un poquito de verg\u00fcenza porque tenemos mucho compromiso con los tabasque\u00f1os, nosotros que les fuimos a decir que bloquearan, que cerraran los pozos, ahora \u00bfc\u00f3mo se les trata?, d\u00edganme \u00bfc\u00f3mo se les trata? A palazos, y eso no viene de la Quinta Grijalva ni del Palacio, viene directamente de Andr\u00e9s Manuel porque no le gusta que lo cuestionen, no le gusta que le digan que est\u00e1 mal y que lo que est\u00e1n haciendo, todo lo que est\u00e1n haciendo son malas decisiones.<\/p>\n\n\n\n<p class=\"wp-block-paragraph\">\u201cNo quiero yo m\u00e1s justificaciones y lo digo como ciudadana, lo digo como diputada, c\u00f3mo es que todav\u00eda se va a reunir el gabinete para analizar lo que est\u00e1 pasando en Tabasco. Deber\u00edan estar aqu\u00ed sus funcionarios, deber\u00edan estar aqu\u00ed d\u00e1ndole la cara a Tabasco.<\/p>\n\n\n\n<p class=\"wp-block-paragraph\">\u201cQu\u00e9 escuch\u00e9 que dijo, que solamente hay cinco muertos, \u00bfcu\u00e1ntos quiere?, \u00bflos dos millones de habitantes que somos los tabasque\u00f1os?, \u00bfesos son los que quiere el se\u00f1or presidente de la rep\u00fablica?<\/p>\n\n\n\n<p class=\"wp-block-paragraph\">\u201cNo es politiquer\u00eda, se\u00f1or. Yo aqu\u00ed vengo porque camin\u00e9 (y muestra una cartulina), camin\u00e9 Centla, est\u00e1n entre el agua como casi todo el estado. No vengo a hacer campa\u00f1a, yo no necesito, tengo 32 a\u00f1os en esta lucha. Y lo que s\u00ed les digo a mis compa\u00f1eros, y a los centlecos de manera especial, que le entregu\u00e9 a sus guaruras, porque no me permitieron acercarme, todas las fotos y todas las evidencias de que estamos en Tabasco, y todav\u00eda Centla no est\u00e1 declarado municipio que est\u00e1 pasando una situaci\u00f3n de emergencia.<\/p>\n\n\n\n<p class=\"wp-block-paragraph\">\u201cLa verdad que es lamentable, cualquier cosa que nos subamos a decir, con nada, con nada le vamos a quitar a los tabasque\u00f1os que este gobierno les ha fallado\u201d. Hasta aqu\u00ed lo dicho por la diputada que opt\u00f3 por quedarse en el PRD y desestim\u00f3 el canto de las sirenas de Morena. \u00bfPolitiquer\u00eda, licenciado Andr\u00e9s Manuel?<\/p>\n\n\n\n<p class=\"wp-block-paragraph\">Y luego, en la misma sesi\u00f3n solemne, a la que no asisti\u00f3 el gobernador Ad\u00e1n Augusto, Katia Ornelas Gil, diputada local del PRI no se qued\u00f3 atr\u00e1s, so riesgo de ser calificada politiquera. A saber:<\/p>\n\n\n\n<p class=\"wp-block-paragraph\">\u201cEn el 2007 cuando la cat\u00e1strofe caus\u00f3 anegaciones severas en el estado, ten\u00edamos un Presidente panista de origen michoacano que a trav\u00e9s del entonces gobernador Andr\u00e9s Granier sinti\u00f3 el sufrimiento y la impotencia de las familias tabasque\u00f1as que estaban perdiendo absolutamente todo lo que durante su vida hab\u00edan podido obtener para el bienestar de sus casas.<\/p>\n\n\n\n<p class=\"wp-block-paragraph\">\u201cEn ese momento no hubo reuni\u00f3n, no hubo compromiso ni viaje que importara m\u00e1s que venir a Tabasco a vivir en carne propia lo que suced\u00eda y valorar presencialmente la magnitud del problema, as\u00ed como tomar medidas para apoyar a las familias que hab\u00edan resultado afectadas.<\/p>\n\n\n\n<p class=\"wp-block-paragraph\">\u201cHoy que la historia le dio a Tabasco la oportunidad de poner en la silla presidencial a un tabasque\u00f1o que cuando era nadie s\u00ed se mojaba los pantalones en las comunidades y tomaba los pozos para exigir ayuda y cerraba calles para pedir atenci\u00f3n del gobierno, el Presidente de hoy, Andr\u00e9s Manuel L\u00f3pez Obrador dijo que no ten\u00eda tiempo para ir con las familias que tanto lo han querido, que confiaron en su paisanaje para ponerlo donde est\u00e1.<\/p>\n\n\n\n<p class=\"wp-block-paragraph\">\u201cResulta que para el Presidente de M\u00e9xico hay prioridades en las que no se contempla volver a mojar sus finos zapatos al lado de su pueblo ni el enviar de inmediato a toda la maquinaria federal para sacar a la gente del peligro a las ni\u00f1as y a los ni\u00f1os que nadan entre el agua sucia, a los adultos mayores y discapacitados que no pueden moverse.<\/p>\n\n\n\n<p class=\"wp-block-paragraph\">Ahora s\u00ed, ya siendo Presidente, dice que diez mil pesos son suficientes, pero cuando era oposici\u00f3n dec\u00eda que era una miseria para el pueblo. Ahora que la gente tiene el agua en el cuello, que su pueblo lo necesita, se va en avi\u00f3n a la Ciudad de M\u00e9xico a atender sus cosas porque no tiene tiempo para Tabasco, porque no es su prioridad mandar ayuda al estado\u201d.<\/p>\n\n\n\n<p class=\"wp-block-paragraph\">\u00bfPolitiquer\u00eda?<\/p>\n\n\n\n<p class=\"wp-block-paragraph\">\u201cDesde luego, nuestros opositores cuestionan todo lo que hacemos. Este pasqu\u00edn inmundo del&nbsp;<em>Reforma<\/em>&nbsp;dice que nada m\u00e1s fui a volar la zona, que nada m\u00e1s fui por el aire. Pues estuve all\u00e1 atento, dando instrucciones y ayudando en todo\u201d, dijo L\u00f3pez Obrador severamente molesto, el lunes tempranito. Sin duda conoci\u00f3 puntualmente el reclamo de las dos diputadas tabasque\u00f1as en el Congreso tabasque\u00f1o. \u00bfPolitiquer\u00eda? Digo.<\/p>\n\n\n\n<p class=\"wp-block-paragraph\"><a href=\"mailto:sanchezlimon@gmail.com\" target=\"_blank\" rel=\"noreferrer noopener\">sanchezlimon@gmail.com<\/a><\/p>\n\n\n\n<p class=\"wp-block-paragraph\"><a href=\"http:\/\/www.entresemana.mx\/\" target=\"_blank\" rel=\"noreferrer noopener\">www.entresemana.mx<\/a><\/p>\n\n\n\n<p class=\"wp-block-paragraph\"><strong>@msanchezlimon<\/strong><\/p>\n","protected":false},"excerpt":{"rendered":"<p>\u00bfEs politiquer\u00eda demandar al inquilino de Palacio que se deje de demagogia y baladronadas y proceda conforme a la ley?<\/p>\n","protected":false},"author":3,"featured_media":15805,"comment_status":"open","ping_status":"open","sticky":false,"template":"","format":"standard","meta":{"_monsterinsights_skip_tracking":false,"footnotes":""},"categories":[691,105,83,35],"tags":[],"class_list":["post-28382","post","type-post","status-publish","format-standard","has-post-thumbnail","category-691","category-entresemana","category-moises-sanchez-limon","category-opinion"],"_links":{"self":[{"href":"https:\/\/redsemlac.com\/semmexico\/wp-json\/wp\/v2\/posts\/28382","targetHints":{"allow":["GET"]}}],"collection":[{"href":"https:\/\/redsemlac.com\/semmexico\/wp-json\/wp\/v2\/posts"}],"about":[{"href":"https:\/\/redsemlac.com\/semmexico\/wp-json\/wp\/v2\/types\/post"}],"author":[{"embeddable":true,"href":"https:\/\/redsemlac.com\/semmexico\/wp-json\/wp\/v2\/users\/3"}],"replies":[{"embeddable":true,"href":"https:\/\/redsemlac.com\/semmexico\/wp-json\/wp\/v2\/comments?post=28382"}],"version-history":[{"count":0,"href":"https:\/\/redsemlac.com\/semmexico\/wp-json\/wp\/v2\/posts\/28382\/revisions"}],"wp:featuredmedia":[{"embeddable":true,"href":"https:\/\/redsemlac.com\/semmexico\/wp-json\/wp\/v2\/media\/15805"}],"wp:attachment":[{"href":"https:\/\/redsemlac.com\/semmexico\/wp-json\/wp\/v2\/media?parent=28382"}],"wp:term":[{"taxonomy":"category","embeddable":true,"href":"https:\/\/redsemlac.com\/semmexico\/wp-json\/wp\/v2\/categories?post=28382"},{"taxonomy":"post_tag","embeddable":true,"href":"https:\/\/redsemlac.com\/semmexico\/wp-json\/wp\/v2\/tags?post=28382"}],"curies":[{"name":"wp","href":"https:\/\/api.w.org\/{rel}","templated":true}]}}