{"id":28377,"date":"2020-11-10T16:55:37","date_gmt":"2020-11-10T16:55:37","guid":{"rendered":"https:\/\/redsemlac.com\/semmexico\/?p=28377"},"modified":"2023-07-21T16:37:23","modified_gmt":"2023-07-21T21:37:23","slug":"dos-mujeres-desaparecidas-el-ultimo-fin-de-semana-en-la-region","status":"publish","type":"post","link":"https:\/\/redsemlac.com\/semmexico\/dos-mujeres-desaparecidas-el-ultimo-fin-de-semana-en-la-region\/","title":{"rendered":"En Hidalgo no hay cifras reales de desapariciones forzadas: Congreso"},"content":{"rendered":"\n<ul class=\"wp-block-list\"><li><strong>Dos mujeres desaparecidas el \u00faltimo fin de semana en la regi\u00f3n<\/strong><\/li><\/ul>\n\n\n\n<ul class=\"wp-block-list\"><li><strong>Exigen localizaci\u00f3n de Araceli Gonz\u00e1lez en Acaxochitl\u00e1n, bloquean carretera<\/strong><\/li><\/ul>\n\n\n\n<p class=\"wp-block-paragraph\"><strong>Ignacio Garc\u00eda<\/strong><\/p>\n\n\n\n<p class=\"wp-block-paragraph\">SemM\u00e9xico. Pachuca, Hidalgo. 10 de noviembre 2020.- M\u00e1s de cien habitantes de la comunidad de La B\u00f3veda, ubicada en el municipio de Acaxochitl\u00e1n, bloquearon la circulaci\u00f3n de la carretera libre y federal M\u00e9xico-Tuxpan en ambos sentidos, para exigir la localizaci\u00f3n de la joven Araceli Gonz\u00e1lez, desaparecida el s\u00e1bado por la tarde.<\/p>\n\n\n\n<p class=\"wp-block-paragraph\">Los familiares y amigos de Araceli Gonz\u00e1lez de 27 a\u00f1os pidieron a las autoridades estatales y municipales reforzar su b\u00fasqueda. Madre de dos menores, fue vista por \u00faltima vez el s\u00e1bado por la tarde al entrar a una tienda de autoservicio en la desviaci\u00f3n a Zacatl\u00e1n, Puebla.<\/p>\n\n\n\n<p class=\"wp-block-paragraph\">De acuerdo con los inconformes, no existen elementos para que haya abandonado su familia, por lo que temen que haya sido v\u00edctima de alg\u00fan il\u00edcito por parte de alg\u00fan grupo criminal y por ello demandaron a la Procuradur\u00eda General de Justicia del Estado de Hidalgo (PGJEH) reforzar la b\u00fasqueda.<\/p>\n\n\n\n<p class=\"wp-block-paragraph\">Despu\u00e9s de varios minutos, representantes de la PGJEH, as\u00ed como de la alcald\u00eda de Acaxochitl\u00e1n se comprometieron a reforzar los mecanismos de b\u00fasqueda de Araceli para que sea hallada a la brevedad, por lo que los familiares desbloquearon las vialidades, aunque demandaron avances en las indagatorias.<\/p>\n\n\n\n<p class=\"wp-block-paragraph\">Al igual que Araceli Gonz\u00e1lez, tambi\u00e9n desapareci\u00f3 Lizeth Lugo Hern\u00e1ndez de 24 a\u00f1os de edad, quien fue vista por \u00faltima vez en Huasca el fin de semana pasado, por lo que tambi\u00e9n la PGJEH abri\u00f3 la alerta de b\u00fasqueda de la joven, cuyo paradero a\u00fan se desconoce.<\/p>\n\n\n\n<p class=\"wp-block-paragraph\">Diputados del Congreso local reclamaron que en Hidalgo la PGJEH no cuenta con cifras reales sobre el n\u00famero de personas no localizadas en el estado, as\u00ed como su relaci\u00f3n con feminicidios sin identificar, por lo que demandaron un informe puntual en torno al n\u00famero de il\u00edcitos que se han cometido contra las mujeres.<\/p>\n","protected":false},"excerpt":{"rendered":"<p>Dos mujeres desaparecidas el \u00faltimo fin de semana en la regi\u00f3n<\/p>\n","protected":false},"author":3,"featured_media":28378,"comment_status":"open","ping_status":"open","sticky":false,"template":"","format":"standard","meta":{"_monsterinsights_skip_tracking":false,"footnotes":""},"categories":[691,47,48],"tags":[],"class_list":["post-28377","post","type-post","status-publish","format-standard","has-post-thumbnail","category-691","category-no-mas-impunidad","category-no-mas-impunidad-no-mas-impunidad"],"_links":{"self":[{"href":"https:\/\/redsemlac.com\/semmexico\/wp-json\/wp\/v2\/posts\/28377","targetHints":{"allow":["GET"]}}],"collection":[{"href":"https:\/\/redsemlac.com\/semmexico\/wp-json\/wp\/v2\/posts"}],"about":[{"href":"https:\/\/redsemlac.com\/semmexico\/wp-json\/wp\/v2\/types\/post"}],"author":[{"embeddable":true,"href":"https:\/\/redsemlac.com\/semmexico\/wp-json\/wp\/v2\/users\/3"}],"replies":[{"embeddable":true,"href":"https:\/\/redsemlac.com\/semmexico\/wp-json\/wp\/v2\/comments?post=28377"}],"version-history":[{"count":0,"href":"https:\/\/redsemlac.com\/semmexico\/wp-json\/wp\/v2\/posts\/28377\/revisions"}],"wp:featuredmedia":[{"embeddable":true,"href":"https:\/\/redsemlac.com\/semmexico\/wp-json\/wp\/v2\/media\/28378"}],"wp:attachment":[{"href":"https:\/\/redsemlac.com\/semmexico\/wp-json\/wp\/v2\/media?parent=28377"}],"wp:term":[{"taxonomy":"category","embeddable":true,"href":"https:\/\/redsemlac.com\/semmexico\/wp-json\/wp\/v2\/categories?post=28377"},{"taxonomy":"post_tag","embeddable":true,"href":"https:\/\/redsemlac.com\/semmexico\/wp-json\/wp\/v2\/tags?post=28377"}],"curies":[{"name":"wp","href":"https:\/\/api.w.org\/{rel}","templated":true}]}}