{"id":28371,"date":"2020-11-10T16:43:07","date_gmt":"2020-11-10T16:43:07","guid":{"rendered":"https:\/\/redsemlac.com\/semmexico\/?p=28371"},"modified":"2023-07-21T16:37:24","modified_gmt":"2023-07-21T21:37:24","slug":"periodista-asesinado-en-mexico-israel-vazquez-rangel","status":"publish","type":"post","link":"https:\/\/redsemlac.com\/semmexico\/periodista-asesinado-en-mexico-israel-vazquez-rangel\/","title":{"rendered":"Periodista asesinado en M\u00e9xico: Israel V\u00e1zquez Rangel"},"content":{"rendered":"\n<ul class=\"wp-block-list\"><li><strong>Reportero del diario El Salmantino de la ciudad de Salamanca<\/strong><\/li><li><strong>En menos de un mes han matado tres periodistas y 17 en este sexenio<\/strong><\/li><\/ul>\n\n\n\n<p class=\"wp-block-paragraph\"><strong>Redacci\u00f3n<\/strong><\/p>\n\n\n\n<p class=\"wp-block-paragraph\">SemM\u00e9xico\/ Periodistas en Espa\u00f1ol, 10 de noviembre 2020.- El reportero\u00a0<strong>Israel V\u00e1zquez Rangel<\/strong>\u00a0fue asesinado a tiros este lunes 9 de noviembre de 2020 cuando cubr\u00eda el hallazgo de restos humanos en el violento estado de Guanajuato, denunciaron las organizaciones Reporteros Sin Fronteras y el Comit\u00e9 para Protecci\u00f3n de Periodistas (CPJ).<\/p>\n\n\n\n<p class=\"wp-block-paragraph\">Israel V\u00e1zquez, reportero del diario El Salmantino de la ciudad de Salamanca, es el s\u00e9ptimo periodista asesinado en M\u00e9xico este a\u00f1o, inform\u00f3 la AFP.<\/p>\n\n\n\n<p class=\"wp-block-paragraph\">\u00abEl CPJ lamenta el fallecimiento de Israel V\u00e1zquez Rangel (\u2026) el tercer reportero asesinado en M\u00e9xico en menos de un mes\u00bb, escribi\u00f3 el CPJ en Twitter.<\/p>\n\n\n\n<p class=\"wp-block-paragraph\">Por su parte, Reporteros Sin Fronteras (RSF) conden\u00f3 los hechos y pidi\u00f3 a las autoridades mexicanas brindar medidas de seguridad para los familiares y compa\u00f1eros de trabajo de V\u00e1zquez.<\/p>\n\n\n\n<p class=\"wp-block-paragraph\">\u00abEn menos de un mes han matado tres periodistas, diecisiete en este sexenio, siete periodistas muertos este a\u00f1o, es una situaci\u00f3n muy lamentable porque las condiciones de violencia en M\u00e9xico, sobre todo para los periodistas, se mantienen\u00bb, dijo a la AFP&nbsp;<strong>Balbina Flores<\/strong>, representante en M\u00e9xico de RSF.<\/p>\n\n\n\n<p class=\"wp-block-paragraph\">Seg\u00fan una directiva del diario, la agresi\u00f3n ocurri\u00f3 a las 7:30 hora local cuando fue sorprendido por dos hombres que le dispararon y luego huyeron en un autom\u00f3vil.<\/p>\n\n\n\n<p class=\"wp-block-paragraph\">V\u00e1zquez, quien escrib\u00eda sobre temas polic\u00edacos, fue atendido por personal de la Cruz Roja y trasladado a un hospital, donde horas m\u00e1s tarde falleci\u00f3.<\/p>\n\n\n\n<p class=\"wp-block-paragraph\">\u00abCondenamos en\u00e9rgicamente el cobarde y atroz ataque en contra de nuestro querido compa\u00f1ero Israel V\u00e1zquez, quien fue atacado mientras cumpl\u00eda su honorable labor period\u00edstica\u00bb, indic\u00f3 la redacci\u00f3n de El Salmantino en un comunicado.<\/p>\n\n\n\n<p class=\"wp-block-paragraph\">M\u00e9xico es considerado uno de los pa\u00edses m\u00e1s peligrosos para ejercer el periodismo con m\u00e1s de un centenar de comunicadores asesinados desde 2000. M\u00e1s del 90% de estos cr\u00edmenes permanecen impunes, seg\u00fan RSF y Art\u00edculo 19, otra organizaci\u00f3n dedicada a la defensa de periodistas.<\/p>\n\n\n\n<p class=\"wp-block-paragraph\">El pasado 30 de octubre fue asesinado a balazos\u00a0<a href=\"https:\/\/periodistas-es.com\/periodistas-asesinados-en-mexico-arturo-alba-medina-146315\" target=\"_blank\" rel=\"noreferrer noopener\">Arturo Alba<\/a>, reportero del grupo Multimedios, en el estado de Chihuahua .<\/p>\n","protected":false},"excerpt":{"rendered":"<p>Reportero del diario El Salmantino de la ciudad de Salamanca<\/p>\n","protected":false},"author":3,"featured_media":28372,"comment_status":"open","ping_status":"open","sticky":false,"template":"","format":"standard","meta":{"_monsterinsights_skip_tracking":false,"footnotes":""},"categories":[691,55],"tags":[],"class_list":["post-28371","post","type-post","status-publish","format-standard","has-post-thumbnail","category-691","category-periodistas"],"_links":{"self":[{"href":"https:\/\/redsemlac.com\/semmexico\/wp-json\/wp\/v2\/posts\/28371","targetHints":{"allow":["GET"]}}],"collection":[{"href":"https:\/\/redsemlac.com\/semmexico\/wp-json\/wp\/v2\/posts"}],"about":[{"href":"https:\/\/redsemlac.com\/semmexico\/wp-json\/wp\/v2\/types\/post"}],"author":[{"embeddable":true,"href":"https:\/\/redsemlac.com\/semmexico\/wp-json\/wp\/v2\/users\/3"}],"replies":[{"embeddable":true,"href":"https:\/\/redsemlac.com\/semmexico\/wp-json\/wp\/v2\/comments?post=28371"}],"version-history":[{"count":0,"href":"https:\/\/redsemlac.com\/semmexico\/wp-json\/wp\/v2\/posts\/28371\/revisions"}],"wp:featuredmedia":[{"embeddable":true,"href":"https:\/\/redsemlac.com\/semmexico\/wp-json\/wp\/v2\/media\/28372"}],"wp:attachment":[{"href":"https:\/\/redsemlac.com\/semmexico\/wp-json\/wp\/v2\/media?parent=28371"}],"wp:term":[{"taxonomy":"category","embeddable":true,"href":"https:\/\/redsemlac.com\/semmexico\/wp-json\/wp\/v2\/categories?post=28371"},{"taxonomy":"post_tag","embeddable":true,"href":"https:\/\/redsemlac.com\/semmexico\/wp-json\/wp\/v2\/tags?post=28371"}],"curies":[{"name":"wp","href":"https:\/\/api.w.org\/{rel}","templated":true}]}}