{"id":28368,"date":"2020-11-10T16:39:46","date_gmt":"2020-11-10T16:39:46","guid":{"rendered":"https:\/\/redsemlac.com\/semmexico\/?p=28368"},"modified":"2023-07-21T16:37:24","modified_gmt":"2023-07-21T21:37:24","slug":"alto-a-los-feminicidios-en-mexico-demanda-a-amlo","status":"publish","type":"post","link":"https:\/\/redsemlac.com\/semmexico\/alto-a-los-feminicidios-en-mexico-demanda-a-amlo\/","title":{"rendered":"\u00a1Alto a los feminicidios en M\u00e9xico! Demanda a AMLO"},"content":{"rendered":"\n<p class=\"wp-block-paragraph\"><strong>* Menos del 25 % de los asesinatos se investigan como feminicidios<\/strong><\/p>\n\n\n\n<p class=\"wp-block-paragraph\"><strong>* Exigen una pol\u00edtica integral que atienda de manera estructural la violencia contra las mujeres<\/strong><\/p>\n\n\n\n<p class=\"wp-block-paragraph\"><strong>Lorena Vaniezcot<\/strong><\/p>\n\n\n\n<p class=\"wp-block-paragraph\">SemM\u00e9xico, Cd. de M\u00e9xico, 10 de noviembre, 2020.- De los 15 mil 819 asesinatos de mujeres ocurridos entre 2015 a 2019 en este pa\u00eds, solo tres mil 751 han sido investigados como feminicidio, lo que representa menos del 25 por ciento, porcentaje que se mantiene en el 2020.<\/p>\n\n\n\n<p class=\"wp-block-paragraph\">Frente a esa realidad, el Observatorio Ciudadano Nacional del Feminicidio, en el contexto de la campa\u00f1a #NosVanAVerJuntas lanz\u00f3 una petici\u00f3n al presidente Andr\u00e9s Manuel L\u00f3pez Obrador y organismos de procuraci\u00f3n de justicia y gobernantes, desde la plataforma Change.org y est\u00e1 pr\u00f3xima a lograr dos mil 500 firmas, bajo el t\u00edtulo \u00a1Alto a los feminicidios en M\u00e9xico!<\/p>\n\n\n\n<p class=\"wp-block-paragraph\">Le piden al presidente mexicano que impulse una pol\u00edtica integral que atienda de manera estructural la violencia contra las mujeres, ni\u00f1as y adolescentes.<\/p>\n\n\n\n<p class=\"wp-block-paragraph\">A la Conferencia Nacional de Procuraci\u00f3n de Justicia realice una estrategia efectiva para la transformaci\u00f3n de la realidad que viven las mujeres en nuestro pa\u00eds, as\u00ed como las acciones necesarias para garantizar el debido proceso,&nbsp;la debida diligencia y el acceso a la justicia para las mujeres v\u00edctimas de violencia en M\u00e9xico.<\/p>\n\n\n\n<p class=\"wp-block-paragraph\">A quienes operan la justicia que juzguen con perspectiva de g\u00e9nero, interculturalidad y perspectiva de derechos humanos.<\/p>\n\n\n\n<p class=\"wp-block-paragraph\">Y a la Conferencia Nacional de Gobernadores (CONAGO) que impulse e implemente acciones de coordinaci\u00f3n con los municipios, gobiernos estatales y el gobierno federal, a fin de realizar de manera conjunta acciones que contribuyan a prevenir, atender y sancionar los delitos de g\u00e9nero. As\u00ed como, que haga p\u00fablicos los resultados de sus estrategias de prevenci\u00f3n del delito.<\/p>\n\n\n\n<p class=\"wp-block-paragraph\">En la carta virtual que se encuentra en la plataforma change.org se\u00f1alan que en lo que va desde a\u00f1o, se han cometido dos mil 532 asesinatos contra mujeres, solo 626 son investigados como feminicidios, esto es el 24.7 por ciento, un punto porcentual m\u00e1s en relaci\u00f3n con el periodo de 2015-2019.<\/p>\n\n\n\n<p class=\"wp-block-paragraph\">En su posicionamiento explican que son muchos los discursos o im\u00e1genes que se difunden en los medios de comunicaci\u00f3n, luego de que les es arrebatada la vida, promueven la estigmatizaci\u00f3n de las mujeres y ni\u00f1as que han sido asesinadas, fomentando la reproducci\u00f3n de estereotipos e incluso culpabiliz\u00e1ndolas de su propia muerte.<\/p>\n\n\n\n<p class=\"wp-block-paragraph\">Esto genera una m\u00faltiple victimizaci\u00f3n, agresiones e impactos negativos en las emociones y salud de familias enteras.<\/p>\n\n\n\n<p class=\"wp-block-paragraph\">A ello se suma la falta de reconocimiento a la dignidad de las v\u00edctimas y sus familias, lo que se manifiesta a trav\u00e9s de cuestionamientos, descalificaciones, falta de acceso a informaci\u00f3n, filtraci\u00f3n de datos, etc.<\/p>\n\n\n\n<p class=\"wp-block-paragraph\">A pesar de que las mujeres, ni\u00f1as y adolescentes son asesinadas de las maneras m\u00e1s crueles; el acceso a la justicia es m\u00ednimo.<\/p>\n\n\n\n<p class=\"wp-block-paragraph\">Ser v\u00edctima de feminicidio en nuestro pa\u00eds significa no s\u00f3lo perder la vida sino la identidad, para convertirse en un expediente m\u00e1s entre miles.<\/p>\n","protected":false},"excerpt":{"rendered":"<p>Menos del 25 % de los asesinatos se investigan como feminicidios<\/p>\n","protected":false},"author":3,"featured_media":28369,"comment_status":"open","ping_status":"open","sticky":false,"template":"","format":"standard","meta":{"_monsterinsights_skip_tracking":false,"footnotes":""},"categories":[691,54],"tags":[],"class_list":["post-28368","post","type-post","status-publish","format-standard","has-post-thumbnail","category-691","category-mujeres"],"_links":{"self":[{"href":"https:\/\/redsemlac.com\/semmexico\/wp-json\/wp\/v2\/posts\/28368","targetHints":{"allow":["GET"]}}],"collection":[{"href":"https:\/\/redsemlac.com\/semmexico\/wp-json\/wp\/v2\/posts"}],"about":[{"href":"https:\/\/redsemlac.com\/semmexico\/wp-json\/wp\/v2\/types\/post"}],"author":[{"embeddable":true,"href":"https:\/\/redsemlac.com\/semmexico\/wp-json\/wp\/v2\/users\/3"}],"replies":[{"embeddable":true,"href":"https:\/\/redsemlac.com\/semmexico\/wp-json\/wp\/v2\/comments?post=28368"}],"version-history":[{"count":0,"href":"https:\/\/redsemlac.com\/semmexico\/wp-json\/wp\/v2\/posts\/28368\/revisions"}],"wp:featuredmedia":[{"embeddable":true,"href":"https:\/\/redsemlac.com\/semmexico\/wp-json\/wp\/v2\/media\/28369"}],"wp:attachment":[{"href":"https:\/\/redsemlac.com\/semmexico\/wp-json\/wp\/v2\/media?parent=28368"}],"wp:term":[{"taxonomy":"category","embeddable":true,"href":"https:\/\/redsemlac.com\/semmexico\/wp-json\/wp\/v2\/categories?post=28368"},{"taxonomy":"post_tag","embeddable":true,"href":"https:\/\/redsemlac.com\/semmexico\/wp-json\/wp\/v2\/tags?post=28368"}],"curies":[{"name":"wp","href":"https:\/\/api.w.org\/{rel}","templated":true}]}}