{"id":28362,"date":"2020-11-10T03:12:37","date_gmt":"2020-11-10T03:12:37","guid":{"rendered":"https:\/\/redsemlac.com\/semmexico\/?p=28362"},"modified":"2023-07-21T16:37:24","modified_gmt":"2023-07-21T21:37:24","slug":"a-balazos-policia-de-cancun-dispersa-protesta-feminista","status":"publish","type":"post","link":"https:\/\/redsemlac.com\/semmexico\/a-balazos-policia-de-cancun-dispersa-protesta-feminista\/","title":{"rendered":"A balazos, polic\u00eda de Canc\u00fan dispersa protesta feminista"},"content":{"rendered":"\n<ul class=\"wp-block-list\"><li><strong>Dos periodistas que cubr\u00edan las protestas resultaron con heridas de bala, se trata de Roberto Becerril, de La Verdad, y Cecilia Solis, de Radio Turquesa<\/strong><\/li><\/ul>\n\n\n\n<p class=\"wp-block-paragraph\"><strong>Rafael Mart\u00ednez, corresponsal | El Sol de M\u00e9xico<\/strong><\/p>\n\n\n\n<p class=\"wp-block-paragraph\">SemM\u00e9xico\/El Sol de M\u00e9xico. Canc\u00fan, Quinta Roo. 09 de noviembre 2020.-  Agentes de la Polic\u00eda Quintana Roo, adscritos al Mando \u00danico, lanzaron disparos al aire para dispersar una manifestaci\u00f3n feminista.<\/p>\n\n\n\n<figure class=\"wp-block-embed-twitter wp-block-embed is-type-rich is-provider-twitter\"><div class=\"wp-block-embed__wrapper\">\n<blockquote class=\"twitter-tweet\" data-width=\"550\" data-dnt=\"true\"><p lang=\"es\" dir=\"ltr\">Lo acontecido en Palacio Municipal de Benito Ju\u00e1rez es en todos sentidos inaceptable. Estoy ordenando una investigaci\u00f3n interna y poniendo a disposici\u00f3n de la Fiscal\u00eda del estado toda la informaci\u00f3n para que haga lo propio. Con transparencia estaremos informando el resultado.<\/p>&mdash; Alberto Capella (@kpya) <a href=\"https:\/\/twitter.com\/kpya\/status\/1325982101586391040?ref_src=twsrc%5Etfw\">November 10, 2020<\/a><\/blockquote><script async src=\"https:\/\/platform.twitter.com\/widgets.js\" charset=\"utf-8\"><\/script>\n<\/div><\/figure>\n\n\n\n<figure class=\"wp-block-embed-twitter wp-block-embed is-type-rich is-provider-twitter\"><div class=\"wp-block-embed__wrapper\">\n<blockquote class=\"twitter-tweet\" data-width=\"550\" data-dnt=\"true\"><p lang=\"es\" dir=\"ltr\">Reprobamos todo acto de violencia. En mi car\u00e1cter de presidente municipal jam\u00e1s ordenar\u00e9 ning\u00fan tipo de represi\u00f3n en contra de la ciudadan\u00eda. He dado instrucciones precisas para que se realicen las investigaciones correspondientes.<br><br>\u00a1No a los actos vand\u00e1licos ni a la represi\u00f3n!<\/p>&mdash; Mara Lezama (@MaraLezama) <a href=\"https:\/\/twitter.com\/MaraLezama\/status\/1325984717825519617?ref_src=twsrc%5Etfw\">November 10, 2020<\/a><\/blockquote><script async src=\"https:\/\/platform.twitter.com\/widgets.js\" charset=\"utf-8\"><\/script>\n<\/div><\/figure>\n\n\n\n<figure class=\"wp-block-embed-twitter wp-block-embed is-type-rich is-provider-twitter\"><div class=\"wp-block-embed__wrapper\">\nhttps:\/\/twitter.com\/OmarFranko\/status\/1325985052774305794\n<\/div><\/figure>\n\n\n\n<p class=\"wp-block-paragraph\">La marcha, convocada en redes sociales luego del feminicidio de la joven Bianca Alexis, inici\u00f3 poco despu\u00e9s de las cuatro de la tarde de este lunes.<\/p>\n\n\n\n<p class=\"wp-block-paragraph\">El contingente fue conformado por unas 300 personas, quienes salieron del kil\u00f3metro cero de la zona hotelera y caminaron sobre la avenida Cob\u00e1, con direcci\u00f3n a la sede de la Fiscal\u00eda General del Estado.<\/p>\n\n\n\n<p class=\"wp-block-paragraph\">Para evitar afectaciones a la vialidad y probables accidentes, agentes de Tr\u00e1nsito municipal se hicieron cargo de la situaci\u00f3n y acompa\u00f1aron en todo momento a las inconformes.<\/p>\n\n\n\n<p class=\"wp-block-paragraph\"><img decoding=\"async\" src=\"https:\/\/www.elsoldemexico.com.mx\/republica\/sociedad\/pj7isq-marcha-contra-feminicidios-cancun.2.jpeg\/alternates\/FREE_720\/marcha%20contra%20feminicidios%20cancun.2.jpeg\" alt=\"\"><\/p>\n\n\n\n<p class=\"wp-block-paragraph\">Durante la marcha, varias de las jovencitas utilizaron carteles en los que clamaban justicia y ped\u00edan que ni una m\u00e1s volviera a vivir lo que pasaron las \u00faltimas v\u00edctimas de feminicidios y en la entidad.<\/p>\n\n\n\n<p class=\"wp-block-paragraph\">Afuera de la Fiscal\u00eda, grafitearon las palabras \u201cno est\u00e1s sola\u201d junto al logo de esta instituci\u00f3n.<\/p>\n\n\n\n<p class=\"wp-block-paragraph\">All\u00ed, varias mujeres tomaron turno para hablar a la multitud, exigiendo justicia por Alexis y las muchas otras mujeres asesinadas en Canc\u00fan y otras ciudades del estado, incluida la mejor amiga de otra v\u00edctima de feminicidio.<\/p>\n\n\n\n<p class=\"wp-block-paragraph\">\u201cNo podemos permitir que las maten as\u00ed, \u00bfpor qu\u00e9? S\u00e9 que tambi\u00e9n hay muchos hombres asesinados, pero no por su g\u00e9nero. A m\u00ed me mataron a mi mejor amiga, Monse, por ir tatuada; est\u00e1bamos en cursos de maquillaje para superarlo, \u00a1y me la quitaron!\u201d, declaraba entre sollozos la joven, quien dijo que aunque no conoc\u00eda Alexis, pero lo sent\u00eda por todas por las que no pudieron hacer nada.<\/p>\n\n\n\n<p class=\"wp-block-paragraph\"><img decoding=\"async\" src=\"https:\/\/www.elsoldemexico.com.mx\/republica\/sociedad\/t3rw45-marcha-contra-feminicidios-cancun.jpeg\/alternates\/FREE_720\/marcha%20contra%20feminicidios%20cancun.jpeg\" alt=\"\"><\/p>\n\n\n\n<p class=\"wp-block-paragraph\">\u201cNo quiero que el d\u00eda de ma\u00f1ana sea mi mam\u00e1, mi hermana, mi sobrina, mis primas. No quiero ser yo, ella, nadie, \u00a1ya no m\u00e1s! \u00bfA qu\u00e9 quieren que lleguemos, a quemar, a romper? Aqu\u00ed no se ha hecho, pero parece que eso es lo que est\u00e1n buscando \u00a1que quememos todo!\u201d, a\u00f1adi\u00f3, sacando aplausos y gritos de \u201cNo est\u00e1s sola\u201d.<\/p>\n\n\n\n<p class=\"wp-block-paragraph\">Otra activista reclam\u00f3 que la polic\u00eda s\u00f3lo aparece cuando toca recoger a una mujer asesinada, pero no cuando est\u00e1n en peligro, y que mientras ellas temen por sus vidas, los pol\u00edticos se pasean con vigilancia las 24 horas.<\/p>\n\n\n\n<p class=\"wp-block-paragraph\"><img decoding=\"async\" src=\"https:\/\/www.elsoldemexico.com.mx\/republica\/sociedad\/6fmnsh-marcha-contra-feminicidios-cancun.3.jpeg\/alternates\/FREE_720\/marcha%20contra%20feminicidios%20cancun.3.jpeg\" alt=\"\"><\/p>\n\n\n\n<p class=\"wp-block-paragraph\">Los presentes colocaron veladoras junto al muro de la Fiscal\u00eda General del Estado, con un papel con la leyenda \u201cNi una menos\u201d. Acto seguido, aplaudieron en honor a Alexis y comenzaron a cantar \u201cCanci\u00f3n sin miedo\u201d, himno de esta causa.<\/p>\n\n\n\n<p class=\"wp-block-paragraph\">Los c\u00e1nticos y gritos continuaron, y los \u00e1nimos subieron, hasta que un joven armado de un martillo rompi\u00f3 las letras y el escudo en la fachada de la Fiscal\u00eda General del Estado.<\/p>\n\n\n\n<p class=\"wp-block-paragraph\">Posteriormente,<strong>&nbsp;prendieron fuego frente a la entrada a esta instituci\u00f3n,<\/strong>&nbsp;que como es de hierro, no sufri\u00f3 da\u00f1os. Tambi\u00e9n golpearon con tubos los vidrios de la entrada, pero por ser blindados, quedaron sin cambios.<\/p>\n","protected":false},"excerpt":{"rendered":"<p>Dos periodistas que cubr\u00edan las protestas resultaron con heridas de bala, se trata de Roberto Becerril, de La Verdad, y Cecilia Solis, de Radio Turquesa<\/p>\n","protected":false},"author":3,"featured_media":28363,"comment_status":"open","ping_status":"open","sticky":false,"template":"","format":"standard","meta":{"_monsterinsights_skip_tracking":false,"footnotes":""},"categories":[691,54],"tags":[],"class_list":["post-28362","post","type-post","status-publish","format-standard","has-post-thumbnail","category-691","category-mujeres"],"_links":{"self":[{"href":"https:\/\/redsemlac.com\/semmexico\/wp-json\/wp\/v2\/posts\/28362","targetHints":{"allow":["GET"]}}],"collection":[{"href":"https:\/\/redsemlac.com\/semmexico\/wp-json\/wp\/v2\/posts"}],"about":[{"href":"https:\/\/redsemlac.com\/semmexico\/wp-json\/wp\/v2\/types\/post"}],"author":[{"embeddable":true,"href":"https:\/\/redsemlac.com\/semmexico\/wp-json\/wp\/v2\/users\/3"}],"replies":[{"embeddable":true,"href":"https:\/\/redsemlac.com\/semmexico\/wp-json\/wp\/v2\/comments?post=28362"}],"version-history":[{"count":0,"href":"https:\/\/redsemlac.com\/semmexico\/wp-json\/wp\/v2\/posts\/28362\/revisions"}],"wp:featuredmedia":[{"embeddable":true,"href":"https:\/\/redsemlac.com\/semmexico\/wp-json\/wp\/v2\/media\/28363"}],"wp:attachment":[{"href":"https:\/\/redsemlac.com\/semmexico\/wp-json\/wp\/v2\/media?parent=28362"}],"wp:term":[{"taxonomy":"category","embeddable":true,"href":"https:\/\/redsemlac.com\/semmexico\/wp-json\/wp\/v2\/categories?post=28362"},{"taxonomy":"post_tag","embeddable":true,"href":"https:\/\/redsemlac.com\/semmexico\/wp-json\/wp\/v2\/tags?post=28362"}],"curies":[{"name":"wp","href":"https:\/\/api.w.org\/{rel}","templated":true}]}}