{"id":2835,"date":"2018-04-02T06:30:43","date_gmt":"2018-04-02T06:30:43","guid":{"rendered":"https:\/\/redsemlac.com\/semmexico\/?p=2835"},"modified":"2023-07-21T14:30:45","modified_gmt":"2023-07-21T19:30:45","slug":"barrales-reconocio-en-ricardo-anaya-a-un-hombre-solidario-con-las-causas-de-las-mujeres","status":"publish","type":"post","link":"https:\/\/redsemlac.com\/semmexico\/barrales-reconocio-en-ricardo-anaya-a-un-hombre-solidario-con-las-causas-de-las-mujeres\/","title":{"rendered":"Barrales reconoci\u00f3 en Ricardo Anaya a un hombre solidario con las causas de las mujeres"},"content":{"rendered":"\n<p class=\"wp-block-paragraph\"><a href=\"https:\/\/www.semmexico.com\/gallery-post.php?id=4418#\">Redacci\u00f3n<\/a><\/p>\n\n\n\n<p class=\"wp-block-paragraph\">SemM\u00e9xico, Cd. De M\u00e9xico, 02 de abril 2018. Alejandra Barrales, candidata por la jefatura de Gobierno de la coalici\u00f3n Por la CDMX al Frente, dio a conocer su Plan General de Acci\u00f3n para las Mujeres.<br>Anunci\u00f3 que pondr\u00e1 en marcha el programa \u201cPa\u2019 Las Jefas\u201d que respaldar\u00e1 la econom\u00eda de las jefas de familias con una transferencia mensual de 2 mil 500 pesos.&nbsp;<br>\u201cCuando las mujeres tienen dinero, \u00e9ste se convierte en medicinas, en alimentos, en progreso para las familias\u201d, asever\u00f3.<br>Dijo que alrededor del 40 por ciento de las familias en la ciudad son dirigidas por mujeres.<br>En la CDMX, indic\u00f3, \u201ccasi un mill\u00f3n de hogares est\u00e1n encabezados por mujeres y les vamos a dar 2 mil 500 pesos mensuales\u00bb.<br>Sobre las estancias infantiles precis\u00f3 que en las empresas de m\u00e1s de 20 empleadores se habilitar\u00e1n estancias para que los ni\u00f1os est\u00e9n atendidos mientras las madres trabajan y que se estimular\u00e1 fiscalmente a las empresas para que participen de esta red.<br>Barrales reconoci\u00f3 en Ricardo Anaya a un hombre solidario con las causas de las mujeres. Dijo que trabajar\u00e1n en equipo para combatir la desigualdad de g\u00e9nero, el acoso sexual, la violencia y los feminicidios.&nbsp;<br><br><\/p>\n","protected":false},"excerpt":{"rendered":"<p>Redacci\u00f3n SemM\u00e9xico, Cd. De M\u00e9xico, 02 de abril 2018. Alejandra Barrales, candidata por la jefatura de Gobierno de la coalici\u00f3n Por la CDMX al Frente, dio a conocer su Plan General de Acci\u00f3n para las Mujeres.Anunci\u00f3 que pondr\u00e1 en marcha el programa \u201cPa\u2019 Las Jefas\u201d que respaldar\u00e1 la econom\u00eda de las jefas de familias con [&hellip;]<\/p>\n","protected":false},"author":3,"featured_media":2836,"comment_status":"open","ping_status":"open","sticky":false,"template":"","format":"standard","meta":{"_monsterinsights_skip_tracking":false,"footnotes":""},"categories":[689,33],"tags":[],"class_list":["post-2835","post","type-post","status-publish","format-standard","has-post-thumbnail","category-689","category-elecciones-2018"],"_links":{"self":[{"href":"https:\/\/redsemlac.com\/semmexico\/wp-json\/wp\/v2\/posts\/2835","targetHints":{"allow":["GET"]}}],"collection":[{"href":"https:\/\/redsemlac.com\/semmexico\/wp-json\/wp\/v2\/posts"}],"about":[{"href":"https:\/\/redsemlac.com\/semmexico\/wp-json\/wp\/v2\/types\/post"}],"author":[{"embeddable":true,"href":"https:\/\/redsemlac.com\/semmexico\/wp-json\/wp\/v2\/users\/3"}],"replies":[{"embeddable":true,"href":"https:\/\/redsemlac.com\/semmexico\/wp-json\/wp\/v2\/comments?post=2835"}],"version-history":[{"count":0,"href":"https:\/\/redsemlac.com\/semmexico\/wp-json\/wp\/v2\/posts\/2835\/revisions"}],"wp:featuredmedia":[{"embeddable":true,"href":"https:\/\/redsemlac.com\/semmexico\/wp-json\/wp\/v2\/media\/2836"}],"wp:attachment":[{"href":"https:\/\/redsemlac.com\/semmexico\/wp-json\/wp\/v2\/media?parent=2835"}],"wp:term":[{"taxonomy":"category","embeddable":true,"href":"https:\/\/redsemlac.com\/semmexico\/wp-json\/wp\/v2\/categories?post=2835"},{"taxonomy":"post_tag","embeddable":true,"href":"https:\/\/redsemlac.com\/semmexico\/wp-json\/wp\/v2\/tags?post=2835"}],"curies":[{"name":"wp","href":"https:\/\/api.w.org\/{rel}","templated":true}]}}