{"id":28276,"date":"2020-11-06T22:37:42","date_gmt":"2020-11-06T22:37:42","guid":{"rendered":"https:\/\/redsemlac.com\/semmexico\/?p=28276"},"modified":"2023-07-21T16:37:27","modified_gmt":"2023-07-21T21:37:27","slug":"inmujeres-pide-al-congreso-de-guerrero-se-respete-aborto-por-violacion","status":"publish","type":"post","link":"https:\/\/redsemlac.com\/semmexico\/inmujeres-pide-al-congreso-de-guerrero-se-respete-aborto-por-violacion\/","title":{"rendered":"Inmujeres pide al Congreso de Guerrero se respete aborto por violaci\u00f3n"},"content":{"rendered":"\n<ul class=\"wp-block-list\"><li><strong>Se debe cumplir con la ley y cumplir con la Nom 046<\/strong><\/li><li><strong>De detenerse el sesgo que se califica de contrarreforma<\/strong><\/li><\/ul>\n\n\n\n<p class=\"wp-block-paragraph\"><strong>Josefina Aguilar Pastor<\/strong><\/p>\n\n\n\n<p class=\"wp-block-paragraph\">SemM\u00e9xico. Chilpancingo, Guerrero, 06 noviembre de 2020.-Nadine Gasman Zylbermann, presidenta del Instituto Nacional de la Mujeres (Inmujeres), pidi\u00f3 la intervenci\u00f3n del presidente de la Junta de Coordinaci\u00f3n Pol\u00edtica (Jucopo) del Congreso del Estado, Jes\u00fas Villanueva Vega, para frenar la contra reforma que impulsan diputados de la Comisi\u00f3n de Justicia, para obstaculizar la interrupci\u00f3n del embarazo producto de una violaci\u00f3n.<\/p>\n\n\n\n<p class=\"wp-block-paragraph\">En un documento enviado al legislador local de Morena, la funcionaria federal, se\u00f1ala que el dictamen aprobado el pasado 27 de octubre, por integrantes de la Comisi\u00f3n de Justicia para reformar el art\u00edculo 159 del C\u00f3digo Penal del Estado de Guerrero, en caso de aprobarse, contravendr\u00eda los m\u00e1s altos est\u00e1ndares internacionales de derechos humanos de las mujeres, e impedir\u00eda que en la entidad se garantice el derecho de las mujeres y ni\u00f1as v\u00edctimas de violaci\u00f3n, a interrumpir legamente un embarazo no deseado producto de un &nbsp;delito.<\/p>\n\n\n\n<p class=\"wp-block-paragraph\">El interponer una denuncia ante la autoridad ministerial, como lo establece actualmente el C\u00f3digo Penal, dilata y obstaculiza el acceso de las v\u00edctimas de violaci\u00f3n a los servicios de salud, adem\u00e1s de correr el resiego de ser revictimizadas.<\/p>\n\n\n\n<p class=\"wp-block-paragraph\">Dijo que la contrarreforma establece que las v\u00edctimas deban ir acompa\u00f1adas de sus padres, hasta la edad de los 18 a\u00f1os, eso, dijo la presidenta del Inmujeres, tambi\u00e9n contraviene sus derechos y la ley, agreg\u00f3 que la norma 046, indica que solo las ni\u00f1as menores de 12 a\u00f1os, deben ser acompa\u00f1adas para acceder a la Interrupci\u00f3n Legal del Embarazo (ILE).<\/p>\n\n\n\n<p class=\"wp-block-paragraph\">Tampoco es de aceptarse que adem\u00e1s de fincar responsabilidades al personal m\u00e9dico que asiste a una v\u00edctima de violencia sexual como lo proponen los diputados locales, irrumpe la l\u00f3gica de la ayuda y asistencia necesaria a las v\u00edctimas, establecida en la norma 046 y la Ley General de V\u00edctimas, indic\u00f3.<\/p>\n\n\n\n<p class=\"wp-block-paragraph\">\u201cEn conjunto, si el dictamen aprobado por la Comisi\u00f3n de Justicia de la 62 Legislatura del Congreso del Estado de Guerrero, llegar\u00e1 a ser aprobado en los t\u00e9rminos actuales, implicar\u00eda un grave retroceso para el derecho de las mujeres&nbsp; y las ni\u00f1as v\u00edctimas de violaci\u00f3n, dado que se incrementar\u00e1n los obst\u00e1culos ya existentes en la redacci\u00f3n del art\u00edculo 159, &nbsp;que no favorece la progresividad de derechos humanos, los derechos de las mujeres en Guerrero y no garantiza la protecci\u00f3n &nbsp;amplia de las v\u00edctimas de estos delitos\u201d, expres\u00f3 la responsable de la pol\u00edtica de g\u00e9nero en el pa\u00eds.<\/p>\n\n\n\n<p class=\"wp-block-paragraph\">Gasman Zylbermann, manifest\u00f3 que en Inmujeres hay preocupaci\u00f3n por lo que se pueda aprobarse y dijo que esta iniciativa de reforma que impacta negativamente el ejercicio pleno de los derechos humanos de las mujeres y ni\u00f1as.<\/p>\n\n\n\n<p class=\"wp-block-paragraph\">Luego la presidenta del Inmujeres, convoc\u00f3 a los integrantes de la 62 legislatura, a comprometerse con la progresividad de los derechos humanos de las mujeres para garantizar a mujeres y ni\u00f1as el derecho a una vida libre de violencia, a la salud, la justicia y la vida.<\/p>\n\n\n\n<p class=\"wp-block-paragraph\">Gasman Zylbermann, ofreci\u00f3 al congreso su asesoramiento t\u00e9cnico en la materia para que la toma de decisiones, sea siempre poniendo en el centro los derechos de las mujeres y las ni\u00f1as.<\/p>\n","protected":false},"excerpt":{"rendered":"<p>Tampoco es de aceptarse que adem\u00e1s de fincar responsabilidades al personal m\u00e9dico que asiste a una v\u00edctima de violencia sexual como lo proponen los diputados locales<\/p>\n","protected":false},"author":3,"featured_media":28277,"comment_status":"open","ping_status":"open","sticky":false,"template":"","format":"standard","meta":{"_monsterinsights_skip_tracking":false,"footnotes":""},"categories":[691,51],"tags":[],"class_list":["post-28276","post","type-post","status-publish","format-standard","has-post-thumbnail","category-691","category-ejecutivo"],"_links":{"self":[{"href":"https:\/\/redsemlac.com\/semmexico\/wp-json\/wp\/v2\/posts\/28276","targetHints":{"allow":["GET"]}}],"collection":[{"href":"https:\/\/redsemlac.com\/semmexico\/wp-json\/wp\/v2\/posts"}],"about":[{"href":"https:\/\/redsemlac.com\/semmexico\/wp-json\/wp\/v2\/types\/post"}],"author":[{"embeddable":true,"href":"https:\/\/redsemlac.com\/semmexico\/wp-json\/wp\/v2\/users\/3"}],"replies":[{"embeddable":true,"href":"https:\/\/redsemlac.com\/semmexico\/wp-json\/wp\/v2\/comments?post=28276"}],"version-history":[{"count":0,"href":"https:\/\/redsemlac.com\/semmexico\/wp-json\/wp\/v2\/posts\/28276\/revisions"}],"wp:featuredmedia":[{"embeddable":true,"href":"https:\/\/redsemlac.com\/semmexico\/wp-json\/wp\/v2\/media\/28277"}],"wp:attachment":[{"href":"https:\/\/redsemlac.com\/semmexico\/wp-json\/wp\/v2\/media?parent=28276"}],"wp:term":[{"taxonomy":"category","embeddable":true,"href":"https:\/\/redsemlac.com\/semmexico\/wp-json\/wp\/v2\/categories?post=28276"},{"taxonomy":"post_tag","embeddable":true,"href":"https:\/\/redsemlac.com\/semmexico\/wp-json\/wp\/v2\/tags?post=28276"}],"curies":[{"name":"wp","href":"https:\/\/api.w.org\/{rel}","templated":true}]}}