{"id":28270,"date":"2020-11-06T19:28:29","date_gmt":"2020-11-06T19:28:29","guid":{"rendered":"https:\/\/redsemlac.com\/semmexico\/?p=28270"},"modified":"2023-07-21T16:37:27","modified_gmt":"2023-07-21T21:37:27","slug":"congresistas-de-guerrero-denuncian-desapariciones-en-la-montana","status":"publish","type":"post","link":"https:\/\/redsemlac.com\/semmexico\/congresistas-de-guerrero-denuncian-desapariciones-en-la-montana\/","title":{"rendered":"Congresistas de Guerrero denuncian desapariciones en La Monta\u00f1a"},"content":{"rendered":"\n<ul class=\"wp-block-list\"><li><strong>Piden a los tres niveles de gobierno actuar<\/strong><\/li><li><strong>Sostienen que debe terminar la impunidad<\/strong><\/li><\/ul>\n\n\n\n<p class=\"wp-block-paragraph\"><strong>Josefina Aguilar Pastor<\/strong><\/p>\n\n\n\n<p class=\"wp-block-paragraph\">SemM\u00e9xico.Chilpancingo, Guerrero, 5 noviembre de 2020.- La presidenta de la Comisi\u00f3n para la Igualdad de G\u00e9nero del Congreso del Estado, Erika Valencia Cardona, exigi\u00f3 un alto a la violencia feminicida en contra de las mujeres y ni\u00f1as de la regi\u00f3n de la Monta\u00f1a y todo el estado de Guerrero e inst\u00f3 a la Fiscal\u00eda General del Estado (FGE), a garantizar la seguridad de ni\u00f1as, mujeres y adolescentes.<\/p>\n\n\n\n<p class=\"wp-block-paragraph\">En la sesi\u00f3n de este jueves, la diputada local de Morena, pidi\u00f3 la palabra para plantear el problema de las mujeres desaparecidas y asesinadas en la regi\u00f3n de la monta\u00f1a de Guerrero, agudizada en las \u00faltimas semanas.<\/p>\n\n\n\n<p class=\"wp-block-paragraph\">Mencion\u00f3 el caso de Elsinayth Ascencio Romero, quien fue reportada como desaparecida el pasado 28 de septiembre quien luego de salir de la localidad de Santa Cruz, municipio de Huamuxtitl\u00e1n, que se ubica en la regi\u00f3n de la Monta\u00f1a alta y fue hallada muerta en una fosa clandestina descubierta el s\u00e1bado 31 de octubre en el mismo municipio.<\/p>\n\n\n\n<p class=\"wp-block-paragraph\">Refiri\u00f3 que Elsinayth fue trabajadora de vectores de la Secretaria de Salud, una mujer, como toda ciudadana Guerrerense, y su feminicidio, constituye un atentado contra la sociedad, subray\u00f3.<\/p>\n\n\n\n<p class=\"wp-block-paragraph\">Luego dijo que se exige al Gobierno Federal, al gobierno del Estado de Guerrero y al gobierno Municipal de Huamuxtitlan, seguridad, paz y justicia para la regi\u00f3n de la monta\u00f1a; a la Fiscal\u00eda General de la Rep\u00fablica y a la Fiscal\u00eda General del estado, cumplan con su funci\u00f3n de investigaci\u00f3n, su responsabilidad para ejercitar acci\u00f3n penal y de reparaci\u00f3n del da\u00f1o, a garantizar la seguridad de toda la ciudadan\u00eda y en especial de ni\u00f1as, adolescentes y mujeres.<\/p>\n\n\n\n<p class=\"wp-block-paragraph\">La legisladora reiter\u00f3 que Guerrero no puede seguir comouno de los estados m\u00e1s violentos para las mujeres. Luego se\u00f1al\u00f3 que exige Justicia para Elsinayth, y poner un alto a la violencia feminicida en contra de mujeres en la entidad. \u201cNo m\u00e1s desaparecidas. Ni una m\u00e1s\u201d, demand\u00f3.<\/p>\n\n\n\n<p class=\"wp-block-paragraph\">A esta demanda, se sum\u00f3 el diputado local del PRI, Heriberto Huicochea V\u00e1zquez, quien conden\u00f3 el feminicidio de Elsinayth, cuyo cuerpo fue encontrado en el rancho \u201cLa Miradita\u201d en las inmediaciones de Huamuxtitl\u00e1n.<\/p>\n\n\n\n<p class=\"wp-block-paragraph\">A nombre de la fracci\u00f3n parlamentaria del PRI, Huicochea V\u00e1zquez, se sum\u00f3 al reclamo de justicia de la familia de Elsinayth.<\/p>\n\n\n\n<p class=\"wp-block-paragraph\">Luego se refiri\u00f3 a los datos del&nbsp; Sistema Nacional de Seguridad P\u00fablica que reportan que de enero a septiembre se han cometido m\u00e1s de 234 mil delitos en contra de mujeres, lo que significa que diariamente se violenta a 867 mujeres a lo largo y ancho del pa\u00eds, en tanto que en lo que se refiere a asesinatos de mujeres y homicidios dolosos en contra de mujeres, en el mismo periodo, 2 mil 854 han sido asesinadas, es decir, a diario,&nbsp; 11 mujeres son victimadas.<\/p>\n\n\n\n<p class=\"wp-block-paragraph\">Estos datos, afirm\u00f3, deben servir como referencia de la situaci\u00f3n que atraviesa\u00a0 \u00a0todo el pa\u00eds, invit\u00f3 a sus hom\u00f3logos a contribuir a fortalecer las pol\u00edticas p\u00fablicas de prevenci\u00f3n de los delitos, conocer los factores que generan el feminicidio, y a atenderlos de manera estructural, con el fin de mejorar la calidad de vida de las mujeres, \u201cesto no debe seguir sucediendo, debemos extirpar el tumor de la violencia en contra de las mujeres\u201d, sentenci\u00f3.<\/p>\n","protected":false},"excerpt":{"rendered":"<p>Piden a los tres niveles de gobierno actuar<\/p>\n","protected":false},"author":3,"featured_media":28271,"comment_status":"open","ping_status":"open","sticky":false,"template":"","format":"standard","meta":{"_monsterinsights_skip_tracking":false,"footnotes":""},"categories":[691,50],"tags":[],"class_list":["post-28270","post","type-post","status-publish","format-standard","has-post-thumbnail","category-691","category-congreso"],"_links":{"self":[{"href":"https:\/\/redsemlac.com\/semmexico\/wp-json\/wp\/v2\/posts\/28270","targetHints":{"allow":["GET"]}}],"collection":[{"href":"https:\/\/redsemlac.com\/semmexico\/wp-json\/wp\/v2\/posts"}],"about":[{"href":"https:\/\/redsemlac.com\/semmexico\/wp-json\/wp\/v2\/types\/post"}],"author":[{"embeddable":true,"href":"https:\/\/redsemlac.com\/semmexico\/wp-json\/wp\/v2\/users\/3"}],"replies":[{"embeddable":true,"href":"https:\/\/redsemlac.com\/semmexico\/wp-json\/wp\/v2\/comments?post=28270"}],"version-history":[{"count":0,"href":"https:\/\/redsemlac.com\/semmexico\/wp-json\/wp\/v2\/posts\/28270\/revisions"}],"wp:featuredmedia":[{"embeddable":true,"href":"https:\/\/redsemlac.com\/semmexico\/wp-json\/wp\/v2\/media\/28271"}],"wp:attachment":[{"href":"https:\/\/redsemlac.com\/semmexico\/wp-json\/wp\/v2\/media?parent=28270"}],"wp:term":[{"taxonomy":"category","embeddable":true,"href":"https:\/\/redsemlac.com\/semmexico\/wp-json\/wp\/v2\/categories?post=28270"},{"taxonomy":"post_tag","embeddable":true,"href":"https:\/\/redsemlac.com\/semmexico\/wp-json\/wp\/v2\/tags?post=28270"}],"curies":[{"name":"wp","href":"https:\/\/api.w.org\/{rel}","templated":true}]}}