{"id":28254,"date":"2020-11-05T20:13:46","date_gmt":"2020-11-05T20:13:46","guid":{"rendered":"https:\/\/redsemlac.com\/semmexico\/?p=28254"},"modified":"2023-07-21T16:37:28","modified_gmt":"2023-07-21T21:37:28","slug":"le-disminuye-el-presupuesto-2021-en-12-millones-y-tiene-problemas-estructurales","status":"publish","type":"post","link":"https:\/\/redsemlac.com\/semmexico\/le-disminuye-el-presupuesto-2021-en-12-millones-y-tiene-problemas-estructurales\/","title":{"rendered":"Anuncian nombramiento para la Comisi\u00f3n Nacional de V\u00edctimas, cinco meses despu\u00e9s"},"content":{"rendered":"\n<ul class=\"wp-block-list\"><li><strong>Descabezada en junio, Gobernaci\u00f3n lanza convocatoria con exigencias rigurosas<\/strong>.<\/li><li><strong>Le disminuye el presupuesto 2021 en 12 millones y tiene problemas estructurales<\/strong><\/li><\/ul>\n\n\n\n<p class=\"wp-block-paragraph\"><strong>Sara Lovera<\/strong><\/p>\n\n\n\n<p class=\"wp-block-paragraph\">SemM\u00e9xico. Cd. de M\u00e9xico. 05 de noviembre 2020.- Despu\u00e9s de casi 5 meses en que qued\u00f3 sin titular la Comisi\u00f3n Ejecutiva de Atenci\u00f3n a V\u00edctimas CEAV, se elegir\u00e1 al o el nuevo titular en unas semanas. Este es el &nbsp;mecanismo garante para v\u00edctimas que al perder el 75 por ciento de sus recursos, y no ser reconocida por el Ejecutivo, dej\u00f3 en el aire a miles de personas y solicitantes de protecci\u00f3n, quienes desde entonces han realizado m\u00faltiples manifestaciones de protesta.<\/p>\n\n\n\n<p class=\"wp-block-paragraph\">La CEAV tiene por ley, la encomienda de dar Atenci\u00f3n a V\u00edctimas en forma Inmediata y Primer Contacto; coordina los Centros de Atenci\u00f3n Integral; se encarga del Registro Nacional de V\u00edctimas; la Secretar\u00eda de Gobernaci\u00f3n public\u00f3 este 26 de octubre la convocatoria para cubrir la vacante; las personas podr\u00e1n promoverse para ocuparla, de la lista de aspirantes, se elegir\u00e1 una terna, que estudiar\u00e1 el Senado de la Rep\u00fablica, quien designar\u00e1 a la persona que se har\u00e1 cargo de la CEAV.<\/p>\n\n\n\n<p class=\"wp-block-paragraph\">Qui\u00e9n pretenda llegar como titular de la CEAV tiene que saber que el presupuesto 2021 plantea nuevo recorte para esa comisi\u00f3n a la que se pretenden destinar 843 millones 727 mil 642 pesos, doce millones menos que lo aprobado originalmente para este a\u00f1o, y en t\u00e9rminos reales una disminuci\u00f3n del 4.7%.<\/p>\n\n\n\n<p class=\"wp-block-paragraph\">Un problema de fondo: la austeridad federal se\u00f1alaron algunos especialistas. La crisis de la CEAV data de octubre de 2019 cuando las familias denunciaron sus problemas evidenciados fallas en la estructura de todo el sistema de atenci\u00f3n a v\u00edctimas.<\/p>\n\n\n\n<p class=\"wp-block-paragraph\">En un an\u00e1lisis de la organizaci\u00f3n Causa en Com\u00fan se dice que problem\u00e1tica es resultado de un recorte de presupuesto constante a la Comisi\u00f3n.<\/p>\n\n\n\n<p class=\"wp-block-paragraph\">\u201cLa CEAV ha sufrido disminuciones importantes desde su creaci\u00f3n. De 2018 a 2019, el presupuesto destinado a la atenci\u00f3n a v\u00edctimas fue 25.43 por ciento menor. Aunado a los recortes en el personal y dada la pol\u00edtica de austeridad del gobierno federal, esto ha generado mayores cargas de trabajo y menores incentivos de permanencia para los funcionarios. De acuerdo con el presupuesto para el 2020, se estimaba un incremento del 1.53 por ciento respecto al 2019, lo cual pr\u00e1cticamente representa un incremento nulo para esta dependencia.\u201d M\u00e1s el recorte de 75 por ciento de abril \u00faltimo.<\/p>\n\n\n\n<p class=\"wp-block-paragraph\">Jacobo Day\u00e1n, investigador del Seminario de Violencia y Paz del Colegio de M\u00e9xico (COLMEX), se\u00f1al\u00f3 en su cuenta de Twitter que las fallas son m\u00e1s profundas, y est\u00e1n relacionadas con una falta de compromiso del Estado hacia las v\u00edctimas. Entre \u00e9stas mencion\u00f3 que no hay una base de datos de personas desaparecidas ni un Programa Nacional de B\u00fasqueda.<\/p>\n\n\n\n<p class=\"wp-block-paragraph\">\u201cEl problema en la CEAV es profundo y en buena medida se debe a la falta de voluntad pol\u00edtica desde la presidencia y la condescendencia de SEGOB. El problema est\u00e1 all\u00e1 arriba. No se confundan. El Fondo de Ayuda, Asistencia y Reparaci\u00f3n Integral no cuenta con los recursos necesarios para atender al universo de v\u00edctimas que se siguen acumulando en el pa\u00eds. Se requiere una discusi\u00f3n seria sobre el modelo de indemnizaciones.\u201d<\/p>\n\n\n\n<p class=\"wp-block-paragraph\"><strong>CONTEXTO<\/strong><\/p>\n\n\n\n<p class=\"wp-block-paragraph\">En estas circunstancias se dio la renuncia de la Comisionada el l 2 de junio pasado. A m\u00e1s de 19 semanas no hay responsable. Qui\u00e9n sea elegida encontrar\u00e1 un desastre, coment\u00f3 Causa Com\u00fan, y los grupos parlamentarios durante el plant\u00f3n de v\u00edctimas, ante el anuncio del cierre de los fideicomisos.<\/p>\n\n\n\n<p class=\"wp-block-paragraph\">La renuncia de la comisionada Mara G\u00f3mez P\u00e9rez se acompa\u00f1\u00f3 de la denuncia sobre el plan de austeridad que dej\u00f3 a la CEAV sin recursos para la operaci\u00f3n m\u00ednima, incluso lleg\u00f3 a decir que no ten\u00eda para pagar el tel\u00e9fono. Ello tras del ajuste presupuestal proveniente del gobierno federal. &nbsp;<\/p>\n\n\n\n<p class=\"wp-block-paragraph\">De su renuncia el presidente Andr\u00e9s Manuel L\u00f3pez Obrador dijo que su Gobierno necesita personas comprometidas con el proceso de transformaci\u00f3n del pa\u00eds. Y que \u00abYa no hay cabida para simulaciones y por eso hemos dicho que estamos en un momento de definiciones: estamos a favor de la transformaci\u00f3n o no\u00bb, remarc\u00f3.<\/p>\n\n\n\n<p class=\"wp-block-paragraph\">En esa l\u00ednea la Secretar\u00eda de Gobernaci\u00f3n lanz\u00f3 la convocatoria llamando a la sociedad civil, personas expertas, especialistas en atenci\u00f3n a v\u00edctimas quienes podr\u00e1n participar en la selecci\u00f3n de una persona id\u00f3nea para atender esta comisi\u00f3n que qued\u00f3 sin recursos y sin poder acceder a financiamiento privado.<\/p>\n\n\n\n<p class=\"wp-block-paragraph\">La&nbsp; &nbsp;Convocatoria para el concurso describe una serie de requisitos rigurosos de modo de formar una terna que el ejecutivo mandar\u00e1 al Senado de la Rep\u00fablica instancia que deber\u00e1 proponer a la o \u00e9l nuevo titular.<\/p>\n\n\n\n<p class=\"wp-block-paragraph\">La convocatoria exige que las personas que aspiren a ocupar la CEAV tengan experiencia comprobada, estudios y empat\u00eda por las v\u00edctimas. Requerir\u00e1 de elementos comprobatorios, historia de probidad y capacidades tambi\u00e9n probadas. O ser claramente historia en la defensor\u00eda de las v\u00edctimas.<\/p>\n\n\n\n<p class=\"wp-block-paragraph\">Hasta hace unas semanas no se sab\u00eda si la Comisi\u00f3n continuar\u00eda. Lo que despert\u00f3 muchas reacciones de hostilidad hacia el gobierno.<\/p>\n\n\n\n<p class=\"wp-block-paragraph\">Mara G\u00f3mez P\u00e9rez denunci\u00f3, tambi\u00e9n, y sin escucha que detr\u00e1s de su salida de la CEAV est\u00e1 la falta de apoyo institucional y econ\u00f3mico por parte del gobierno federal, a la par que acus\u00f3 que se haya querido hacer de este organismo \u201cun bot\u00edn de intereses pol\u00edticos\u201d.<\/p>\n\n\n\n<p class=\"wp-block-paragraph\">\u00abHay quienes no est\u00e1n dispuestos a renunciar a componendas y abusos. Quienes se aferran a los privilegios que indebidamente han tenido por a\u00f1os. Quienes se han empe\u00f1ado en mal informar al presidente de la Rep\u00fablica \u2014 Andr\u00e9s Manuel L\u00f3pez Obrador\u2014, a los funcionarios y a la opini\u00f3n p\u00fablica, tanto a trav\u00e9s de las redes sociales como en medios de comunicaci\u00f3n\u00bb, expres\u00f3 en su carta de renuncia.<\/p>\n\n\n\n<p class=\"wp-block-paragraph\">Son estas circunstancias en las que se definir\u00e1 a la persona comisionada. Sobre todo porque lo dicho por&nbsp; Mara G\u00f3mez P\u00e9rez&nbsp; \u2014en su carta de renuncia que tambi\u00e9n envi\u00f3 al Senado de la Rep\u00fablica\u2014 que se pretendi\u00f3 convertir la reparaci\u00f3n integral en sin\u00f3nimo de dinero, repartido de forma discrecional, sin transparencia ni rendici\u00f3n de cuentas.<\/p>\n\n\n\n<p class=\"wp-block-paragraph\">As\u00ed, como en el caso de la CNDH, y sin dar nombres, G\u00f3mez P\u00e9rez se\u00f1al\u00f3 que la Comisi\u00f3n se convirti\u00f3 en un negocio para algunos abogados particulares que se acercaban a las madres que buscan a sus hijos desaparecidos y a otras v\u00edctimas para litigar con este organismo y as\u00ed obtener honorarios millonarios de hasta el 60 por ciento de las compensaciones entregadas.<\/p>\n\n\n\n<p class=\"wp-block-paragraph\">Dese hace 20 meses grupos de familiares y v\u00edctimas se han reunido con Alejandro Encinas, subsecretario de Derechos Humanos. Las v\u00edctimas tambi\u00e9n hicieron plantones y reclamos afuera de Palacio Nacional. Lo llamaron incluso \u201cPlant\u00f3n de familiares de desaparecidas y desaparecidos nacional\u201d, lo mantuvieron desde el cuatro de junio y durante dos semanas.<\/p>\n\n\n\n<p class=\"wp-block-paragraph\">Volvieron a manifestarse en septiembre y octubre en la C\u00e1mara de Diputados y el Senado, ante los anuncios de nuevos recortes, la inactividad de la Comisi\u00f3n y el futuro incierto de la pol\u00edtica de Derechos Humanos. Las familias piden que se resuelva de manera integral la atenci\u00f3n a v\u00edctimas y se transparenten los recursos para las b\u00fasquedas, para encontrar a sus familiares desaparecidas y desaparecidos.<\/p>\n\n\n\n<p class=\"wp-block-paragraph\">Igualmente la plena garant\u00eda de sus derechos consagrados en la Ley General de V\u00edctimas y en la Ley General en Materia de Desaparici\u00f3n Forzada de Personas, Desaparici\u00f3n cometida por Particulares y del Sistema Nacional de B\u00fasqueda.<\/p>\n","protected":false},"excerpt":{"rendered":"<p>Descabezada en junio, Gobernaci\u00f3n lanza convocatoria con exigencias rigurosas.<\/p>\n","protected":false},"author":3,"featured_media":28255,"comment_status":"open","ping_status":"open","sticky":false,"template":"","format":"standard","meta":{"_monsterinsights_skip_tracking":false,"footnotes":""},"categories":[691,51],"tags":[],"class_list":["post-28254","post","type-post","status-publish","format-standard","has-post-thumbnail","category-691","category-ejecutivo"],"_links":{"self":[{"href":"https:\/\/redsemlac.com\/semmexico\/wp-json\/wp\/v2\/posts\/28254","targetHints":{"allow":["GET"]}}],"collection":[{"href":"https:\/\/redsemlac.com\/semmexico\/wp-json\/wp\/v2\/posts"}],"about":[{"href":"https:\/\/redsemlac.com\/semmexico\/wp-json\/wp\/v2\/types\/post"}],"author":[{"embeddable":true,"href":"https:\/\/redsemlac.com\/semmexico\/wp-json\/wp\/v2\/users\/3"}],"replies":[{"embeddable":true,"href":"https:\/\/redsemlac.com\/semmexico\/wp-json\/wp\/v2\/comments?post=28254"}],"version-history":[{"count":0,"href":"https:\/\/redsemlac.com\/semmexico\/wp-json\/wp\/v2\/posts\/28254\/revisions"}],"wp:featuredmedia":[{"embeddable":true,"href":"https:\/\/redsemlac.com\/semmexico\/wp-json\/wp\/v2\/media\/28255"}],"wp:attachment":[{"href":"https:\/\/redsemlac.com\/semmexico\/wp-json\/wp\/v2\/media?parent=28254"}],"wp:term":[{"taxonomy":"category","embeddable":true,"href":"https:\/\/redsemlac.com\/semmexico\/wp-json\/wp\/v2\/categories?post=28254"},{"taxonomy":"post_tag","embeddable":true,"href":"https:\/\/redsemlac.com\/semmexico\/wp-json\/wp\/v2\/tags?post=28254"}],"curies":[{"name":"wp","href":"https:\/\/api.w.org\/{rel}","templated":true}]}}