{"id":28251,"date":"2020-11-05T20:10:52","date_gmt":"2020-11-05T20:10:52","guid":{"rendered":"https:\/\/redsemlac.com\/semmexico\/?p=28251"},"modified":"2023-07-21T16:37:28","modified_gmt":"2023-07-21T21:37:28","slug":"informar-y-sensibilizar-a-la-poblacion-sobre-las-acciones-que-tiene-previsto-la-entidad-de-cara-a-la-prevencion-y-sancion-de-la-violencia","status":"publish","type":"post","link":"https:\/\/redsemlac.com\/semmexico\/informar-y-sensibilizar-a-la-poblacion-sobre-las-acciones-que-tiene-previsto-la-entidad-de-cara-a-la-prevencion-y-sancion-de-la-violencia\/","title":{"rendered":"Dominicana: noviembre despunta con campa\u00f1a \u201cVivir Seguras\u201d, por la No Violencia Contra la Mujer"},"content":{"rendered":"\n<p class=\"wp-block-paragraph\"><strong>Mercedes Alonso<\/strong><\/p>\n\n\n\n<p class=\"wp-block-paragraph\"><strong>SemM\u00e9xico. Santo Domingo. 5 de noviembre 2020.-<\/strong> \u201cVivir Seguras\u201d, se denomina la campa\u00f1a que encabeza el\u00a0 programa de actividades presentado por el Ministerio de la Mujer, que se llevar\u00e1 a cabo durante noviembre, Mes de la No Violencia Contra las Mujeres, en el que se conmemora, adem\u00e1s, el 60 Aniversario del Asesinato de las Hermanas Mirabal.<\/p>\n\n\n\n<p class=\"wp-block-paragraph\">Con el prop\u00f3sito de \u201cinformar y sensibilizar a la poblaci\u00f3n sobre las acciones que tiene previsto la entidad de cara a la prevenci\u00f3n y sanci\u00f3n de la violencia\u201d, la ministra de la mujer, Mayra Jim\u00e9nez, resalt\u00f3 en el sitio Web de dicha instituci\u00f3n, que desde el inicio de la nueva gesti\u00f3n de gobierno, este Ministerio trabaja \u201cen la formulaci\u00f3n de un plan nacional de prevenci\u00f3n y atenci\u00f3n a la violencia contra las mujeres y las ni\u00f1as, un anteproyecto de ley integral de prevenci\u00f3n, atenci\u00f3n y sanci\u00f3n a la violencia, y un plan de acciones priorizadas para la prevenci\u00f3n del embarazo en adolescentes y de las uniones tempranas, los cuales ser\u00e1n anunciados en los pr\u00f3ximos d\u00edas por el Presidente de la Rep\u00fablica, Luis Abinader Corona\u201d, dijo la titular.&nbsp;<\/p>\n\n\n\n<p class=\"wp-block-paragraph\">\u201cLas mujeres y las ni\u00f1as tienen derecho a vivir sin miedo y a sentirse seguras en sus casas, centros educativos, lugares de trabajo y espacios p\u00fablicos. Hacer que esto suceda, es responsabilidad de toda la sociedad\u201d, expres\u00f3 Jim\u00e9nez y asegur\u00f3 que los mensajes de la campa\u00f1a \u201cVivir Seguras\u201d ser\u00e1n divulgados en las redes sociales del Ministerio de la Mujer, as\u00ed como en el resto de las dependencias que se sumen a la campa\u00f1a.<\/p>\n\n\n\n<p class=\"wp-block-paragraph\">\u201cInvito a la ciudadan\u00eda a convertirse en vocera de nuestros mensajes, desde nuestras cuentas @MMujerRD, usando los hashtags: #VivirSeguras, #HogarSeguro, #MujeresSeguras, #PorUnFuturoSeguro #LaSeguridadComienzaEnCasa\u201d, a\u00f1adi\u00f3 la ministra, en tanto que exhort\u00f3 a las instituciones p\u00fablicas y privadas a unir esfuerzos para&nbsp; mejorar los servicios de prevenci\u00f3n y atenci\u00f3n a la violencia y a construir de manera conjunta, pol\u00edticas p\u00fablicas que garanticen la seguridad y la vida de las mujeres y las ni\u00f1as.<\/p>\n\n\n\n<p class=\"wp-block-paragraph\"><strong>Actividades<\/strong><\/p>\n\n\n\n<p class=\"wp-block-paragraph\">Noviembre ser\u00e1 escenario de diversas actividades, entre las que se destacan tres webinarios sobre: \u201cEmpoderamiento femenino: Hacia una recuperaci\u00f3n econ\u00f3mica postpand\u00e9mica con enfoque de g\u00e9nero\u201d;&nbsp; \u201cEstrategias y Herramientas para Abordar la Violencia contra la Mujer, una mirada regional y local\u201d; \u00abViolencias contra la infancia y la adolescencia\u00bb y el impacto social y econ\u00f3mico del embarazo en adolescentes, las uniones tempranas y la violencia en el noviazgo.<\/p>\n\n\n\n<p class=\"wp-block-paragraph\">A lo anterior se a\u00f1aden encuentros con entidades p\u00fablicas y privadas, ONG, juntas de vecinos, iglesias, clubes y asociaciones laborales, para las cuales se guardar\u00e1 el debido distanciamiento social en las actividades que sean presenciales, seg\u00fan el protocolo por Covid-19. Mayra Jim\u00e9nez llam\u00f3 a sumarse &nbsp;y hacer suya \u201cesta campa\u00f1a, para que contribuyan a que la violencia deje de ser un problema estructural. Apostemos por la igualdad y la equidad y construyamos una cultura de paz para nuestras mujeres y ni\u00f1as\u201d.<\/p>\n\n\n\n<p class=\"wp-block-paragraph\"><strong>Sobre el matrimonio infantil<\/strong><\/p>\n\n\n\n<p class=\"wp-block-paragraph\">El pasado 30 octubre, el Ministerio de la Mujer public\u00f3 en su sitio Web la necesidad urgente de revisar el Proyecto de Ley que se present\u00f3 en el Congreso, sobre la prohibici\u00f3n del matrimonio infantil y las uniones tempranas, conjuntamente con el Plan de Prevenci\u00f3n de Embarazo en Adolescentes.<\/p>\n\n\n\n<p class=\"wp-block-paragraph\">\u201cRep\u00fablica Dominicana ocupa, junto a Nicaragua, el primer lugar de ni\u00f1as y adolescentes que en Am\u00e9rica Latina y El Caribe est\u00e1n casadas o unidas. Una de cada cinco adolescentes entre 15 y 19 a\u00f1os est\u00e1 casada o unida con un hombre 10 a\u00f1os mayor que ella, seg\u00fan la encuesta ENHOGAR 2014\u201d, precisa el texto.<\/p>\n\n\n\n<p class=\"wp-block-paragraph\">Trasciende el hecho de que en los feminicidios cometidos en el pa\u00eds durante los \u00faltimos d\u00edas, dos son menores de edad: una ultimada por su pareja, un hombre de 63 a\u00f1os, quien era 46 a\u00f1os mayor que ella, y la otra por su padrastro.<\/p>\n\n\n\n<p class=\"wp-block-paragraph\">&nbsp;\u201cDos de estas v\u00edctimas son j\u00f3venes entre 15 y 17 a\u00f1os y ponen en relieve no solo el tema del feminicidio, sino el gran problema del matrimonio infantil. Este \u00faltimo, entendido como cualquier uni\u00f3n formal (legal) o informal (uni\u00f3n temprana) en el que una persona menor de 18 a\u00f1os convive en una relaci\u00f3n de pareja con otra que puede o no ser mayor de edad. En estos casos todos los victimarios eran personas adultas e, incluso, uno de ellos sexagenario\u201d, alert\u00f3 la instituci\u00f3n mediante nota de prensa.<\/p>\n\n\n\n<p class=\"wp-block-paragraph\">\u201cEstos dolorosos sucesos, que enlutan a la familia y cortan la existencia de mujeres en pleno proceso vital, nos obligan a aunar esfuerzos para profundizar firmes acciones contra la violencia de g\u00e9nero; justamente estamos trabajando en el Plan de Atenci\u00f3n y Prevenci\u00f3n a la Violencia con entidades del Estado, con ONG que trabajan esta problem\u00e1tica con el apoyo de organizaciones de cooperaci\u00f3n internacional\u201d, subray\u00f3 el organismo oficial.<\/p>\n\n\n\n<p class=\"wp-block-paragraph\">&nbsp;En este sentido, el Ministerio de la Mujer se comprometi\u00f3 a presentar una estrategia integral de atenci\u00f3n a la violencia contra la mujer para poner fin a tan grave problema y&nbsp; acabar con el matrimonio infantil, como necesaria acci\u00f3n interinstitucional \u201cque involucre a todos los actores sociales, reformando el marco legal, adaptando las pol\u00edticas sectoriales y desarrollando programas espec\u00edficos de prevenci\u00f3n\u201d.<\/p>\n\n\n\n<p class=\"wp-block-paragraph\"><strong>Bajo \u00edndice de violencia en provincia Hermanas Mirabal<\/strong><\/p>\n\n\n\n<p class=\"wp-block-paragraph\">Este 3 de noviembre, la ministra de la Mujer Mayra Jim\u00e9nez visit\u00f3 Salcedo, municipio de la provincia Hermanas Mirabal, situada en el centro-norte del pa\u00eds, a unos 115 kil\u00f3metros de la capital dominicana donde resalt\u00f3, al llegar a la Fiscal\u00eda de dicha ciudad, el bajo \u00edndice de violencia de g\u00e9nero, que atribuye a un formidable trabajo de concientizaci\u00f3n en ese territorio.<\/p>\n\n\n\n<p class=\"wp-block-paragraph\">Tras elogiar las iniciativas institucionales que reivindican los derechos de las mujeres y su desarrollo social y econ\u00f3mico en la provincia, la funcionaria realiz\u00f3 un recorrido por el Bosque de la Mujer, al Centro de Atenci\u00f3n a las V\u00edctimas y el Centro Jur\u00eddico para la Mujer; as\u00ed como sostuvo encuentros en el Fondo Solidario con V\u00edctimas de la Violencia, la Direcci\u00f3n Provincial del Ministerio de la Mujer y la Casa-Museo Hermanas Mirabal&nbsp; donde firm\u00f3 el libro de visitas de personalidades distinguidas.<\/p>\n\n\n\n<p class=\"wp-block-paragraph\">La ministra elogi\u00f3 la igualdad de oportunidades existentes en la provincia Hermanas Mirabal \u201cpara mejorar las condiciones de la mujer y su integraci\u00f3n a la vida pol\u00edtica, social y econ\u00f3mica, valorando sus capacidades y haciendo hincapi\u00e9 en su protecci\u00f3n integral, mediante servicios orientados a la mujer, la familia y la infancia\u201d.<\/p>\n\n\n\n<p class=\"wp-block-paragraph\">Se recuerda que el D\u00eda Internacional de la Eliminaci\u00f3n de la Violencia Contra la Mujer, que se conmemora anualmente cada 25 de noviembre, en homenaje a las Hermanas Mirabal, asesinadas por la dictadura trujillista, deviene periodo preciso para&nbsp; denunciar la violencia contra la mujer y recordar a las heroicas mujeres de Salcedo o \u201clas mariposas\u201d, como suele llam\u00e1rseles, que en este a\u00f1o se cumple el 60 aniversario de su desaparici\u00f3n f\u00edsica.<\/p>\n","protected":false},"excerpt":{"rendered":"<p>VivirSeguras\u201d, se denomina la campa\u00f1a que encabeza el  programa de actividades presentado por el Ministerio de la Mujer, que se llevar\u00e1 a cabo durante noviembre<\/p>\n","protected":false},"author":3,"featured_media":28252,"comment_status":"open","ping_status":"open","sticky":false,"template":"","format":"standard","meta":{"_monsterinsights_skip_tracking":false,"footnotes":""},"categories":[691,53],"tags":[],"class_list":["post-28251","post","type-post","status-publish","format-standard","has-post-thumbnail","category-691","category-internacional"],"_links":{"self":[{"href":"https:\/\/redsemlac.com\/semmexico\/wp-json\/wp\/v2\/posts\/28251","targetHints":{"allow":["GET"]}}],"collection":[{"href":"https:\/\/redsemlac.com\/semmexico\/wp-json\/wp\/v2\/posts"}],"about":[{"href":"https:\/\/redsemlac.com\/semmexico\/wp-json\/wp\/v2\/types\/post"}],"author":[{"embeddable":true,"href":"https:\/\/redsemlac.com\/semmexico\/wp-json\/wp\/v2\/users\/3"}],"replies":[{"embeddable":true,"href":"https:\/\/redsemlac.com\/semmexico\/wp-json\/wp\/v2\/comments?post=28251"}],"version-history":[{"count":0,"href":"https:\/\/redsemlac.com\/semmexico\/wp-json\/wp\/v2\/posts\/28251\/revisions"}],"wp:featuredmedia":[{"embeddable":true,"href":"https:\/\/redsemlac.com\/semmexico\/wp-json\/wp\/v2\/media\/28252"}],"wp:attachment":[{"href":"https:\/\/redsemlac.com\/semmexico\/wp-json\/wp\/v2\/media?parent=28251"}],"wp:term":[{"taxonomy":"category","embeddable":true,"href":"https:\/\/redsemlac.com\/semmexico\/wp-json\/wp\/v2\/categories?post=28251"},{"taxonomy":"post_tag","embeddable":true,"href":"https:\/\/redsemlac.com\/semmexico\/wp-json\/wp\/v2\/tags?post=28251"}],"curies":[{"name":"wp","href":"https:\/\/api.w.org\/{rel}","templated":true}]}}