{"id":28249,"date":"2020-11-05T20:08:05","date_gmt":"2020-11-05T20:08:05","guid":{"rendered":"https:\/\/redsemlac.com\/semmexico\/?p=28249"},"modified":"2023-07-21T16:37:28","modified_gmt":"2023-07-21T21:37:28","slug":"nayarit-el-sueno-del-doctor","status":"publish","type":"post","link":"https:\/\/redsemlac.com\/semmexico\/nayarit-el-sueno-del-doctor\/","title":{"rendered":"Nayarit, el sue\u00f1o del doctor\u2026"},"content":{"rendered":"\n<h3 class=\"wp-block-heading\"><em>Entresemana<\/em><\/h3>\n\n\n\n<p class=\"wp-block-paragraph\"><strong>Mois\u00e9s S\u00e1nchez Lim\u00f3n<\/strong><\/p>\n\n\n\n<p class=\"wp-block-paragraph\">SemM\u00e9xico, Ciudad de M\u00e9xico, 5 de noviembre 2020.-Miguel \u00c1ngel Navarro Quintero tiene buena fama como m\u00e9dico especializado en ginecobstetricia y un terco pol\u00edtico que, por tercera ocasi\u00f3n, busca ser gobernador de su estado natal, Nayarit, en cuya capital, Tepic, naci\u00f3 en 1951. Pero\u2026<\/p>\n\n\n\n<p class=\"wp-block-paragraph\">En el horizonte del doctor Navarro Quintero, adem\u00e1s del rechazo de la dirigencia estatal de Morena que no lo considera militante de este instituto pol\u00edtico, hay un personaje que le quita el sue\u00f1o. Le doy sus iniciales: Nayar Mayorqu\u00edn Carrillo.<\/p>\n\n\n\n<p class=\"wp-block-paragraph\">Mire usted, el doctor Navarro Quintero actual senador por Morena se encumbr\u00f3 en la pol\u00edtica como distinguido priista y, praxis pol\u00edtica a la mexicana, cuando su conciencia lo llam\u00f3 a espacios donde pudiera lograr ser gobernador se fue al Partido de la Revoluci\u00f3n Democr\u00e1tica, que lo nomin\u00f3 en 2005, fall\u00f3 en el intento y, en 2017, insisti\u00f3 abanderado por Morena. Fracas\u00f3.<\/p>\n\n\n\n<p class=\"wp-block-paragraph\">Bien. Elemental, la tercera es la vencida y se anota para que Morena lo nomine a la gubernatura que se dirimir\u00e1 en las urnas en junio del a\u00f1o entrante. \u00bfY?<\/p>\n\n\n\n<p class=\"wp-block-paragraph\">La carrera del doctor Navarro Quintero ha tenido en la actual LXIV Legislatura Federal, en el Senado de la Rep\u00fablica, tiempos de lucimiento, responsable de tareas encomendadas por el licenciado Andr\u00e9s Manuel L\u00f3pez Obrador. Digamos que su desempe\u00f1o ha sido de tal enjundia en tribuna, que sus colegas le aplauden y reconocen.<\/p>\n\n\n\n<p class=\"wp-block-paragraph\">Y justamente en el Senado de la Rep\u00fablica tiene su primer escollo para avanzar en esa tercera pretensi\u00f3n de ser candidato al gobierno de Nayarit y ganar merced al bono democr\u00e1tico, marca registrada por el inquilino de Palacio. Cierto, hay encuestas que lo ubican en la preferencia del voto frente a la oposici\u00f3n panista y priista, especialmente.<\/p>\n\n\n\n<p class=\"wp-block-paragraph\">Pero las encuestas no valen para atender asuntos legales, determinados por la Ley Org\u00e1nica del Congreso de la Uni\u00f3n, y el rechazo dom\u00e9stico de Morena, en este caso del doctor Navarro Quintero.<\/p>\n\n\n\n<p class=\"wp-block-paragraph\">El senador nayarita tiene el mismo problema de su compa\u00f1ero de bancada y de partido, Jos\u00e9 Antonio \u00c1lvarez Lima, quien igual se encumbr\u00f3 en el priismo que lo hizo embajador de M\u00e9xico en Colombia y Portugal, diputado federal y senador en el breve periodo 1991-1992, porque debi\u00f3 pedir licencia para contender por el gobierno de Tlaxcala; fue gobernador, director del IMER y de IMEVISI\u00d3N, hoy TV Azteca.<\/p>\n\n\n\n<p class=\"wp-block-paragraph\">\u00c1lvarez Lima se convirti\u00f3 al perredismo y luego abraz\u00f3 el credo de Morena, partido por el cual lleg\u00f3 al Senado en la actual LXIV Legislatura, pero el licenciado presidente lo nombr\u00f3 director el Canal Once, donde estaba muy a gusto en el manejo propagand\u00edstico televisivo de la 4T, cuando lamentablemente falleci\u00f3 su suplente, el senador Joel Molina Ram\u00edrez.<\/p>\n\n\n\n<p class=\"wp-block-paragraph\">El deceso de su suplente lo instal\u00f3 en la disyuntiva de permanecer en la direcci\u00f3n del Canal Once, que implicar\u00eda convocar a una elecci\u00f3n extraordinaria en Tlaxcala para elegir a la nueva f\u00f3rmula que ocupe ese espacio, con el riesgo de que Morena perdiera la contienda. \u00c1lvarez Lima opt\u00f3 por retornar al Senado y evit\u00f3 una complicada situaci\u00f3n pol\u00edtica. El pasado 28 de octubre adujo que retornaba a su esca\u00f1o por el compromiso pol\u00edtico y \u00e9tico que le confirieron los electores en las urnas.<\/p>\n\n\n\n<p class=\"wp-block-paragraph\">Bien. Resulta que, aun cuando las encuestas de marras ubican al doctor Miguel \u00c1ngel Navarro en la preferencia del voto de los nayaritas, no tiene suplente porque, a quien debi\u00f3 haber ocupado ese espacio y, por ende, estar preparado para rendir protesta ante el pleno senatorial, Daniel Sep\u00falveda Arcega, le fue retirada la constancia de mayor\u00eda en la calificaci\u00f3n de los comicios de 2018.<\/p>\n\n\n\n<p class=\"wp-block-paragraph\">Resulta que, el&nbsp;Tribunal Electoral del Poder Judicial de la Federaci\u00f3n, entonces presidido por la magistrada Janine Ot\u00e1lora Malassis, ratific\u00f3 la sentencia de la Sala Regional sita en Guadalajara, Jalisco, y&nbsp;dej\u00f3 sin suplente a la f\u00f3rmula del doctor Navarro Quintero, electo&nbsp;por el principio de mayor\u00eda relativa.&nbsp;<\/p>\n\n\n\n<p class=\"wp-block-paragraph\">Y es que Daniel Sep\u00falveda fue ministro de culto religioso, cargo del que se separ\u00f3 en diciembre de 2016, es decir, no cumpli\u00f3 con los cinco a\u00f1os requeridos para ser elegible.<\/p>\n\n\n\n<p class=\"wp-block-paragraph\">Por ello, el doctor Navarro Quintero no tiene suplente y, en consecuencia, se vuelve inelegible. A menos que ahora Mario Delgado Carrillo en su papel de presidente nacional de Morena, acepte perder ese espacio en el Senado. La otra opci\u00f3n es que el INE convoque a elecci\u00f3n extraordinaria en Nayarit, con todo y sus complicaciones.<\/p>\n\n\n\n<p class=\"wp-block-paragraph\">Bueno, pero los escollos que tiene en su horizonte de aspiraci\u00f3n al gobierno de Nayarit no comienzan ni concluyen en el \u00e1mbito legislativo. De ser nominado a la contienda, la oposici\u00f3n le tiene un expediente de su relaci\u00f3n con el entonces Fiscal General de Nayarit, Edgar Veytia, detenido en San Diego, California, y sentenciado a 20 a\u00f1os de prisi\u00f3n por un juez del estado de Nueva York, por la comisi\u00f3n de delitos de delincuencia organizada y tr\u00e1fico de drogas.<\/p>\n\n\n\n<p class=\"wp-block-paragraph\">Otro punto m\u00e1s es que Morena Nayarit no lo quiere de candidato y no lo considera militante. Incluso, el presidente del Comit\u00e9 Estatal de Morena,&nbsp;Daniel Carrillo, en declaraciones hechas el martes pasado, advirti\u00f3 que su partido no se arriesgar\u00e1 a tener como candidato al doctor Navarro Quintero porque est\u00e1 en juego el futuro del estado, del estado, no del partido.<\/p>\n\n\n\n<p class=\"wp-block-paragraph\">Y puntualiz\u00f3:<\/p>\n\n\n\n<p class=\"wp-block-paragraph\">\u201cCreo que un partido ganador, como lo es&nbsp;Morena&nbsp;ahorita, se complica para ponerlo como candidato, porque su situaci\u00f3n es muy incierta. La cuesti\u00f3n es que no tiene suplente (en el Senado de la Rep\u00fablica) y lo perjudica bastante\u201d.<\/p>\n\n\n\n<p class=\"wp-block-paragraph\">Vaya, hasta sostuvo que en el&nbsp;Senado&nbsp;no deber\u00edan darle licencia, porque f\u00e1cilmente lo impugnar\u00edan y, previ\u00f3, \u201cbien podemos quedarnos sin candidato a gobernador y quedarnos sin nada. Entonces no podemos arriesgar algo tan importante como la gubernatura del estado\u201d.<\/p>\n\n\n\n<p class=\"wp-block-paragraph\">Y \u201cestar\u00eda violando los derechos de los ciudadanos que votaron por \u00e9l, no se est\u00e1 preocupando por los nayaritas que pueden exigir que regrese al Senado, entre otros derechos que est\u00e1 afectando a los nayaritas. \u00c9l solo est\u00e1 hablando desde el punto de vista de sus intereses, pero no se pone en el lugar del nayarita\u201d, argument\u00f3 Daniel Carrillo y sostuvo que el senador no es militante de Morena. \u00a1Sopas!<\/p>\n\n\n\n<p class=\"wp-block-paragraph\">Adem\u00e1s acus\u00f3 al doctor de que, cuando fue candidato de Morena en 2018 dej\u00f3 al partido una deuda de 17 millones de pesos. &nbsp;\u201cQuiero pedirle al doctor que ya no convoque a reuniones a nombre de Morena, \u00e9l no es militante que convoque a su nombre o al de otro partido\u201d. \u00bfSe atrever\u00e1 el senador a ir sin el apoyo de sus paisanos en la dirigencia partidista?<\/p>\n\n\n\n<p class=\"wp-block-paragraph\">El caso es que Morena en las encuestas del Estado est\u00e1 muy buen posicionado con una ventaja de casi 30 puntos.<\/p>\n\n\n\n<p class=\"wp-block-paragraph\">Y al doctor debe quitarle el sue\u00f1o un joven pol\u00edtico que, sin duda, ser\u00e1 el candidato de Morena, al gobierno nayarita, frente a este complejo escenario rumbo a la nominaci\u00f3n.<\/p>\n\n\n\n<p class=\"wp-block-paragraph\">Me comentan que Nayar Mayorqu\u00edn Carrillo es un pol\u00edtico local, conocido muy bien en el estado. Fue fundador de los comit\u00e9s ciudadanos de Morena en el pa\u00eds y en Nayarit en 2002. En 2006 fue Subsecretario de Hacienda del Gobierno Leg\u00edtimo; en 2009 candidato a diputado federal, en 2012 a senador y en 2015 fundador de Morena en Nayarit. Es licenciado en Derecho por la Universidad de Nayarit y con estudios en la Universidad Complutense. Fue Ministerio P\u00fablico, entre otras tareas que lo instalan como un serio aspirante a la candidatura de Morena al gobierno nayarita.<\/p>\n\n\n\n<p class=\"wp-block-paragraph\">Luego le platico m\u00e1s de Nayar Mayorqu\u00edn Carrillo. Por de pronto, creo que el doctor Miguel \u00c1ngel Navarro Quintero le har\u00eda bien al grupo parlamentario de Morena en el Senado, porque el escenario que pretende pisar por tercera ocasi\u00f3n como que no le es halag\u00fce\u00f1o. Digo.<\/p>\n\n\n\n<p class=\"wp-block-paragraph\"><a href=\"mailto:sanchezlimon@gmail.com\">sanchezlimon@gmail.com<\/a><\/p>\n\n\n\n<p class=\"wp-block-paragraph\"><a href=\"http:\/\/www.entresemana,mx\">www.entresemana,mx<\/a><\/p>\n\n\n\n<p class=\"wp-block-paragraph\">@msanchezlimon<\/p>\n","protected":false},"excerpt":{"rendered":"<p>Bien. Elemental, la tercera es la vencida y se anota para que Morena lo nomine a la gubernatura que se dirimir\u00e1 en las urnas en junio del a\u00f1o entrante<\/p>\n","protected":false},"author":3,"featured_media":15805,"comment_status":"open","ping_status":"open","sticky":false,"template":"","format":"standard","meta":{"_monsterinsights_skip_tracking":false,"footnotes":""},"categories":[691,105,83,35],"tags":[],"class_list":["post-28249","post","type-post","status-publish","format-standard","has-post-thumbnail","category-691","category-entresemana","category-moises-sanchez-limon","category-opinion"],"_links":{"self":[{"href":"https:\/\/redsemlac.com\/semmexico\/wp-json\/wp\/v2\/posts\/28249","targetHints":{"allow":["GET"]}}],"collection":[{"href":"https:\/\/redsemlac.com\/semmexico\/wp-json\/wp\/v2\/posts"}],"about":[{"href":"https:\/\/redsemlac.com\/semmexico\/wp-json\/wp\/v2\/types\/post"}],"author":[{"embeddable":true,"href":"https:\/\/redsemlac.com\/semmexico\/wp-json\/wp\/v2\/users\/3"}],"replies":[{"embeddable":true,"href":"https:\/\/redsemlac.com\/semmexico\/wp-json\/wp\/v2\/comments?post=28249"}],"version-history":[{"count":0,"href":"https:\/\/redsemlac.com\/semmexico\/wp-json\/wp\/v2\/posts\/28249\/revisions"}],"wp:featuredmedia":[{"embeddable":true,"href":"https:\/\/redsemlac.com\/semmexico\/wp-json\/wp\/v2\/media\/15805"}],"wp:attachment":[{"href":"https:\/\/redsemlac.com\/semmexico\/wp-json\/wp\/v2\/media?parent=28249"}],"wp:term":[{"taxonomy":"category","embeddable":true,"href":"https:\/\/redsemlac.com\/semmexico\/wp-json\/wp\/v2\/categories?post=28249"},{"taxonomy":"post_tag","embeddable":true,"href":"https:\/\/redsemlac.com\/semmexico\/wp-json\/wp\/v2\/tags?post=28249"}],"curies":[{"name":"wp","href":"https:\/\/api.w.org\/{rel}","templated":true}]}}