{"id":28237,"date":"2020-11-05T17:52:31","date_gmt":"2020-11-05T17:52:31","guid":{"rendered":"https:\/\/redsemlac.com\/semmexico\/?p=28237"},"modified":"2023-07-21T16:37:28","modified_gmt":"2023-07-21T21:37:28","slug":"se-instala-la-primera-oficina-regional-del-mecanismo-de-atencion-al-gremio","status":"publish","type":"post","link":"https:\/\/redsemlac.com\/semmexico\/se-instala-la-primera-oficina-regional-del-mecanismo-de-atencion-al-gremio\/","title":{"rendered":"Ante amenazas de muerte a periodistas cunde el silencio informativo"},"content":{"rendered":"\n<ul class=\"wp-block-list\"><li><strong>Se instala la primera oficina regional del mecanismo de atenci\u00f3n<\/strong> <strong>al gremio<\/strong><\/li><li><strong>El Grupo de Reacci\u00f3n Inmediata dar\u00e1 protecci\u00f3n a periodistas del municipio de Iguala, en Guerrero<\/strong><\/li><\/ul>\n\n\n\n<p class=\"wp-block-paragraph\"><strong>Libertad L\u00f3pez<\/strong><\/p>\n\n\n\n<p class=\"wp-block-paragraph\">SemM\u00e9xico, Iguala, Guerrero, 05 de noviembre e 2020.- A 20 d\u00edas de que los y las periodistas de esta ciudad pidieron la intervenci\u00f3n de los tres niveles de gobierno por amenazas de muerte de un grupo criminal, se instal\u00f3 el Grupo de Reacci\u00f3n Inmediata (GRI) en el municipio de Iguala, \u00fanico en su tipo y sin precedentes.<\/p>\n\n\n\n<p class=\"wp-block-paragraph\">Este Grupo brindar\u00e1 de manera inmediata, protecci\u00f3n y seguridad a periodistas que se encuentren bajo amenaza y est\u00e9n riesgo, a trav\u00e9s de la Guardia Nacional, la Polic\u00eda Estatal o Municipal.<\/p>\n\n\n\n<p class=\"wp-block-paragraph\">Esto se inform\u00f3 y se dijo que es la primera acci\u00f3n delineada en acuerdos derivados de la primera mesa de trabajo realizada este mi\u00e9rcoles con el Mecanismo Nacional, el Estatal y periodistas. Se trata de un grupo que no tiene precedente en el pa\u00eds.<\/p>\n\n\n\n<p class=\"wp-block-paragraph\">En los \u00faltimos 20 a\u00f1os han asesinado 20 periodistas en Guerrero, uno en Iguala este a\u00f1o. Y solamente, el 28 de junio de 2010 asesinaron a Mar\u00eda Elvira Hern\u00e1ndez Galeana, en Coyuca de Benites. En estos 20 a\u00f1os en M\u00e9xico han asesinado a m\u00e1s de 135 periodistas, en las rutas del narcotr\u00e1fico, principalmente. El 90 por ciento de los casos est\u00e1n en la impunidad.<\/p>\n\n\n\n<p class=\"wp-block-paragraph\">Las y los periodistas de Iguala, el 5 de octubre difundieron una carta dirigida al gobierno federal, estatal y municipal demandando su acci\u00f3n, porque el grupo delincuencial Guerreros Unidos amenazaron de muerte a periodistas y a sus familias.<\/p>\n\n\n\n<p class=\"wp-block-paragraph\">Este a\u00f1o los periodistas V\u00edctor Fern\u00e1ndez \u00c1lvarez y Pablo Morrugares, fueron asesinados en Guerrero; Morrugares el 2 de agosto en Iguala, a pesar de estar en el programa de protecci\u00f3n gubernamental para reporteros amenazados. Fue asesinado a balazos esa noche en un bar. Hab\u00eda salido ileso en un atentado en 2016.<\/p>\n\n\n\n<p class=\"wp-block-paragraph\">La asociaci\u00f3n Periodistas Desplazados y Agredidos advirti\u00f3 entonces que la actividad criminal en esa zona alcanz\u00f3 a la prensa. En M\u00e9xico, seg\u00fan Art\u00edculo 19, cada 10 horas 75 minutos, recibe una agresi\u00f3n alg\u00fan periodista en M\u00e9xico.<\/p>\n\n\n\n<p class=\"wp-block-paragraph\">Este martes, un grupo de periodistas de Iguala emiti\u00f3 una carta dirigida al Presidente de M\u00e9xico, as\u00ed como a diferentes autoridades federales, estatales y municipales, donde&nbsp;pidieron protecci\u00f3n y denunciaron que grupos del crimen organizado a nivel local los amenazaron de muerte&nbsp;a ellos y sus familias.<\/p>\n\n\n\n<p class=\"wp-block-paragraph\">Se instal\u00f3 enseguida una mesa de trabajo y ayer presidida por el Gobernador H\u00e9ctor Astudillo Flores, la Titular de la Unidad Estatal para la Protecci\u00f3n de Personas Defensoras de Derechos Humanos y Periodistas, Mar\u00eda de Lourdes Mart\u00ednez Cisneros, dio a conocer las acciones que llevar\u00e1 a cabo este grupo de trabajo interinstitucional, para salvaguardar la integridad de los comunicadores.<\/p>\n\n\n\n<p class=\"wp-block-paragraph\">El GRI estar\u00e1 integrado por el Delegado de Gobierno de la Regi\u00f3n Norte, un representante de la Fiscal\u00eda General del Estado, de la Guardia Nacional y de la Secretar\u00eda de Seguridad P\u00fablica Estatal, Municipal y un grupo de representaci\u00f3n del gremio period\u00edstico.<\/p>\n\n\n\n<p class=\"wp-block-paragraph\">De manera virtual el Director General del Mecanismo Nacional, Jorge Ruiz del \u00c1ngel, detall\u00f3 que este grupo interinstitucional trasciende al ser la primera oficina regional en respuesta inmediata a las agresiones cometidas contra los comunicadores de ese municipio.<\/p>\n\n\n\n<p class=\"wp-block-paragraph\">En la reuni\u00f3n estuvieron presentes Erick catal\u00e1n Rend\u00f3n, Delegado de Gobierno en la Regi\u00f3n Norte; Omar Sandoval Le\u00f3n, Fiscal Regional de Zona Norte; Vicente Salgado Bustamante, Secretario de Seguridad P\u00fablica Municipal.<\/p>\n\n\n\n<p class=\"wp-block-paragraph\">Las y los periodistas informaron en la carta de auxilio que \u201cEn las \u00faltimas semanas, en el contexto de la guerra que mantienen grupos del crimen organizado en esta ciudad, hemos sido amenazados por medio de llamadas y mensajes a trav\u00e9s de la aplicaci\u00f3n WhatsApp, por acudir a coberturas y publicar distintos hechos de violencia, as\u00ed como denuncias de abusos de autoridad por parte de corporaciones polic\u00edacas\u201d.<\/p>\n\n\n\n<p class=\"wp-block-paragraph\">Agregaron en la carta enviada al Presidente de la Rep\u00fablica la semana anterior al 5 de octubre que tras cubrir una protesta de familiares de personas detenidas en la sede de la Fiscal\u00eda Regional Norte, varios periodistas recibieron llamadas telef\u00f3nicas donde un grupo criminal los amenaz\u00f3 de muerte.<\/p>\n\n\n\n<p class=\"wp-block-paragraph\">\u201cCon palabras agresivas y ofensivas, a varios nos amenazaron de muerte y nos exigieron no meternos en la disputa que mantienen dos grupos del crimen organizado, acusando que la informaci\u00f3n que publicamos es tendenciosa\u201d.<\/p>\n\n\n\n<p class=\"wp-block-paragraph\">Indicaron que producto de estas amenazas el pasado 7 de octubre no dieron cobertura a la \u201cmarcha por la paz\u201d convocada por ciudadanos y transportistas en Iguala.<\/p>\n\n\n\n<p class=\"wp-block-paragraph\">\u201cEl silencio que se apoder\u00f3 de Iguala ese d\u00eda representa una mordaza para los medios de comunicaci\u00f3n, lo cual consideramos, es un hecho grav\u00edsimo sobre todo en una ciudad en la que hace apenas seis a\u00f1os, fueron desaparecidos 43 estudiantes, y donde las autoridades prometieron regresar la paz y la tranquilidad\u201d.<\/p>\n","protected":false},"excerpt":{"rendered":"<p>El Grupo de Reacci\u00f3n Inmediata dar\u00e1 protecci\u00f3n a periodistas del municipio de Iguala, en Guerrero<\/p>\n","protected":false},"author":3,"featured_media":28238,"comment_status":"open","ping_status":"open","sticky":false,"template":"","format":"standard","meta":{"_monsterinsights_skip_tracking":false,"footnotes":""},"categories":[691,55],"tags":[],"class_list":["post-28237","post","type-post","status-publish","format-standard","has-post-thumbnail","category-691","category-periodistas"],"_links":{"self":[{"href":"https:\/\/redsemlac.com\/semmexico\/wp-json\/wp\/v2\/posts\/28237","targetHints":{"allow":["GET"]}}],"collection":[{"href":"https:\/\/redsemlac.com\/semmexico\/wp-json\/wp\/v2\/posts"}],"about":[{"href":"https:\/\/redsemlac.com\/semmexico\/wp-json\/wp\/v2\/types\/post"}],"author":[{"embeddable":true,"href":"https:\/\/redsemlac.com\/semmexico\/wp-json\/wp\/v2\/users\/3"}],"replies":[{"embeddable":true,"href":"https:\/\/redsemlac.com\/semmexico\/wp-json\/wp\/v2\/comments?post=28237"}],"version-history":[{"count":0,"href":"https:\/\/redsemlac.com\/semmexico\/wp-json\/wp\/v2\/posts\/28237\/revisions"}],"wp:featuredmedia":[{"embeddable":true,"href":"https:\/\/redsemlac.com\/semmexico\/wp-json\/wp\/v2\/media\/28238"}],"wp:attachment":[{"href":"https:\/\/redsemlac.com\/semmexico\/wp-json\/wp\/v2\/media?parent=28237"}],"wp:term":[{"taxonomy":"category","embeddable":true,"href":"https:\/\/redsemlac.com\/semmexico\/wp-json\/wp\/v2\/categories?post=28237"},{"taxonomy":"post_tag","embeddable":true,"href":"https:\/\/redsemlac.com\/semmexico\/wp-json\/wp\/v2\/tags?post=28237"}],"curies":[{"name":"wp","href":"https:\/\/api.w.org\/{rel}","templated":true}]}}