{"id":28182,"date":"2020-10-26T19:33:00","date_gmt":"2020-10-26T19:33:00","guid":{"rendered":"https:\/\/redsemlac.com\/semmexico\/?p=28182"},"modified":"2023-07-21T16:36:53","modified_gmt":"2023-07-21T21:36:53","slug":"obscuridad-de-su-casa-candil-de-la-calle-el-dicho-al-reves-que-inspira-a-la-iniciativa-3-de-3-contra-la-violencia-de-genero","status":"publish","type":"post","link":"https:\/\/redsemlac.com\/semmexico\/obscuridad-de-su-casa-candil-de-la-calle-el-dicho-al-reves-que-inspira-a-la-iniciativa-3-de-3-contra-la-violencia-de-genero\/","title":{"rendered":"Obscuridad de su casa, candil de la calle, el dicho al rev\u00e9s que inspira a la iniciativa 3 de 3 contra la violencia de g\u00e9nero"},"content":{"rendered":"\n<p class=\"wp-block-paragraph\"><strong>Por: Nuria Gabriela Hern\u00e1ndez Abarca<\/strong><\/p>\n\n\n\n<p class=\"wp-block-paragraph\">SemM\u00e9xico. 26 de octubre 2020.- Fue en el a\u00f1o 2018 cuando las\u00a0<em>Constituyentes de la Ciudad de M\u00e9xico,\u00a0<\/em>colectiva que propone incidir de manera efectiva en el proceso de armonizaci\u00f3n del marco jur\u00eddico con perspectiva de g\u00e9nero, presentaran la propuesta Legislativa denominada\u00a0<em>3 de 3 contra la violencia de g\u00e9nero<\/em>. Iniciativa que fue arropada por distintas mujeres legisladoras de distintas expresiones pol\u00edticas,\u00a0<strong>hoy esa propuesta recobra m\u00e1s fuerza, al pretender que sean parte de los lineamientos electorales para la jornada de este 2021.<\/strong><\/p>\n\n\n\n<p class=\"wp-block-paragraph\">Esta iniciativa ve la luz en un momento hist\u00f3rico y oportuno, para garantizar que la funci\u00f3n p\u00fablica y pol\u00edtica se ejerza desde una real perspectiva de g\u00e9nero. A decir de una de sus proponentes Yndira Sandoval, lo que se pretende es que no haya ning\u00fan&nbsp;<strong>agresor<\/strong>, ning\u00fan acosador, ning\u00fan deudor de pensi\u00f3n alimenticia en los espacios de elecci\u00f3n, de designaciones, de estructura ni en las convocatorias de espacios de tomas de decisiones\u201d.<\/p>\n\n\n\n<p class=\"wp-block-paragraph\">Avances en el camino para la participaci\u00f3n pol\u00edtica en condiciones de paridad y libre de violencia han sido logrados,&nbsp;<strong>muchos a\u00f1os tuvieron que pasar para que las mujeres pudieran por fin, contender en el a\u00f1o 2021 bajo los principios de paridad y con la certeza de la existencia de la sanci\u00f3n al delito de violencia pol\u00edtica.<\/strong><\/p>\n\n\n\n<p class=\"wp-block-paragraph\"><em>La iniciativa 3 de 3 contra la violencia de g\u00e9nero sin lugar a duda complementa esos esfuerzos legislativos.<\/em><\/p>\n\n\n\n<p class=\"wp-block-paragraph\">Tanto la paridad como la sanci\u00f3n a la violencia pol\u00edtica se circunscriben en el \u00e1mbito p\u00fablico y pol\u00edtico, pero a diferencia de estas realidades&nbsp;<strong>la propuesta 3 de 3 tiene la intensi\u00f3n de visibilizar otras tres realidades que se viven en el \u00e1mbito privado,<\/strong>&nbsp;y que en muchas ocasiones son cometidas por hombres que ocupan el espacio p\u00fablico y pol\u00edtico.<\/p>\n\n\n\n<p class=\"wp-block-paragraph\">La innegable existencia de la violencia ejercida contra las mujeres, la ausencia de compromiso de algunos hombres en las responsabilidades respecto a la obligaci\u00f3n de brindar alimentos y por \u00faltimo la lamentable realidad de acoso sexual que&nbsp;<strong>se vive por miles de mujeres en sus hogares y en sus espacios laborales son la g\u00e9nesis de esta importante propuesta.<\/strong><\/p>\n\n\n\n<p class=\"wp-block-paragraph\">Solo basta hacer una revisi\u00f3n de la realidad en estas violencias, a nivel mundial la Organizaci\u00f3n Mundial de la Salud (OMS) se\u00f1ala que la violencia contra la mujer -especialmente la ejercida por su pareja y la violencia sexual- constituye un grave problema de salud p\u00fablica y una violaci\u00f3n de los derechos humanos de las mujeres, se\u00f1alando que alrededor de una de cada tres (35%)&nbsp;<strong>mujeres en el mundo han sufrido violencia f\u00edsica y\/o sexual de pareja o violencia sexual por terceros en alg\u00fan momento de su vida, mientras casi un tercio (30%) de las mujeres que han tenido una relaci\u00f3n de pareja refieren haber sufrido alguna forma de violencia f\u00edsica y\/o sexual<\/strong>&nbsp;por parte de su pareja en alg\u00fan momento de su vida.<\/p>\n\n\n\n<p class=\"wp-block-paragraph\">Por su parte la encuesta Nacional sobre la Din\u00e1mica de las Relaciones en los Hogares (ENDIREH)<a href=\"http:\/\/www.indiciomich.com\/obscuridad-de-su-casa-candil-de-la-calle-el-dicho-al-reves-que-inspira-a-la-iniciativa-3-de-3-contra-la-violencia-de-genero\/?fbclid=IwAR0IlnGdoMdYWD8LtHVa36Av_J-ybi8011jXzRwy-BQvbQr9lgyHwFZDlOg#_ftn1\">[1]<\/a>&nbsp;2016<a href=\"http:\/\/www.indiciomich.com\/obscuridad-de-su-casa-candil-de-la-calle-el-dicho-al-reves-que-inspira-a-la-iniciativa-3-de-3-contra-la-violencia-de-genero\/?fbclid=IwAR0IlnGdoMdYWD8LtHVa36Av_J-ybi8011jXzRwy-BQvbQr9lgyHwFZDlOg#_ftn2\">[2]<\/a>, se\u00f1ala que de las mujeres de 15 a\u00f1os y m\u00e1s 6<strong>6.1% han sufrido al menos un incidente de violencia emocional, econ\u00f3mica, f\u00edsica, sexual o discriminaci\u00f3n a lo largo de su vida<\/strong>&nbsp;en al menos un \u00e1mbito y ejercida por cualquier agresor, el 49.0% violencia emocional, 41.3% violencia sexual, 34.0% violencia f\u00edsica, 29.0% violencia econ\u00f3mica o patrimonial o discriminaci\u00f3n en el trabajo.<\/p>\n\n\n\n<p class=\"wp-block-paragraph\">Ahora bien, respecto a la obligaci\u00f3n alimentaria por parte de los padres respecto a sus hijas e hijos, el Instituto Nacional de Estad\u00edstica y Geograf\u00eda (Inegi),&nbsp;<strong>se\u00f1ala que en M\u00e9xico tres de cada cuatro hijos de padres separados no reciben pensi\u00f3n alimenticia, as\u00ed como que el 67.5% de las madres solteras no reciben pensi\u00f3n alimenticia<\/strong>&nbsp;como consecuencia de una serie de falsedades que los deudores alimentarios (en la mayor\u00eda de los casos hombres) que implementan para evadir su responsabilidad.&nbsp;<a href=\"http:\/\/www.indiciomich.com\/obscuridad-de-su-casa-candil-de-la-calle-el-dicho-al-reves-que-inspira-a-la-iniciativa-3-de-3-contra-la-violencia-de-genero\/?fbclid=IwAR0IlnGdoMdYWD8LtHVa36Av_J-ybi8011jXzRwy-BQvbQr9lgyHwFZDlOg#_ftn3\">[3]<\/a><\/p>\n\n\n\n<p class=\"wp-block-paragraph\">Todas estas realidades son cuestionadas en la propuesta de 3 de 3 donde se se\u00f1ala que a fin de garantizar que el ejercicio de la funci\u00f3n publica se realice con una conciencia de genero real y atendiendo a las obligaciones que se esperan para todos los funcionarios p\u00fablicos,&nbsp;<strong>se pretende limitar el acceso a dicho ejercicio de la funci\u00f3n p\u00fablica a todas aquellas personas que sean deudores de pensi\u00f3n alimenticia, acosadores o agresores en el \u00e1mbito familiar.<\/strong><\/p>\n\n\n\n<p class=\"wp-block-paragraph\">Esta propuesta se espera se discuta en esta semana en el Pleno del Consejo General del Instituto Nacional Electoral (INE) donde se discutir\u00e1 y, seg\u00fan el caso, aprobar\u00e1 la iniciativa \u201c<strong>3 de 3 contra la violencia de g\u00e9nero<\/strong>, lo que garantizar\u00e1 que dicha propuesta acompa\u00f1e a la reforma en materia de paridad y sanci\u00f3n a la violencia pol\u00edtica en las pr\u00f3ximas elecciones, lo anterior a fin de que se establezca un filtro en el ejercicio de la funci\u00f3n p\u00fablica, ya sea por elecci\u00f3n, por designaci\u00f3n, o por concurso, para aquellos hombres que ejerzan violencia contra las mujeres, sean acosadores sexuales o sean deudores alimentarios, en el entendido de que las acciones personales de esta naturaleza, sin lugar a dudas ser\u00e1n&nbsp; el reflejo de su conducta en el ejercicio del funcionariado.<\/p>\n\n\n\n<p class=\"wp-block-paragraph\">Estaremos atentas a esta necesaria e importante resoluci\u00f3n.<\/p>\n\n\n\n<p class=\"wp-block-paragraph\"><a href=\"http:\/\/www.indiciomich.com\/obscuridad-de-su-casa-candil-de-la-calle-el-dicho-al-reves-que-inspira-a-la-iniciativa-3-de-3-contra-la-violencia-de-genero\/?fbclid=IwAR0IlnGdoMdYWD8LtHVa36Av_J-ybi8011jXzRwy-BQvbQr9lgyHwFZDlOg#_ftnref1\">[1]<\/a>&nbsp;https:\/\/www.inegi.org.mx\/contenidos\/programas\/endireh\/2016\/doc\/endireh2016_presentacion_ejecutiva.pdf<\/p>\n\n\n\n<p class=\"wp-block-paragraph\"><a href=\"http:\/\/www.indiciomich.com\/obscuridad-de-su-casa-candil-de-la-calle-el-dicho-al-reves-que-inspira-a-la-iniciativa-3-de-3-contra-la-violencia-de-genero\/?fbclid=IwAR0IlnGdoMdYWD8LtHVa36Av_J-ybi8011jXzRwy-BQvbQr9lgyHwFZDlOg#_ftnref2\">[2]<\/a>&nbsp;La ENDIREH mide la din\u00e1mica de las relaciones de pareja en los hogares, as\u00ed como las experiencias de las mujeres en la escuela, el trabajo y la comunidad con distintos tipos de violencia.<\/p>\n\n\n\n<p class=\"wp-block-paragraph\"><a href=\"http:\/\/www.indiciomich.com\/obscuridad-de-su-casa-candil-de-la-calle-el-dicho-al-reves-que-inspira-a-la-iniciativa-3-de-3-contra-la-violencia-de-genero\/?fbclid=IwAR0IlnGdoMdYWD8LtHVa36Av_J-ybi8011jXzRwy-BQvbQr9lgyHwFZDlOg#_ftnref3\">[3]<\/a>&nbsp;https:\/\/misabogados.com.mx\/blog\/incumplimiento-de-pension-alimenticia\/<\/p>\n","protected":false},"excerpt":{"rendered":"<p>Esta iniciativa ve la luz en un momento hist\u00f3rico y oportuno, para garantizar que la funci\u00f3n p\u00fablica y pol\u00edtica se ejerza desde una real perspectiva de g\u00e9nero. <\/p>\n","protected":false},"author":3,"featured_media":28183,"comment_status":"open","ping_status":"open","sticky":false,"template":"","format":"standard","meta":{"_monsterinsights_skip_tracking":false,"footnotes":""},"categories":[691,110,35],"tags":[],"class_list":["post-28182","post","type-post","status-publish","format-standard","has-post-thumbnail","category-691","category-la-opinion-columnas","category-opinion"],"_links":{"self":[{"href":"https:\/\/redsemlac.com\/semmexico\/wp-json\/wp\/v2\/posts\/28182","targetHints":{"allow":["GET"]}}],"collection":[{"href":"https:\/\/redsemlac.com\/semmexico\/wp-json\/wp\/v2\/posts"}],"about":[{"href":"https:\/\/redsemlac.com\/semmexico\/wp-json\/wp\/v2\/types\/post"}],"author":[{"embeddable":true,"href":"https:\/\/redsemlac.com\/semmexico\/wp-json\/wp\/v2\/users\/3"}],"replies":[{"embeddable":true,"href":"https:\/\/redsemlac.com\/semmexico\/wp-json\/wp\/v2\/comments?post=28182"}],"version-history":[{"count":0,"href":"https:\/\/redsemlac.com\/semmexico\/wp-json\/wp\/v2\/posts\/28182\/revisions"}],"wp:featuredmedia":[{"embeddable":true,"href":"https:\/\/redsemlac.com\/semmexico\/wp-json\/wp\/v2\/media\/28183"}],"wp:attachment":[{"href":"https:\/\/redsemlac.com\/semmexico\/wp-json\/wp\/v2\/media?parent=28182"}],"wp:term":[{"taxonomy":"category","embeddable":true,"href":"https:\/\/redsemlac.com\/semmexico\/wp-json\/wp\/v2\/categories?post=28182"},{"taxonomy":"post_tag","embeddable":true,"href":"https:\/\/redsemlac.com\/semmexico\/wp-json\/wp\/v2\/tags?post=28182"}],"curies":[{"name":"wp","href":"https:\/\/api.w.org\/{rel}","templated":true}]}}