{"id":28153,"date":"2020-11-02T21:01:35","date_gmt":"2020-11-02T21:01:35","guid":{"rendered":"https:\/\/redsemlac.com\/semmexico\/?p=28153"},"modified":"2023-07-21T16:37:30","modified_gmt":"2023-07-21T21:37:30","slug":"y-si-fuera-tu-hija-tu-madre-tu-hermana-o-tu-amiga","status":"publish","type":"post","link":"https:\/\/redsemlac.com\/semmexico\/y-si-fuera-tu-hija-tu-madre-tu-hermana-o-tu-amiga\/","title":{"rendered":"\u00bfY si fuera tu hija, tu madre, t\u00fa hermana, o t\u00fa amiga?"},"content":{"rendered":"\n<ul class=\"wp-block-list\"><li><strong>Nueva Constituyente Ciudadana Popular en Coahuila homenajea a las v\u00edctimas<\/strong><\/li><li><strong>El feminicidio cobra la vida de al menos 25 mujeres este a\u00f1o en la entidad<\/strong><\/li><\/ul>\n\n\n\n<p class=\"wp-block-paragraph\"><strong>Con informaci\u00f3n de Jacky Campell<\/strong><\/p>\n\n\n\n<p class=\"wp-block-paragraph\">Semm\u00e9xico,Saltillo, Coahuila, 2 de noviembre, 2020.- Con una ofrenda, un altar y un muro, la Constituyente Popular de Coahuila hizo un homenaje a las mujeres v\u00edctimas de feminicidios, al menos 25 sucedidos este a\u00f1o en esa entidad y para recordad c\u00f3mo la impunidad sigue prevaleciendo en M\u00e9xico.<\/p>\n\n\n\n<p class=\"wp-block-paragraph\">En la movilizaci\u00f3n leyeron un pronunciamiento en el que plantean a las autoridades su responsabilidad, su mandato para cumplir con su trabajo; llaman a las y los integrantes del pr\u00f3ximo congreso a reconocer la desigualdad y vigilar al funcionariado que deben cumplir con la iniciativa ciudadana de 3 de 3. Pidieron sanciones a las y los servidores p\u00fablicos que por acci\u00f3n u omisi\u00f3n obstaculizan el acceso a la justicia a v\u00edctimas y familiares.<\/p>\n\n\n\n<p class=\"wp-block-paragraph\">En el centro de Saltillo colocaron en la banqueta este homenaje color morado, con fotograf\u00edas, veladoras e historias para hacer patente que es urgente transformar la realidad que viven las mujeres y, en cada caso, garantizar el debido proceso, la debida diligencia y el acceso a la justicia para las v\u00edctimas y sobrevivientes de la violencia machista.<\/p>\n\n\n\n<figure class=\"wp-block-image size-large\"><img loading=\"lazy\" decoding=\"async\" width=\"589\" height=\"367\" src=\"https:\/\/redsemlac.com\/semmexico\/wp-content\/uploads\/2020\/11\/WhatsApp-Image-2020-11-02-at-2.16.16-PM.jpeg\" alt=\"\" class=\"wp-image-28154\"\/><\/figure>\n\n\n\n<p class=\"wp-block-paragraph\">Ayer a las 5 de la tare en colectivo, donde tambi\u00e9n recuerdan a muchas otras personas desaparecidas o asesinadas, se unieron al movimiento nacional que&nbsp;&nbsp; busca de un pa\u00eds democr\u00e1tico, con memoria, libertad, igualdad y justicia, construido desde la base social, y que posibilite el tejido de luchas y resistencias en M\u00e9xico.<\/p>\n\n\n\n<p class=\"wp-block-paragraph\">Destacaron la importancia de que la sociedad considere a las v\u00edctimas como parte medular para reconstruir al pa\u00eds; recuerdan que en los \u00faltimos meses de 2019 iniciaron sus acciones, mostraron su indignaci\u00f3n ante el incremento de feminicidios en el pa\u00eds y en Coahuila con un primer mural violeta, buscando hacer visible a la violencia feminicida en la entidad.<\/p>\n\n\n\n<p class=\"wp-block-paragraph\">Sostiene esta Constituyente que urge parar los patrones de impunidad. Llaman a las y los diputados electos del Partido Revolucionario Institucional (PRI), y a las y los diputados de representaci\u00f3n proporcional de Morena, PAN, partido Verde y UDC, que tomen en serio su cargo en favor de las mujeres, que representan el 52 por ciento del padr\u00f3n electoral. Que la transversalidad en derechos humanos de las mujeres, los hombres y las personas trans, sean considerados una prioridad para la pr\u00f3xima legislatura. Que la inclusi\u00f3n sea nombrada en cada discurso, voto, punto de acuerdo y ley que presenten o apoyen.<\/p>\n\n\n\n<p class=\"wp-block-paragraph\">Sobre la trascendencia de la iniciativa ciudadana 3 de 3 en contra de la violencia feminicida, (violencia familiar, sexual y omisi\u00f3n en el pago de alimentos) exigen a todos los funcionarios detectar esas conductas, atiendan de manera estructural las agresiones contra ni\u00f1as, adolescentes y mujeres y propicien el acceso a una vida libre de violencia.<\/p>\n\n\n\n<p class=\"wp-block-paragraph\">La ofrenda y el homenaje est\u00e1n destinados a la memoria de tres v\u00edctimas de feminicidio en esta entidad:<\/p>\n\n\n\n<p class=\"wp-block-paragraph\">&nbsp;Serymar Soto Az\u00faa (originaria de Torre\u00f3n), asesinada por su prometido el 28 de enero del 2017, quien cumple sentencia por feminicidio, gracias a la presi\u00f3n de la familia que luch\u00f3 para que as\u00ed fuera.<\/p>\n\n\n\n<p class=\"wp-block-paragraph\">Brenda Nail Gonz\u00e1lez Montelongo (originaria de Piedras Negras), encontrada muerta el 21 de octubre del 2018, 10 d\u00edas despu\u00e9s de su desaparici\u00f3n y asesinada el d\u00eda en que su primog\u00e9nito cumpl\u00eda 15 a\u00f1os. De su caso no hay investigaci\u00f3n, s\u00f3lo amenazas para la familia que por ello tuvo que salir del pa\u00eds.<\/p>\n\n\n\n<p class=\"wp-block-paragraph\">Elisa Loyo Guti\u00e9rrez (originaria de Saltillo), asesinada en su centro laboral en Filipinas el 23 de diciembre del 2008, donde hicieron creer que hab\u00eda sido un suicidio; esa noche se inaugurar\u00eda un restaurante en el que ella ser\u00eda la chef principal.<\/p>\n\n\n\n<p class=\"wp-block-paragraph\">Se\u00f1alan que la diferencia entre asesinar en medio de un robo o en una ri\u00f1a, matar por matar, o un feminicidio, explican, se establece en la sentencia del caso Campo Algodonero, -recomendaci\u00f3n para el Estado Mexicano- que le define al feminicidio como el homicidio de una mujer por razones de g\u00e9nero. Y se\u00f1alan que la Convenci\u00f3n Bel\u00e9m do Par\u00e1 define que la violencia contra las mujeres es una expresi\u00f3n de discriminaci\u00f3n por g\u00e9nero contra \u00e9stas.<\/p>\n\n\n\n<p class=\"wp-block-paragraph\">&nbsp;En 2019 las cifras del Secretariado Ejecutivo del Sistema Nacional de Seguridad P\u00fablica establecieron que en Coahuila el porcentaje de feminicidios aument\u00f3 600 por ciento. En el 2020 se vive la pandemia por el Covid19, lo que ha expuesto m\u00e1s a las mujeres verse forzadas a vivir con sus agresores. Se reconoce que el hogar no es un lugar seguro y se les ha confinado a ello.<\/p>\n\n\n\n<p class=\"wp-block-paragraph\">Seg\u00fan el Observatorio Nacional de Feminicidios en M\u00e9xico, entre enero a agosto del 2020 fueron asesinadas 2 mil 532 mujeres, pero s\u00f3lo 626 casos son investigados como feminicidios. En Coahuila, seg\u00fan las cifras oficiales y reportes en la prensa, fueron asesinadas, al menos, 25 mujeres cuya carpeta de investigaci\u00f3n se tipifica como feminicidio.<\/p>\n\n\n\n<p class=\"wp-block-paragraph\">Tambi\u00e9n dicen que&nbsp; la Fiscal\u00eda,&nbsp; a la Polic\u00eda Investigadora, el Ministerio P\u00fablico y Defensor\u00eda P\u00fablica, tienen falta de criterio al no investigar, minimizar y alinearse a pol\u00edticas represoras, en lugar de llevar con objetividad y perspectiva de g\u00e9nero los procesos de los casos de violencia de g\u00e9nero o feminicidios.<\/p>\n","protected":false},"excerpt":{"rendered":"<p>Nueva Constituyente Ciudadana Popular en Coahuila homenajea a las v\u00edctimas<\/p>\n","protected":false},"author":3,"featured_media":28155,"comment_status":"open","ping_status":"open","sticky":false,"template":"","format":"standard","meta":{"_monsterinsights_skip_tracking":false,"footnotes":""},"categories":[691,54],"tags":[],"class_list":["post-28153","post","type-post","status-publish","format-standard","has-post-thumbnail","category-691","category-mujeres"],"_links":{"self":[{"href":"https:\/\/redsemlac.com\/semmexico\/wp-json\/wp\/v2\/posts\/28153","targetHints":{"allow":["GET"]}}],"collection":[{"href":"https:\/\/redsemlac.com\/semmexico\/wp-json\/wp\/v2\/posts"}],"about":[{"href":"https:\/\/redsemlac.com\/semmexico\/wp-json\/wp\/v2\/types\/post"}],"author":[{"embeddable":true,"href":"https:\/\/redsemlac.com\/semmexico\/wp-json\/wp\/v2\/users\/3"}],"replies":[{"embeddable":true,"href":"https:\/\/redsemlac.com\/semmexico\/wp-json\/wp\/v2\/comments?post=28153"}],"version-history":[{"count":0,"href":"https:\/\/redsemlac.com\/semmexico\/wp-json\/wp\/v2\/posts\/28153\/revisions"}],"wp:featuredmedia":[{"embeddable":true,"href":"https:\/\/redsemlac.com\/semmexico\/wp-json\/wp\/v2\/media\/28155"}],"wp:attachment":[{"href":"https:\/\/redsemlac.com\/semmexico\/wp-json\/wp\/v2\/media?parent=28153"}],"wp:term":[{"taxonomy":"category","embeddable":true,"href":"https:\/\/redsemlac.com\/semmexico\/wp-json\/wp\/v2\/categories?post=28153"},{"taxonomy":"post_tag","embeddable":true,"href":"https:\/\/redsemlac.com\/semmexico\/wp-json\/wp\/v2\/tags?post=28153"}],"curies":[{"name":"wp","href":"https:\/\/api.w.org\/{rel}","templated":true}]}}