{"id":28150,"date":"2020-11-02T20:58:33","date_gmt":"2020-11-02T20:58:33","guid":{"rendered":"https:\/\/redsemlac.com\/semmexico\/?p=28150"},"modified":"2023-07-21T16:37:31","modified_gmt":"2023-07-21T21:37:31","slug":"cuba-documental-defiende-derecho-a-la-dignidad-y-autonomia-de-los-cuerpos","status":"publish","type":"post","link":"https:\/\/redsemlac.com\/semmexico\/cuba-documental-defiende-derecho-a-la-dignidad-y-autonomia-de-los-cuerpos\/","title":{"rendered":"Cuba: Documental defiende derecho a la dignidad y autonom\u00eda de los cuerpos"},"content":{"rendered":"\n<ul class=\"wp-block-list\"><li><strong>Aqu\u00ed 18 historia que dejan ver las ataduras patriarcales y machistas<\/strong><\/li><li><strong>Los cuerpos como primer espacio pol\u00edtico, individual, de lucha y resistencia<\/strong><\/li><\/ul>\n\n\n\n<p class=\"wp-block-paragraph\"><strong>Redacci\u00f3n<\/strong><\/p>\n\n\n\n<p class=\"wp-block-paragraph\">SemM\u00e9xico\/Semlac, La Habana, 2 de noviembre, 2020.- Cada historia de sobrevivencia a la discriminaci\u00f3n y la violencia brinda la oportunidad de debatir sobre los cuerpos y las heridas que los habitan. Ese es uno de los mensajes m\u00e1s poderosos que revela el documental <strong>Mi cuerpo es mi<\/strong> <strong>vida<\/strong>, de las realizadoras cubanas Lizette Vila e Ingrid Le\u00f3n, que el 29 de octubre fue presentado a la prensa a trav\u00e9s de las redes sociales.<\/p>\n\n\n\n<p class=\"wp-block-paragraph\">Para la psic\u00f3loga e investigadora Yohanka Vald\u00e9s, esta obra del proyecto Palomas, Casa productora de audiovisuales para el activismo social, coloca la mirada sobre los cuerpos y las subjetividades diversas, una propuesta poco frecuente. \u00abLas huellas o cicatrices que atraviesan nuestros cuerpos tambi\u00e9n se convierten en esos espacios de inclusi\u00f3n o exclusi\u00f3n para las personas diversas que somos\u00bb, dijo.<\/p>\n\n\n\n<p class=\"wp-block-paragraph\">Vald\u00e9s destac\u00f3 que son 18 historias que dejan ver \u00ablas ataduras patriarcales y machistas que pueden constre\u00f1ir los cuerpos y limitar el ejercicio pleno de derechos, que aportan esa mirada a los cuerpos como primer espacio pol\u00edtico, individual, de lucha, de resistencia\u00bb.<\/p>\n\n\n\n<p class=\"wp-block-paragraph\">El cuerpo no es neutral, reflexion\u00f3 Carla Vitantonio, representante de CARE Internacional en Cuba. \u00abMuestra nuestra raza, discapacidad, edad, sexo y todo ello determina nuestra posici\u00f3n en la sociedad y el acceso a los servicios y satisfacci\u00f3n de necesidades\u00bb.<\/p>\n\n\n\n<p class=\"wp-block-paragraph\">De ah\u00ed que, insisti\u00f3, es importante salir de una representaci\u00f3n un\u00edvoca del cuerpo -tal como hace el documental de Palomas-, mostrarlo en su diversidad y educar en la aceptaci\u00f3n de la dignidad del mismo.<\/p>\n\n\n\n<p class=\"wp-block-paragraph\">Los testimonios de Liam Dur\u00e1n, un joven que emprendi\u00f3 el camino de transformar la \u00abfeminidad\u00bb de su cuerpo, para aceptarse como lo que somos: seres humanos; el de Evangelina Guti\u00e9rrez, v\u00edctima de la violencia de su esposo, cuya violencia la dej\u00f3 en una silla de ruedas, o las vivencias de Lourdes Cajigal, bailarina y core\u00f3grafa sobreviviente del c\u00e1ncer de mama, cuentan la heterogeneidad de la vida y los cuerpos en apenas 32 minutos.<\/p>\n\n\n\n<p class=\"wp-block-paragraph\"><strong>Derechos, m\u00e1s all\u00e1 del cuerpo<\/strong><\/p>\n\n\n\n<p class=\"wp-block-paragraph\">Ernesto Fern\u00e1ndez, especialista de la Asociaci\u00f3n Nacional del Ciego, consider\u00f3 que \u00abm\u00e1s all\u00e1 del cuerpo que habitamos somos seres humanos poseedores de derechos. Lo que sucede es que la sociedad, muchas veces en funci\u00f3n de patrones preestablecidos los acepta o los rechaza. Muchas veces excluimos lo que desconocemos, sin detenernos a pensar que son personas con sue\u00f1os, aspiraciones, proyectos, y lo m\u00e1s importante, personas con derechos\u00bb, dijo el especialista.<\/p>\n\n\n\n<p class=\"wp-block-paragraph\">A su juicio, \u00abla sociedad debe valorar las potencialidades de las personas con discapacidad para convertirse en actores plenos del desarrollo\u00bb.<\/p>\n\n\n\n<p class=\"wp-block-paragraph\">\u00abAsumir que el cuerpo es la vida es el resultado de un proceso de aprendizaje que comienza con la familia, pasa por la escuela y transita por el yo interno, por la aceptaci\u00f3n que cada cual hace en el camino de la autoestima\u00bb, asegur\u00f3 Aracelys Rodr\u00edguez, m\u00e1ster en Estudios Caribe\u00f1os del Instituto de Filosof\u00eda.<\/p>\n\n\n\n<p class=\"wp-block-paragraph\">Para la especialista, el cuerpo es tu vida no como mera cosa objeto, \u00absino como el espacio donde convergen, dialogan, lo material y lo espiritual del ser humano, como el sexo, la raza, la clase, la identidad sexual y la orientaci\u00f3n sexual.<\/p>\n\n\n\n<p class=\"wp-block-paragraph\">\u00abCuando vienen las etiquetas, entonces comienza una lucha entre el cuerpo -que a la luz de la sociedad es discapacitado- y tu esp\u00edritu de lucha contra esa misma sociedad por no serlo\u00bb. De esa batalla por la vida nos hablan los protagonistas de un documental que es testimonio de resistencia y amor.<\/p>\n\n\n\n<p class=\"wp-block-paragraph\">Si seguimos sosteniendo que inclusi\u00f3n es solo un derecho a ser aceptados en determinados espacios, solo reservados para personas con alguna discapacidad f\u00edsica, insisti\u00f3, esto responder\u00e1 indiscutiblemente a un concepto que reduce la inclusi\u00f3n y reproduce las barreras, limit\u00e1ndolas a la discapacidad que se tenga\u00bb.<\/p>\n\n\n\n<p class=\"wp-block-paragraph\">Consider\u00f3 que para lograrlo es necesario educar desde lo pedag\u00f3gico, pero tambi\u00e9n desde el seno familiar y a la sociedad en general. \u00abEs imprescindible crear todo un sistema institucional y jur\u00eddico, que garantice la inclusi\u00f3n plena de nuestras cuerpas en la sociedad que queremos y va m\u00e1s all\u00e1 de tener determinadas asociaciones que respondan a intereses espec\u00edficos de los y las discapacitadas, porque no basta\u00bb.<\/p>\n\n\n\n<p class=\"wp-block-paragraph\">En opini\u00f3n del historiador Julio C\u00e9sar Gonz\u00e1lez Pag\u00e9s, la construcci\u00f3n de la masculinidad hegem\u00f3nica es uno de los elementos que atenta contra el cuerpo de los hombres. \u00abNecesitamos que en las escuelas no se siga reforzando el estereotipo de varones fuertes, atl\u00e9ticos, deportivos, en un mundo donde realmente somos muy diversos, y no necesariamente todos los cuerpos tienen que tener esa homogeneidad para hacer disfrutables nuestras vidas\u00bb, se\u00f1al\u00f3.<\/p>\n\n\n\n<p class=\"wp-block-paragraph\">A juicio de la realizadora Lizette Vila, la crisis sanitaria generada por la Covid- 19 ha resignificado la vida. Yohanka Vald\u00e9s coincide con ella: esta obra es justamente una invitaci\u00f3n a pensar en todas las huellas que esta pandemia nos deja.<\/p>\n\n\n\n<p class=\"wp-block-paragraph\">Su mensaje es positivo: pensar los cuerpos como ese espacio de crecimiento y de sanaci\u00f3n individual y colectiva. \u00abPero, sobre todo, una oportunidad para pensarnos cubanos y cubanas que habitamos esta isla y que tenemos identidades diversas\u00bb.<\/p>\n\n\n\n<p class=\"wp-block-paragraph\">La obra se exhibir\u00e1 progresivamente en las salas de cine del pa\u00eds.<\/p>\n","protected":false},"excerpt":{"rendered":"<p>Aqu\u00ed 18 historia que dejan ver las ataduras patriarcales y machistas<\/p>\n","protected":false},"author":3,"featured_media":28151,"comment_status":"open","ping_status":"open","sticky":false,"template":"","format":"standard","meta":{"_monsterinsights_skip_tracking":false,"footnotes":""},"categories":[691,53],"tags":[],"class_list":["post-28150","post","type-post","status-publish","format-standard","has-post-thumbnail","category-691","category-internacional"],"_links":{"self":[{"href":"https:\/\/redsemlac.com\/semmexico\/wp-json\/wp\/v2\/posts\/28150","targetHints":{"allow":["GET"]}}],"collection":[{"href":"https:\/\/redsemlac.com\/semmexico\/wp-json\/wp\/v2\/posts"}],"about":[{"href":"https:\/\/redsemlac.com\/semmexico\/wp-json\/wp\/v2\/types\/post"}],"author":[{"embeddable":true,"href":"https:\/\/redsemlac.com\/semmexico\/wp-json\/wp\/v2\/users\/3"}],"replies":[{"embeddable":true,"href":"https:\/\/redsemlac.com\/semmexico\/wp-json\/wp\/v2\/comments?post=28150"}],"version-history":[{"count":0,"href":"https:\/\/redsemlac.com\/semmexico\/wp-json\/wp\/v2\/posts\/28150\/revisions"}],"wp:featuredmedia":[{"embeddable":true,"href":"https:\/\/redsemlac.com\/semmexico\/wp-json\/wp\/v2\/media\/28151"}],"wp:attachment":[{"href":"https:\/\/redsemlac.com\/semmexico\/wp-json\/wp\/v2\/media?parent=28150"}],"wp:term":[{"taxonomy":"category","embeddable":true,"href":"https:\/\/redsemlac.com\/semmexico\/wp-json\/wp\/v2\/categories?post=28150"},{"taxonomy":"post_tag","embeddable":true,"href":"https:\/\/redsemlac.com\/semmexico\/wp-json\/wp\/v2\/tags?post=28150"}],"curies":[{"name":"wp","href":"https:\/\/api.w.org\/{rel}","templated":true}]}}