{"id":28144,"date":"2020-11-02T20:47:24","date_gmt":"2020-11-02T20:47:24","guid":{"rendered":"https:\/\/redsemlac.com\/semmexico\/?p=28144"},"modified":"2023-07-21T16:37:31","modified_gmt":"2023-07-21T21:37:31","slug":"mensaje-en-el-dia-internacional-para-poner-fin-a-la-impunidad-de-los-crimenes-contra-periodistas","status":"publish","type":"post","link":"https:\/\/redsemlac.com\/semmexico\/mensaje-en-el-dia-internacional-para-poner-fin-a-la-impunidad-de-los-crimenes-contra-periodistas\/","title":{"rendered":"Mensaje en el D\u00eda Internacional para Poner Fin a la Impunidad de los Cr\u00edmenes contra Periodistas"},"content":{"rendered":"\n<ul class=\"wp-block-list\"><li><strong>El Secretario General de la ONU advierte de los peligros por COVID-19<\/strong><\/li><li><strong>Aumentan los ataques y amenazas: 21 contra periodistas que trabajan sin condiciones<\/strong><\/li><\/ul>\n\n\n\n<p class=\"wp-block-paragraph\"><strong>Redacci\u00f3n<\/strong><\/p>\n\n\n\n<p class=\"wp-block-paragraph\">SemM\u00e9xico\/Noticias ONU. 02 de noviembre de 2020.- En el D\u00eda Internacional para Poner Fin a la Impunidad de los Cr\u00edmenes contra Periodistas, el mundo, en particular los medios de comunicaci\u00f3n, se enfrenta este a\u00f1o a un reto totalmente nuevo: la COVID-19.<\/p>\n\n\n\n<p class=\"wp-block-paragraph\">La pandemia ha puesto de relieve nuevos peligros para los periodistas y el personal de los medios de comunicaci\u00f3n, en un momento en que aumenta el n\u00famero de ataques contra su integridad f\u00edsica.<\/p>\n\n\n\n<p class=\"wp-block-paragraph\">En la primera mitad de 2020, se produjeron al menos 21 ataques contra periodistas que cubr\u00edan protestas, lo que equivale al n\u00famero de ataques similares sufridos en todo el a\u00f1o 2017. La labor de los periodistas se ha topado tambi\u00e9n con otras limitaciones, como amenazas de enjuiciamiento, detenciones, encarcelamientos, denegaciones de acceso period\u00edstico y negativas de investigar y enjuiciar los delitos cometidos contra ese colectivo.<\/p>\n\n\n\n<p class=\"wp-block-paragraph\">Cuando se ataca a un periodista, toda la sociedad paga el precio. Si no protegemos a los periodistas, nuestra capacidad para mantenernos informados y adoptar decisiones fundamentadas se ve gravemente obstaculizada. \u202fCuando los periodistas no pueden hacer su trabajo en condiciones de seguridad, perdemos una importante defensa contra la pandemia de informaci\u00f3n err\u00f3nea y desinformaci\u00f3n que se ha extendido por Internet.\u202f<\/p>\n\n\n\n<p class=\"wp-block-paragraph\">Las noticias y los an\u00e1lisis basados en hechos dependen de la protecci\u00f3n y la seguridad de los periodistas que realizan reportajes independientes, enraizados en el principio fundamental: \u201cperiodismo sin miedo ni favoritismo\u201d.<\/p>\n\n\n\n<p class=\"wp-block-paragraph\">Mientras el mundo lucha contra la pandemia de COVID-19, reitero mi llamamiento a favor de una prensa libre que pueda desempe\u00f1ar su papel esencial en cuanto a la paz, la justicia, el desarrollo sostenible y los derechos humanos.<\/p>\n","protected":false},"excerpt":{"rendered":"<p>El Secretario General de la ONU advierte de los peligros por COVID-19<\/p>\n","protected":false},"author":3,"featured_media":28145,"comment_status":"open","ping_status":"open","sticky":false,"template":"","format":"standard","meta":{"_monsterinsights_skip_tracking":false,"footnotes":""},"categories":[691,55],"tags":[],"class_list":["post-28144","post","type-post","status-publish","format-standard","has-post-thumbnail","category-691","category-periodistas"],"_links":{"self":[{"href":"https:\/\/redsemlac.com\/semmexico\/wp-json\/wp\/v2\/posts\/28144","targetHints":{"allow":["GET"]}}],"collection":[{"href":"https:\/\/redsemlac.com\/semmexico\/wp-json\/wp\/v2\/posts"}],"about":[{"href":"https:\/\/redsemlac.com\/semmexico\/wp-json\/wp\/v2\/types\/post"}],"author":[{"embeddable":true,"href":"https:\/\/redsemlac.com\/semmexico\/wp-json\/wp\/v2\/users\/3"}],"replies":[{"embeddable":true,"href":"https:\/\/redsemlac.com\/semmexico\/wp-json\/wp\/v2\/comments?post=28144"}],"version-history":[{"count":0,"href":"https:\/\/redsemlac.com\/semmexico\/wp-json\/wp\/v2\/posts\/28144\/revisions"}],"wp:featuredmedia":[{"embeddable":true,"href":"https:\/\/redsemlac.com\/semmexico\/wp-json\/wp\/v2\/media\/28145"}],"wp:attachment":[{"href":"https:\/\/redsemlac.com\/semmexico\/wp-json\/wp\/v2\/media?parent=28144"}],"wp:term":[{"taxonomy":"category","embeddable":true,"href":"https:\/\/redsemlac.com\/semmexico\/wp-json\/wp\/v2\/categories?post=28144"},{"taxonomy":"post_tag","embeddable":true,"href":"https:\/\/redsemlac.com\/semmexico\/wp-json\/wp\/v2\/tags?post=28144"}],"curies":[{"name":"wp","href":"https:\/\/api.w.org\/{rel}","templated":true}]}}