{"id":28104,"date":"2020-10-31T00:55:01","date_gmt":"2020-10-31T00:55:01","guid":{"rendered":"https:\/\/redsemlac.com\/semmexico\/?p=28104"},"modified":"2023-07-21T16:37:33","modified_gmt":"2023-07-21T21:37:33","slug":"denuncian-a-disenadora-francesa-por-plagio-en-disenos-de-gabanes-michoacanos","status":"publish","type":"post","link":"https:\/\/redsemlac.com\/semmexico\/denuncian-a-disenadora-francesa-por-plagio-en-disenos-de-gabanes-michoacanos\/","title":{"rendered":"Denuncian a dise\u00f1adora francesa por plagio en dise\u00f1os de gabanes michoacanos"},"content":{"rendered":"\n<ul class=\"wp-block-list\"><li><strong>Buscar\u00e1n un acuerdo con Francia, para toda la l\u00ednea presentada por Isabel Marant sea retirada del mercado.<\/strong><\/li><\/ul>\n\n\n\n<p class=\"wp-block-paragraph\"><strong>Redacci\u00f3n<\/strong><\/p>\n\n\n\n<p class=\"wp-block-paragraph\">SemM\u00e9xico. Cd. de M\u00e9xico. 30 de octubre 2020.- El senador Casimiro M\u00e9ndez denunci\u00f3 que la dise\u00f1adora francesa, Isabel Marant, plagi\u00f3 patrones de dise\u00f1o y crom\u00e1ticos naturales de gabanes pur\u00e9pechas y de otras comunidades de Michoac\u00e1n, en una l\u00ednea de ropa y accesorios textiles lanzada hace unos d\u00edas al mercado europeo.<\/p>\n\n\n\n<p class=\"wp-block-paragraph\">Esta pr\u00e1ctica de apropiaci\u00f3n y explotaci\u00f3n cultural que realizan las empresas sin autorizaci\u00f3n, sin mencionar su origen, ni proporcionar una compensaci\u00f3n, da\u00f1a a la poblaciones ind\u00edgenas y afromexicanas por tratarse de una expresi\u00f3n patrimonial y cultural, sentenci\u00f3 el legislador de Morena.<\/p>\n\n\n\n<p class=\"wp-block-paragraph\">En conferencia de prensa, el legislador exhibi\u00f3 gabanes de los municipios de Santa Clara del Cobre, San Salvador Escalante y Charapan, Michoac\u00e1n, e hizo un comparativo de las grecas originarias y las expuestas por la dise\u00f1adora francesa, misma que incluye prendas de vestir como gabanes, blusas, hasta accesorios como servilletas de cocina.<\/p>\n\n\n\n<p class=\"wp-block-paragraph\">Adem\u00e1s, mostr\u00f3 que el costo de un gab\u00e1n artesanal mexicano oscila entre mil quinientos pesos, mientras que la capa de manufactura francesa es vendida en 14 mil 251 pesos.<\/p>\n\n\n\n<p class=\"wp-block-paragraph\">Por su parte, la senadora Susana Harp Iturribarria anunci\u00f3 que pedir\u00e1n el apoyo del canciller Marcelo Ebrard Casaub\u00f3n para que se haga un convenio con Francia, para que la colecci\u00f3n textil de la dise\u00f1adora Marant salga del mercado por tratarse de una acci\u00f3n da\u00f1ina a la cultura de nuestro pa\u00eds.<\/p>\n\n\n\n<p class=\"wp-block-paragraph\">Y mencion\u00f3 que en el Senado de la Rep\u00fablica se ha avanzado en la protecci\u00f3n todos los elementos de las culturas ind\u00edgenas afromexicanas y equiparables; este acontecimiento, no alcanza para hacer un juicio contra extranjeros.<\/p>\n\n\n\n<p class=\"wp-block-paragraph\">La tambi\u00e9n presidenta de la Comisi\u00f3n de Cultura del Senado se\u00f1al\u00f3 que la mayor\u00eda de las grecas de la colecci\u00f3n de ropa exhibida contiene un significado espec\u00edfico y se pueden encontrar en diferentes vestimentas de Saltillo, tapetes de Oaxaca y su\u00e9teres de Chinconcuac.<\/p>\n\n\n\n<p class=\"wp-block-paragraph\">Es una verdadera verg\u00fcenza ver todo lo que ella propone como derechos humanos en su p\u00e1gina de internet, cuando sabe muy bien de d\u00f3nde salieron esos dise\u00f1os, es una burla, recalc\u00f3.<\/p>\n\n\n\n<p class=\"wp-block-paragraph\">Harp Iturribarria record\u00f3 que es la segunda vez que Isabel Marant hace apropiaci\u00f3n cultural o plagio; \u201cno puede decir que no sab\u00eda de d\u00f3nde salieron esos dise\u00f1os, en 2015 le hicimos saber de d\u00f3nde proven\u00eda\u201d.<\/p>\n\n\n\n<p class=\"wp-block-paragraph\">Queremos lograr que se hagan estos trabajos de manera respetuosa, es la segunda vez que esta dise\u00f1adora hace la apropiaci\u00f3n cultural de pueblos originarios de nuestro pa\u00eds.<\/p>\n\n\n\n<p class=\"wp-block-paragraph\">En su intervenci\u00f3n el presidente municipal de Charapan, Michoac\u00e1n, Jos\u00e9 Emmanuel Balboa \u00c1lvarez, exigi\u00f3 que se reconozca la identidad, el patrimonio cultural de los pueblos ind\u00edgenas que se dedican a esta artesan\u00eda y que no se da\u00f1e m\u00e1s su cultura y se respete a nuestra gente.<\/p>\n\n\n\n<p class=\"wp-block-paragraph\">\u201cQueremos que nos reconozcan, que estas personas no da\u00f1en, nos ayuden a nuestros artesanos y tengan ese valor agregado que necesitan, m\u00e1s en esta temporada, nuestros artesanos est\u00e1n da\u00f1ados y no se han vendido nuestras artesan\u00edas\u201d concluy\u00f3.<\/p>\n","protected":false},"excerpt":{"rendered":"<p>Buscar\u00e1n un acuerdo con Francia, para toda la l\u00ednea presentada por Isabel Marant sea retirada del mercado.<\/p>\n","protected":false},"author":3,"featured_media":28105,"comment_status":"open","ping_status":"open","sticky":false,"template":"","format":"standard","meta":{"_monsterinsights_skip_tracking":false,"footnotes":""},"categories":[691,50],"tags":[],"class_list":["post-28104","post","type-post","status-publish","format-standard","has-post-thumbnail","category-691","category-congreso"],"_links":{"self":[{"href":"https:\/\/redsemlac.com\/semmexico\/wp-json\/wp\/v2\/posts\/28104","targetHints":{"allow":["GET"]}}],"collection":[{"href":"https:\/\/redsemlac.com\/semmexico\/wp-json\/wp\/v2\/posts"}],"about":[{"href":"https:\/\/redsemlac.com\/semmexico\/wp-json\/wp\/v2\/types\/post"}],"author":[{"embeddable":true,"href":"https:\/\/redsemlac.com\/semmexico\/wp-json\/wp\/v2\/users\/3"}],"replies":[{"embeddable":true,"href":"https:\/\/redsemlac.com\/semmexico\/wp-json\/wp\/v2\/comments?post=28104"}],"version-history":[{"count":0,"href":"https:\/\/redsemlac.com\/semmexico\/wp-json\/wp\/v2\/posts\/28104\/revisions"}],"wp:featuredmedia":[{"embeddable":true,"href":"https:\/\/redsemlac.com\/semmexico\/wp-json\/wp\/v2\/media\/28105"}],"wp:attachment":[{"href":"https:\/\/redsemlac.com\/semmexico\/wp-json\/wp\/v2\/media?parent=28104"}],"wp:term":[{"taxonomy":"category","embeddable":true,"href":"https:\/\/redsemlac.com\/semmexico\/wp-json\/wp\/v2\/categories?post=28104"},{"taxonomy":"post_tag","embeddable":true,"href":"https:\/\/redsemlac.com\/semmexico\/wp-json\/wp\/v2\/tags?post=28104"}],"curies":[{"name":"wp","href":"https:\/\/api.w.org\/{rel}","templated":true}]}}