{"id":27998,"date":"2021-11-01T07:00:00","date_gmt":"2021-11-01T13:00:00","guid":{"rendered":"https:\/\/redsemlac.com\/semmexico\/?p=27998"},"modified":"2023-07-21T18:47:54","modified_gmt":"2023-07-21T23:47:54","slug":"efemerides-de-noviembre","status":"publish","type":"post","link":"https:\/\/redsemlac.com\/semmexico\/efemerides-de-noviembre\/","title":{"rendered":"Efem\u00e9rides de Noviembre"},"content":{"rendered":"\n<h2 class=\"wp-block-heading\">Lo que tenemos que recordar de Noviembre<\/h2>\n\n\n\n<p class=\"wp-block-paragraph\"><strong>El mundo no se hizo sin las mujeres. Cient\u00edficas, escritoras, pol\u00edticas y feministas han estado en la construcci\u00f3n social, pol\u00edtica, econ\u00f3mica y cultural, aqu\u00ed algunos de los nombres que trascendieron a pesar, muchas veces, del ocultamiento.<\/strong><\/p>\n\n\n\n<p class=\"wp-block-paragraph\"><strong>SemM\u00e9xico. Noviembre 2021.<\/strong><\/p>\n\n\n\n<h1 class=\"wp-block-heading\">1<\/h1>\n\n\n\n<div class=\"wp-block-columns is-layout-flex wp-container-core-columns-is-layout-8f761849 wp-block-columns-is-layout-flex\">\n<div class=\"wp-block-column is-layout-flow wp-block-column-is-layout-flow\" style=\"flex-basis:33.33%\">\n<figure class=\"wp-block-image size-large\"><img loading=\"lazy\" decoding=\"async\" width=\"400\" height=\"479\" src=\"https:\/\/redsemlac.com\/semmexico\/wp-content\/uploads\/2020\/10\/1-NOV-Maria_Sanchez_de_Thompson.jpg\" alt=\"\" class=\"wp-image-27999\"\/><\/figure>\n<\/div>\n\n\n\n<div class=\"wp-block-column is-layout-flow wp-block-column-is-layout-flow\" style=\"flex-basis:66.66%\">\n<p class=\"wp-block-paragraph\">1776, en Buenos Aires, nace <strong>Mar\u00eda de Todos los Santos S\u00e1nchez de Thompson<\/strong>, m\u00e1s conocida como Mariquita S\u00e1nchez. Su primer gesto de rebeld\u00eda fue enamorarse de su primo Mart\u00edn Thompson, con quien se cas\u00f3 desafiando la voluntad de su familia. Particip\u00f3 activamente en la causa independentista. Su casa se convirti\u00f3 en un lugar de reuniones secretas y tertulias patri\u00f3ticas. En su c\u00e9lebre sal\u00f3n se cant\u00f3 por primera vez el himno nacional argentino. Fue cabeza de la primera Sociedad Ben\u00e9fica. Durante el gobierno desp\u00f3tico de Rosas se exili\u00f3 en Montevideo, porque, a pesar de su amistad con el dictador, se convirti\u00f3 en su opositora. Muri\u00f3 en Buenos Aires el 23 de octubre de 1868.<\/p>\n<\/div>\n<\/div>\n\n\n\n<div class=\"wp-block-columns is-layout-flex wp-container-core-columns-is-layout-8f761849 wp-block-columns-is-layout-flex\">\n<div class=\"wp-block-column is-layout-flow wp-block-column-is-layout-flow\" style=\"flex-basis:33.33%\">\n<figure class=\"wp-block-image size-large\"><img loading=\"lazy\" decoding=\"async\" width=\"542\" height=\"661\" src=\"https:\/\/redsemlac.com\/semmexico\/wp-content\/uploads\/2020\/10\/1-NOV-Rosario-de-Acuna-Villanueva.jpg\" alt=\"\" class=\"wp-image-28000\"\/><\/figure>\n<\/div>\n\n\n\n<div class=\"wp-block-column is-layout-flow wp-block-column-is-layout-flow\" style=\"flex-basis:66.66%\">\n<p class=\"wp-block-paragraph\">1850, nace en Madrid, <strong>Rosario Acu\u00f1a<\/strong> librepensadora, feminista, cr\u00edtica con la iglesia y mas\u00f3nica. Sus escritos, alabados por la cr\u00edtica y el p\u00fablico, fueron en ocasiones objeto de esc\u00e1ndalo y le valieron incluso la amenaza del exilio. Escribi\u00f3 libros de poes\u00eda, ensayo y obras de teatro, entre otros. Muri\u00f3 en Gij\u00f3n el 5 de mayo de 1923.<\/p>\n<\/div>\n<\/div>\n\n\n\n<div class=\"wp-block-columns is-layout-flex wp-container-core-columns-is-layout-8f761849 wp-block-columns-is-layout-flex\">\n<div class=\"wp-block-column is-layout-flow wp-block-column-is-layout-flow\" style=\"flex-basis:33.33%\">\n<figure class=\"wp-block-image size-large\"><img decoding=\"async\" src=\"https:\/\/redsemlac.com\/semmexico\/wp-content\/uploads\/2020\/10\/1-NOV-Rosa_Torre_Gonzalez_-892x1024.jpg\" alt=\"\" class=\"wp-image-28001\"\/><\/figure>\n<\/div>\n\n\n\n<div class=\"wp-block-column is-layout-flow wp-block-column-is-layout-flow\" style=\"flex-basis:66.66%\">\n<p class=\"wp-block-paragraph\">1922, <strong>Rosa Torre G.<\/strong> fue electa como regidora en el ayuntamiento de M\u00e9rida. Se convirti\u00f3 en la primera en asumir ese cargo en un gobierno municipal en M\u00e9xico. Particip\u00f3 en la organizaci\u00f3n del Primer Congreso Feminista mexicano realizado en enero de 1916 y presidi\u00f3 al final de ese mismo a\u00f1o el segundo congreso realizado tambi\u00e9n en Yucat\u00e1n. Naci\u00f3 el 30 de agosto de 1890 y muri\u00f3 en febrero de 1973.<\/p>\n<\/div>\n<\/div>\n\n\n\n<div class=\"wp-block-columns is-layout-flex wp-container-core-columns-is-layout-8f761849 wp-block-columns-is-layout-flex\">\n<div class=\"wp-block-column is-layout-flow wp-block-column-is-layout-flow\" style=\"flex-basis:33.33%\">\n<figure class=\"wp-block-image size-large\"><img loading=\"lazy\" decoding=\"async\" width=\"300\" height=\"300\" src=\"https:\/\/redsemlac.com\/semmexico\/wp-content\/uploads\/2020\/10\/1-NOV-Clara-de-Buen-Richkarday.jpg\" alt=\"\" class=\"wp-image-28002\"\/><\/figure>\n<\/div>\n\n\n\n<div class=\"wp-block-column is-layout-flow wp-block-column-is-layout-flow\" style=\"flex-basis:66.66%\">\n<p class=\"wp-block-paragraph\">1954, nace en la Ciudad de M\u00e9xico, <strong>Clara de Buen Richkarday<\/strong>, arquitecta, gan\u00f3 la medalla de oro de la Academia Internacional de Arquitectura en la VI\u00aa Bienal de la INTERARCH \u201891 y el galard\u00f3n especial de la ciudad de Frankfurt am Main. Entre sus obras destacan las estaciones del Metro l\u00edneas A y B, junto con Aurelio Nu\u00f1o y Carlos Mac Gregor, as\u00ed como la Biblioteca de la Facultad de Medicina de la UNAM, entre otros.<\/p>\n<\/div>\n<\/div>\n\n\n\n<div class=\"wp-block-columns is-layout-flex wp-container-core-columns-is-layout-8f761849 wp-block-columns-is-layout-flex\">\n<div class=\"wp-block-column is-layout-flow wp-block-column-is-layout-flow\" style=\"flex-basis:33.33%\">\n<figure class=\"wp-block-image size-large\"><img loading=\"lazy\" decoding=\"async\" width=\"225\" height=\"225\" src=\"https:\/\/redsemlac.com\/semmexico\/wp-content\/uploads\/2020\/10\/1-NOV-Lucia-Elizabeth-Cruz-Suarez.jpg\" alt=\"\" class=\"wp-image-28003\"\/><\/figure>\n<\/div>\n\n\n\n<div class=\"wp-block-column is-layout-flow wp-block-column-is-layout-flow\" style=\"flex-basis:66.66%\">\n<p class=\"wp-block-paragraph\">1960, naci\u00f3 en la Ciudad de M\u00e9xico, <strong>Luc\u00eda Elizabeth Cruz Su\u00e1rez<\/strong>, doctora en oceanolog\u00eda biol\u00f3gica por la Universidad de Bretagne Occidentale, en Brest, Francia. Fundadora del Programa de Estudios de Nutrici\u00f3n Agr\u00edcola en la Universidad Aut\u00f3noma de Nuevo Le\u00f3n (UANL). Su especialidad en hidrobiolog\u00eda aplicada, le permiti\u00f3 desarrollar una importante investigaci\u00f3n en acuacultura, para el Instituto Nacional de Pesca. El modelo ha sido exportado a Chile, Per\u00fa y Puerto Rico.<\/p>\n<\/div>\n<\/div>\n\n\n\n<p class=\"wp-block-paragraph\"><strong>1981<\/strong>, mujeres cristianas publican en el diario <em>unom\u00e1suno<\/em> el desplegado \u201c<strong>Por una Maternidad Voluntaria<\/strong>\u201d, firmado por las comunidades eclesiales de base, quienes conforman el antecedente del grupo de Cat\u00f3licas por el Derecho a Decidir.<\/p>\n\n\n\n<div class=\"wp-block-columns is-layout-flex wp-container-core-columns-is-layout-8f761849 wp-block-columns-is-layout-flex\">\n<div class=\"wp-block-column is-layout-flow wp-block-column-is-layout-flow\" style=\"flex-basis:33.33%\">\n<figure class=\"wp-block-image size-large\"><img loading=\"lazy\" decoding=\"async\" width=\"256\" height=\"256\" src=\"https:\/\/redsemlac.com\/semmexico\/wp-content\/uploads\/2020\/10\/1NOV-Blanca-Estela-Margarita-Buitron-Sanchez.jpg\" alt=\"\" class=\"wp-image-28004\"\/><\/figure>\n<\/div>\n\n\n\n<div class=\"wp-block-column is-layout-flow wp-block-column-is-layout-flow\" style=\"flex-basis:66.66%\">\n<p class=\"wp-block-paragraph\">2012, <strong>Blanca Estela Margarita Buitr\u00f3n S\u00e1nchez<\/strong>, doctora en biolog\u00eda por la UNAM, recibi\u00f3 el Premio Maestra del A\u00f1o en Ciencias de la Tierra, otorgado por la Uni\u00f3n Geof\u00edsica Mexicana. La doctora Blanca Buitr\u00f3n, realiza investigaci\u00f3n en estratigraf\u00eda, paleoecolog\u00eda y paleogeograf\u00eda en localidades, con el objeto de contribuir al conocimiento de la evoluci\u00f3n geol\u00f3gica de M\u00e9xico y su aplicaci\u00f3n en la investigaci\u00f3n de recursos no renovables.<\/p>\n<\/div>\n<\/div>\n\n\n\n<h1 class=\"wp-block-heading\">2<\/h1>\n\n\n\n<div class=\"wp-block-columns is-layout-flex wp-container-core-columns-is-layout-8f761849 wp-block-columns-is-layout-flex\">\n<div class=\"wp-block-column is-layout-flow wp-block-column-is-layout-flow\" style=\"flex-basis:33.33%\">\n<figure class=\"wp-block-image size-large\"><img loading=\"lazy\" decoding=\"async\" width=\"360\" height=\"500\" src=\"https:\/\/redsemlac.com\/semmexico\/wp-content\/uploads\/2020\/10\/2-NOV-LUISA-JOSEFINA-HERNANDEZ.jpg\" alt=\"\" class=\"wp-image-28005\"\/><\/figure>\n<\/div>\n\n\n\n<div class=\"wp-block-column is-layout-flow wp-block-column-is-layout-flow\" style=\"flex-basis:66.66%\">\n<p class=\"wp-block-paragraph\">1928, nace en M\u00e9xico <strong>Luisa Josefina Hern\u00e1ndez Lavalle<\/strong>, destacada dramaturga y novelista, Premio Nacional de Ciencias y Artes 2002. Es la dramaturga m\u00e1s reconocida dentro de la generaci\u00f3n de los a\u00f1os cincuenta del siglo XX. Ha escrito m\u00e1s de 60 obras de teatro, 17 novelas publicadas, 10 traducciones, pr\u00f3logos, ensayos y colaboraciones en publicaciones peri\u00f3dicas. Docente en la UNAM por m\u00e1s de 40 a\u00f1os. Considerada precursora del teatro de protesta latinoamericano, inicialmente se inscribi\u00f3 dentro del realismo y posteriormente incursion\u00f3 en el expresionismo y el teatro del absurdo. Recibi\u00f3 el Premio Xavier Villaurrutia en 1982 por Apocalipsis CUM Figuris y el Premio Nacional de Teatro Juan Ruiz de Alarc\u00f3n en 2000. Creadora Em\u00e9rita del Consejo Nacional para la Cultura y las Artes. Premio Nacional de Ciencias y Artes en el \u00e1rea de Literatura y Ling\u00fc\u00edstica 2002.<\/p>\n<\/div>\n<\/div>\n\n\n\n<p class=\"wp-block-paragraph\">1950, nace en Quer\u00e9taro, <strong>Mar\u00eda del Carmen Abraham Ruiz<\/strong>. Psic\u00f3loga cl\u00ednica, fue directora de G\u00e9nero y Empoderamiento (2001), que trabaja en promover el empoderamiento de las mujeres, y la formaci\u00f3n de liderazgos femeninos para una sociedad m\u00e1s justa y sostenible. Activista, milita desde los a\u00f1os ochenta.<\/p>\n\n\n\n<h1 class=\"wp-block-heading\">3<\/h1>\n\n\n\n<div class=\"wp-block-columns is-layout-flex wp-container-core-columns-is-layout-8f761849 wp-block-columns-is-layout-flex\">\n<div class=\"wp-block-column is-layout-flow wp-block-column-is-layout-flow\" style=\"flex-basis:33.33%\">\n<figure class=\"wp-block-image size-large\"><img loading=\"lazy\" decoding=\"async\" width=\"300\" height=\"168\" src=\"https:\/\/redsemlac.com\/semmexico\/wp-content\/uploads\/2020\/10\/3-NOV-Olympia-de-Gouges.jpg\" alt=\"\" class=\"wp-image-28006\"\/><\/figure>\n<\/div>\n\n\n\n<div class=\"wp-block-column is-layout-flow wp-block-column-is-layout-flow\" style=\"flex-basis:66.66%\">\n<p class=\"wp-block-paragraph\">1793, en Francia, <strong>Olympe de Gouges<\/strong> es condenada a morir en la guillotina por \u201ctraidora a la revoluci\u00f3n\u201d. Bajo la exaltaci\u00f3n de las ideas revolucionarias de 1789. Escritora y actriz, public\u00f3 en septiembre de 1791 un manifiesto titulado&nbsp;La Declaraci\u00f3n de los Derechos de la Mujer y la Ciudadana. Tomando como modelo&nbsp;La Declaraci\u00f3n de los Derechos del Hombre, la aplic\u00f3 a las mujeres para defender sus reivindicaciones. Naci\u00f3 el 7 de mayo de 1748 en Montauban.<\/p>\n<\/div>\n<\/div>\n\n\n\n<div class=\"wp-block-columns is-layout-flex wp-container-core-columns-is-layout-8f761849 wp-block-columns-is-layout-flex\">\n<div class=\"wp-block-column is-layout-flow wp-block-column-is-layout-flow\" style=\"flex-basis:33.33%\">\n<figure class=\"wp-block-image size-large\"><img loading=\"lazy\" decoding=\"async\" width=\"600\" height=\"378\" src=\"https:\/\/redsemlac.com\/semmexico\/wp-content\/uploads\/2020\/10\/3-NOV-alma-rose.jpg\" alt=\"\" class=\"wp-image-28007\"\/><\/figure>\n<\/div>\n\n\n\n<div class=\"wp-block-column is-layout-flow wp-block-column-is-layout-flow\" style=\"flex-basis:66.66%\">\n<p class=\"wp-block-paragraph\">1906, nace en Viena la violinista <strong>Alma Ros\u00e9<\/strong>, form\u00f3 parte de la orquesta e Auschwitz, campo de concentraci\u00f3n del que no saldr\u00eda con vida. Falleci\u00f3 EL 5 de abril de 1944, en en el campo de concentraci\u00f3n, probablemente debido a una indigesti\u00f3n. Su experiencia en Auschwitz fue el eje central de la controvertida obra <em>Playing for Time<\/em> de Arthur Miller.<\/p>\n<\/div>\n<\/div>\n\n\n\n<div class=\"wp-block-columns is-layout-flex wp-container-core-columns-is-layout-8f761849 wp-block-columns-is-layout-flex\">\n<div class=\"wp-block-column is-layout-flow wp-block-column-is-layout-flow\" style=\"flex-basis:33.33%\">\n<figure class=\"wp-block-image size-large\"><img loading=\"lazy\" decoding=\"async\" width=\"234\" height=\"200\" src=\"https:\/\/redsemlac.com\/semmexico\/wp-content\/uploads\/2020\/10\/3-NOV-Rosa-Alarco-Larrabure.jpg\" alt=\"\" class=\"wp-image-28008\"\/><\/figure>\n<\/div>\n\n\n\n<div class=\"wp-block-column is-layout-flow wp-block-column-is-layout-flow\" style=\"flex-basis:66.66%\">\n<p class=\"wp-block-paragraph\">1911, nace en Lima, Per\u00fa, la music\u00f3loga <strong>Rosa Alarco Larrabure<\/strong>. Considerada una pionera en el campo de la actividad coral como fundadora de varios conjuntos musicales en colegios estatales. En 1954 impuls\u00f3 la creaci\u00f3n del Coro Universitario de la Universidad Nacional Mayor de San Marcos con el que estrena su suite Jarana. En 1958, representa al Per\u00fa ante el Consejo Internacional de la M\u00fasica de la UNESCO, y en 1963 participa en la Confederaci\u00f3n de Coros de Am\u00e9rica. Compuso Canciones y C\u00e1nones Sobre Temas Peruanos (1960), Danza de los Negritos de Huanuco. En 1979 obtiene el Premio Casa de las Am\u00e9ricas en Musicolog\u00eda. Impuls\u00f3 y particip\u00f3 en organizaciones de Derechos Humanos.<\/p>\n<\/div>\n<\/div>\n\n\n\n<h1 class=\"wp-block-heading\">4<\/h1>\n\n\n\n<div class=\"wp-block-columns is-layout-flex wp-container-core-columns-is-layout-8f761849 wp-block-columns-is-layout-flex\">\n<div class=\"wp-block-column is-layout-flow wp-block-column-is-layout-flow\" style=\"flex-basis:33.33%\">\n<figure class=\"wp-block-image size-large\"><img loading=\"lazy\" decoding=\"async\" width=\"299\" height=\"168\" src=\"https:\/\/redsemlac.com\/semmexico\/wp-content\/uploads\/2020\/10\/4-NOV-Micaela-Bastidas.jpg\" alt=\"\" class=\"wp-image-28013\"\/><\/figure>\n<\/div>\n\n\n\n<div class=\"wp-block-column is-layout-flow wp-block-column-is-layout-flow\" style=\"flex-basis:66.66%\">\n<p class=\"wp-block-paragraph\">1780, <strong>Micaela Bastidas Puyucahua<\/strong> se incorpora a la rebeli\u00f3n de T\u00fapac Amaru contra el dominio espa\u00f1ol en el Per\u00fa. Se caracteriz\u00f3 por su liderazgo y valent\u00eda. Al ser capturada por los espa\u00f1oles, fue torturada al negarse a revelar los nombres de los l\u00edderes del movimiento. Naci\u00f3 en Tamburco el 23 de junio de 1744, muri\u00f3 en Cuzco el 18 de mayo de 1781.<\/p>\n<\/div>\n<\/div>\n\n\n\n<div class=\"wp-block-columns is-layout-flex wp-container-core-columns-is-layout-8f761849 wp-block-columns-is-layout-flex\">\n<div class=\"wp-block-column is-layout-flow wp-block-column-is-layout-flow\" style=\"flex-basis:33.33%\">\n<figure class=\"wp-block-image size-large\"><img loading=\"lazy\" decoding=\"async\" width=\"250\" height=\"398\" src=\"https:\/\/redsemlac.com\/semmexico\/wp-content\/uploads\/2020\/10\/4-NOV-Candida-Beltran-Rendon.jpg\" alt=\"\" class=\"wp-image-28010\"\/><\/figure>\n<\/div>\n\n\n\n<div class=\"wp-block-column is-layout-flow wp-block-column-is-layout-flow\" style=\"flex-basis:66.66%\">\n<p class=\"wp-block-paragraph\">1928, se estrena en el cine Regis de la Ciudad de M\u00e9xico la pel\u00edcula <em>El secreto de la abuela<\/em>, primera y \u00faltima filmaci\u00f3n de <strong>C\u00e1ndida Beltr\u00e1n Rend\u00f3n<\/strong> quinta mujer que accedi\u00f3 a la direcci\u00f3n f\u00edlmica en la etapa del cine mudo. Fue guionista, productora, directora y dise\u00f1adora de decorados. Naci\u00f3 en Yucat\u00e1n en 1898. En 2011, Kenya M\u00e1rquez realiz\u00f3 el documental El secreto de Candita en homenaje a Beltr\u00e1n.<\/p>\n<\/div>\n<\/div>\n\n\n\n<div class=\"wp-block-columns is-layout-flex wp-container-core-columns-is-layout-8f761849 wp-block-columns-is-layout-flex\">\n<div class=\"wp-block-column is-layout-flow wp-block-column-is-layout-flow\" style=\"flex-basis:33.33%\">\n<figure class=\"wp-block-image size-large\"><img loading=\"lazy\" decoding=\"async\" width=\"640\" height=\"326\" src=\"https:\/\/redsemlac.com\/semmexico\/wp-content\/uploads\/2020\/10\/4-NOV-raquel-de-queiroz.jpg\" alt=\"\" class=\"wp-image-28011\"\/><\/figure>\n<\/div>\n\n\n\n<div class=\"wp-block-column is-layout-flow wp-block-column-is-layout-flow\" style=\"flex-basis:66.66%\">\n<p class=\"wp-block-paragraph\">2003 fallece en R\u00edo de Janeiro, <strong>Rachel de Queiroz<\/strong> novelista brasile\u00f1a. Primera en ingresar a la Academia Brasile\u00f1a de Letras en 1977. Autora de 23 libros y coautora de otros cuatro. Su obra ha sido traducida y publicada en franc\u00e9s, ingl\u00e9s, alem\u00e1n y japon\u00e9s. En 1957 recibi\u00f3 el premio Machado de Assis. Como dramaturga una de sus mejores obras fue&nbsp;<em>A Beata Maria do Egito<\/em>&nbsp;(1958). Integrante del Conselho Federal de Cultura desde su creaci\u00f3n en 1967 hasta 1985. En 1993 recibe el premio Cam\u00f5es, el m\u00e1s alto galard\u00f3n de la lengua portuguesa. Naci\u00f3 en Fortaleza el 17 de noviembre de 1910.<\/p>\n<\/div>\n<\/div>\n\n\n\n<div class=\"wp-block-columns is-layout-flex wp-container-core-columns-is-layout-8f761849 wp-block-columns-is-layout-flex\">\n<div class=\"wp-block-column is-layout-flow wp-block-column-is-layout-flow\" style=\"flex-basis:33.33%\">\n<figure class=\"wp-block-image size-large\"><img loading=\"lazy\" decoding=\"async\" width=\"500\" height=\"801\" src=\"https:\/\/redsemlac.com\/semmexico\/wp-content\/uploads\/2020\/10\/4-NOV-Hortensia-Galeana-Sanchez.jpg\" alt=\"\" class=\"wp-image-28012\"\/><\/figure>\n<\/div>\n\n\n\n<div class=\"wp-block-column is-layout-flow wp-block-column-is-layout-flow\" style=\"flex-basis:66.66%\">\n<p class=\"wp-block-paragraph\">2015 recibi\u00f3 el Premio Universidad Nacional, la doctora en ciencias <strong>Hortensia Galeana S\u00e1nchez<\/strong>, especialista en la Teor\u00eda de Gr\u00e1ficas, en particular, sobre la Teor\u00eda de N\u00facleos en Digr\u00e1ficas, campo en el que ha contribuido al prestigio que tiene el Instituto de Matem\u00e1ticas de la UNAM. Naci\u00f3 en la Ciudad de M\u00e9xico el 6 de noviembre de 1955<\/p>\n<\/div>\n<\/div>\n\n\n\n<div class=\"wp-block-columns is-layout-flex wp-container-core-columns-is-layout-8f761849 wp-block-columns-is-layout-flex\">\n<div class=\"wp-block-column is-layout-flow wp-block-column-is-layout-flow\" style=\"flex-basis:33.33%\">\n<figure class=\"wp-block-image size-large\"><img loading=\"lazy\" decoding=\"async\" width=\"600\" height=\"350\" src=\"https:\/\/redsemlac.com\/semmexico\/wp-content\/uploads\/2020\/10\/4-NOV-Micaela-Bastidas-Puyucahua.jpg\" alt=\"\" class=\"wp-image-28009\"\/><\/figure>\n<\/div>\n\n\n\n<div class=\"wp-block-column is-layout-flow wp-block-column-is-layout-flow\" style=\"flex-basis:66.66%\">\n<p class=\"wp-block-paragraph\">1868, nace la cantante y bailarina <strong>Agustina Carolina Otero Iglesias<\/strong>, conocida como La Bella Otero, en Ponye de Valga, Pontevedra. Actu\u00f3 en el famoso Folies-Berg\u00e8re y se convirtiera en un aut\u00e9ntico icono de la&nbsp;<em>Belle Epoque<\/em>. Muchos episodios de su vida fueron inventados por ella misma. Se retir\u00f3 de la vida p\u00fablica en 1910 y se traslad\u00f3 a vivir a Niza. Muri\u00f3 sola 55 a\u00f1os despu\u00e9s. El poco dinero que le quedaba, cerca de 600 francos, fueron donados a las familias m\u00e1s pobres de su pueblo natal al que nunca volvi\u00f3. Falleci\u00f3 el 12 de abril de 1965.<\/p>\n<\/div>\n<\/div>\n\n\n\n<h1 class=\"wp-block-heading\">5<\/h1>\n\n\n\n<div class=\"wp-block-columns is-layout-flex wp-container-core-columns-is-layout-8f761849 wp-block-columns-is-layout-flex\">\n<div class=\"wp-block-column is-layout-flow wp-block-column-is-layout-flow\" style=\"flex-basis:33.33%\">\n<figure class=\"wp-block-image size-large\"><img loading=\"lazy\" decoding=\"async\" width=\"280\" height=\"280\" src=\"https:\/\/redsemlac.com\/semmexico\/wp-content\/uploads\/2020\/10\/5-NOV-Liliana-Licea-Jimenez.jpg\" alt=\"\" class=\"wp-image-28014\"\/><\/figure>\n<\/div>\n\n\n\n<div class=\"wp-block-column is-layout-flow wp-block-column-is-layout-flow\" style=\"flex-basis:66.66%\">\n<p class=\"wp-block-paragraph\">1977, naci\u00f3 en la ciudad de Quer\u00e9taro, <strong>Liliana Licea Jim\u00e9nez<\/strong>, doctora en ciencias de los materiales. Directora del Centro de Investigaci\u00f3n en Materiales Avanzados (CIMAV) de Monterrey. Ha desarrollado un cosechador de energ\u00eda, un dispositivo ecol\u00f3gico que captura y aprovecha la energ\u00eda e\u00f3lica, t\u00e9rmica y lum\u00ednica de forma eficiente. El dispositivo acumula, almacena, acondiciona y administra la energ\u00eda y la suministra para ser usada.<\/p>\n<\/div>\n<\/div>\n\n\n\n<p class=\"wp-block-paragraph\"><strong>2004<\/strong>, se integr\u00f3 la Comisi\u00f3n de Equidad, G\u00e9nero y Familia en el Congreso del estado de Veracruz.<\/p>\n\n\n\n<div class=\"wp-block-columns is-layout-flex wp-container-core-columns-is-layout-8f761849 wp-block-columns-is-layout-flex\">\n<div class=\"wp-block-column is-layout-flow wp-block-column-is-layout-flow\" style=\"flex-basis:33.33%\">\n<figure class=\"wp-block-image size-large\"><img decoding=\"async\" src=\"https:\/\/redsemlac.com\/semmexico\/wp-content\/uploads\/2020\/10\/4-NOV-JOSIE-CHAVEZ-768x1024.jpg\" alt=\"\" class=\"wp-image-28015\"\/><\/figure>\n<\/div>\n\n\n\n<div class=\"wp-block-column is-layout-flow wp-block-column-is-layout-flow\" style=\"flex-basis:66.66%\">\n<p class=\"wp-block-paragraph\">1953, nace en Tijuana, Baja California, <strong>Josefina Ch\u00e1vez Rodr\u00edguez<\/strong>, mejor conocida como Josie Ch\u00e1vez. Fil\u00f3sofa, feminista y sindicalista que particip\u00f3 en las luchas de las operadoras de TELMEX (1978-1984). Coordinadora de Ciudadanas en Movimiento por la Democracia. Fue fundadora de la Comisi\u00f3n de Mujeres del PRT (1976). Integr\u00f3 el Frente Nacional por la Liberaci\u00f3n y los Derechos de las Mujeres en los a\u00f1os setenta. Fundadora la Red Nacional contra la Violencia hacia las Mujeres. Impuls\u00f3 la cuota de participaci\u00f3n pol\u00edtica y pol\u00edticas de acci\u00f3n afirmativas. A partir de 1997 coordina la revista <em>Cuadernos Feministas.<\/em><\/p>\n<\/div>\n<\/div>\n\n\n\n<h1 class=\"wp-block-heading\">6<\/h1>\n\n\n\n<div class=\"wp-block-columns is-layout-flex wp-container-core-columns-is-layout-8f761849 wp-block-columns-is-layout-flex\">\n<div class=\"wp-block-column is-layout-flow wp-block-column-is-layout-flow\" style=\"flex-basis:33.33%\">\n<figure class=\"wp-block-image size-large\"><img loading=\"lazy\" decoding=\"async\" width=\"190\" height=\"265\" src=\"https:\/\/redsemlac.com\/semmexico\/wp-content\/uploads\/2020\/10\/6-NOV-Perola-Byington.jpg\" alt=\"\" class=\"wp-image-28016\"\/><\/figure>\n<\/div>\n\n\n\n<div class=\"wp-block-column is-layout-flow wp-block-column-is-layout-flow\" style=\"flex-basis:66.66%\">\n<p class=\"wp-block-paragraph\">1963, fallece <strong>P\u00e9rola Byington<\/strong>, fil\u00e1ntropa y activista social brasile\u00f1a. Durante la Primera Guerra Mundial fue responsable de una secci\u00f3n de la Cruz Roja. De vuelta a Brasil, sigui\u00f3 participando en tareas sociales y filantr\u00f3picas. Invitada por un grupo de educadoras sanitarias, lideradas por Mar\u00eda Antonietta de Castro, cre\u00f3 una campa\u00f1a para combatir la mortalidad infantil, llamada Cruzada Pro-Infancia, que se inaugur\u00f3 el 12 de agosto de 1930 en su propia casa en avenida Paulista, donde permaneci\u00f3 hasta 1931, en que fue transferida a su primera sede en la calle Madalena. Se dedic\u00f3 a dirigir esta obra durante 33 a\u00f1os. Naci\u00f3 el 3 de diciembre de 1879.<\/p>\n<\/div>\n<\/div>\n\n\n\n<div class=\"wp-block-columns is-layout-flex wp-container-core-columns-is-layout-8f761849 wp-block-columns-is-layout-flex\">\n<div class=\"wp-block-column is-layout-flow wp-block-column-is-layout-flow\" style=\"flex-basis:33.33%\">\n<figure class=\"wp-block-image size-large\"><img loading=\"lazy\" decoding=\"async\" width=\"666\" height=\"675\" src=\"https:\/\/redsemlac.com\/semmexico\/wp-content\/uploads\/2020\/10\/6-NOV-Juana-Manuela-Gorritti.jpg\" alt=\"\" class=\"wp-image-28017\"\/><\/figure>\n<\/div>\n\n\n\n<div class=\"wp-block-column is-layout-flow wp-block-column-is-layout-flow\" style=\"flex-basis:66.66%\">\n<p class=\"wp-block-paragraph\">1892, muere, en Buenos Aires, <strong>Juana Manuela Gorritti,<\/strong> escritora, maestra y periodista de la generaci\u00f3n de mujeres que se rebel\u00f3 contra los c\u00e1nones de la sumisi\u00f3n y las normas sociales. Vivi\u00f3 por 20 a\u00f1os en Lima, donde estableci\u00f3 las c\u00e9lebres Tertulias Literarias para dar tribuna a las mujeres escritoras. Fue el centro de la vida cultural lime\u00f1a con amplio reconocimiento del mundo intelectual de su \u00e9poca. Fund\u00f3 revistas y es considerada precursora de la novela fant\u00e1stica en Am\u00e9rica. Naci\u00f3 en Rosario de la Frontera el 15 de junio de 1818.<br><br><\/p>\n<\/div>\n<\/div>\n\n\n\n<p class=\"wp-block-paragraph\">1924, naci\u00f3 <strong>Mar\u00eda Guadalupe Lomel\u00ed Cerezo<\/strong>, especialista en estad\u00edstica y primera investigadora adscrita al Instituto de Matem\u00e1ticas de la UNAM en 1954. Tuvo una destacada carrera internacional por su trabajo en estad\u00edstica agropecuaria en la FAO y profesora en la Universidad Central de Venezuela, de Guatemala y de Sri Lanka, en la d\u00e9cada de los 60 del siglo pasado.<\/p>\n\n\n\n<div class=\"wp-block-columns is-layout-flex wp-container-core-columns-is-layout-8f761849 wp-block-columns-is-layout-flex\">\n<div class=\"wp-block-column is-layout-flow wp-block-column-is-layout-flow\" style=\"flex-basis:33.33%\">\n<figure class=\"wp-block-image size-large\"><img loading=\"lazy\" decoding=\"async\" width=\"799\" height=\"630\" src=\"https:\/\/redsemlac.com\/semmexico\/wp-content\/uploads\/2020\/10\/6-NOV-Maria-Elena-Caso-Munoz.jpeg\" alt=\"\" class=\"wp-image-28018\"\/><\/figure>\n<\/div>\n\n\n\n<div class=\"wp-block-column is-layout-flow wp-block-column-is-layout-flow\" style=\"flex-basis:66.66%\">\n<p class=\"wp-block-paragraph\">1991, autoridades del Instituto de Ciencias del Mar y Limnolog\u00eda de la UNAM, develaron una placa conmemorativa que asoci\u00f3 el nombre de <strong>Mar\u00eda Elena Caso Mu\u00f1oz<\/strong>, pionera mexicana de las ciencias biol\u00f3gicas, con la Biblioteca de la \u201cEstaci\u00f3n Mazatl\u00e1n\u201d en conmemoraci\u00f3n de nacimiento ocurrido en 1915. Mar\u00eda Elena Caso estudi\u00f3 en la Facultad de Ciencias de la UNAM; contribuy\u00f3 en el conocimiento de los ast\u00e9ridos (estrellas de mar). En 1987 su trabajo cient\u00edfico fue reconocido a nivel mundial, por la descripci\u00f3n de una especie de cangrejo majoidea, que lleva su nombre: Podochela casoae. Falleci\u00f3 el 6 de noviembre de 1991.<\/p>\n<\/div>\n<\/div>\n\n\n\n<p class=\"wp-block-paragraph\"><strong>1981<\/strong> se celebra en M\u00e9xico la II Reuni\u00f3n de Investigaci\u00f3n Demogr\u00e1fica, en la que se discutieron los Derechos Humanos de las Mujeres y las Pol\u00edticas Poblacionales. Participaron Roberta Lajous, Olga Pellicer, Carmen Mir\u00f3 (Chile) y Pilar Calvo.<\/p>\n\n\n\n<div class=\"wp-block-columns is-layout-flex wp-container-core-columns-is-layout-8f761849 wp-block-columns-is-layout-flex\">\n<div class=\"wp-block-column is-layout-flow wp-block-column-is-layout-flow\" style=\"flex-basis:33.33%\">\n<figure class=\"wp-block-image size-large\"><img loading=\"lazy\" decoding=\"async\" width=\"740\" height=\"440\" src=\"https:\/\/redsemlac.com\/semmexico\/wp-content\/uploads\/2020\/10\/6-NOV-paulina-LAVISTA.jpg\" alt=\"\" class=\"wp-image-28019\"\/><\/figure>\n<\/div>\n\n\n\n<div class=\"wp-block-column is-layout-flow wp-block-column-is-layout-flow\" style=\"flex-basis:66.66%\">\n<p class=\"wp-block-paragraph\">2013, recibe la Medalla al M\u00e9rito Fotogr\u00e1fico del Sistema Nacional de Fototecas del INAH la fot\u00f3grafa <strong>Paulina Lavista <\/strong>(1945). Estudi\u00f3 en la primera generaci\u00f3n del CUEC. Tiene experiencia en asistencia de direcci\u00f3n y ha montado diversas exposiciones individuales y colectivas. Naci\u00f3 en 1942.<\/p>\n<\/div>\n<\/div>\n\n\n\n<h1 class=\"wp-block-heading\">7<\/h1>\n\n\n\n<div class=\"wp-block-columns is-layout-flex wp-container-core-columns-is-layout-8f761849 wp-block-columns-is-layout-flex\">\n<div class=\"wp-block-column is-layout-flow wp-block-column-is-layout-flow\" style=\"flex-basis:33.33%\">\n<figure class=\"wp-block-image size-large\"><img loading=\"lazy\" decoding=\"async\" width=\"281\" height=\"180\" src=\"https:\/\/redsemlac.com\/semmexico\/wp-content\/uploads\/2020\/10\/7-NOV-Marie-Slodowska-Curie.jpg\" alt=\"\" class=\"wp-image-28020\"\/><\/figure>\n<\/div>\n\n\n\n<div class=\"wp-block-column is-layout-flow wp-block-column-is-layout-flow\" style=\"flex-basis:66.66%\">\n<p class=\"wp-block-paragraph\">1867, nace en Varsovia, <strong>Marie Slodowska Curie<\/strong>. Cient\u00edfica de vocaci\u00f3n, estudi\u00f3 en la Sorbona de Par\u00eds. Fue la primera mujer que recibi\u00f3 el Premio Nobel de F\u00edsica en 1903, que comparti\u00f3 con su marido Pierre Curie y con el franc\u00e9s H. Becquerel. En 1906, luego de la muerte de Pierre, asume la c\u00e1tedra de f\u00edsica. Ser\u00e1 la primera mujer en ser aceptada como profesora en la Sorbona. En 1911 recibe el Premio Nobel de Qu\u00edmica por el descubrimiento de los elementos radio y polonio.<\/p>\n<\/div>\n<\/div>\n\n\n\n<div class=\"wp-block-columns is-layout-flex wp-container-core-columns-is-layout-8f761849 wp-block-columns-is-layout-flex\">\n<div class=\"wp-block-column is-layout-flow wp-block-column-is-layout-flow\" style=\"flex-basis:33.33%\">\n<figure class=\"wp-block-image size-large\"><img loading=\"lazy\" decoding=\"async\" width=\"800\" height=\"400\" src=\"https:\/\/redsemlac.com\/semmexico\/wp-content\/uploads\/2020\/10\/7-nov-Nellie-Francisca-Campobello.jpg\" alt=\"\" class=\"wp-image-28021\"\/><\/figure>\n<\/div>\n\n\n\n<div class=\"wp-block-column is-layout-flow wp-block-column-is-layout-flow\" style=\"flex-basis:66.66%\">\n<p class=\"wp-block-paragraph\">1909, en Durango, M\u00e9xico, nace <strong>Nellie Francisca Campobello<\/strong>, destacada bailarina, core\u00f3grafa, escritora y promotora cultural. Fue reconocida como una autoridad en su ramo. Dedic\u00f3 gran parte de su vida a la investigaci\u00f3n y la ense\u00f1anza de las danzas aut\u00f3ctonas mexicanas. Fruto de este trabajo es el libro&nbsp;Ritmos Ind\u00edgenas de M\u00e9xico&nbsp;(1940). Al lado de su hermana Gloria, participa en la gestaci\u00f3n de la Escuela Nacional de Danza (END) en 1932. M\u00e1s adelante, en 1937, Nellie es nombrada directora de la END. Como escritora public\u00f3 la novela de vivencias de la Revoluci\u00f3n Mexicana titulada&nbsp;Cartucho, Relatos de la Lucha en el Norte de M\u00e9xico&nbsp;(1931) que tuvo varias ediciones. En 1940, aparece&nbsp;Apuntes sobre la Vida Militar de Francisco Villa, una investigaci\u00f3n sobre la trayectoria de este caudillo, colocando a la autora en el grupo de escritores de la Revoluci\u00f3n.<\/p>\n<\/div>\n<\/div>\n\n\n\n<p class=\"wp-block-paragraph\"><strong>1908<\/strong>, en el Per\u00fa se promulga la ley que permite el ingreso de las mujeres a las universidades.<\/p>\n\n\n\n<div class=\"wp-block-columns is-layout-flex wp-container-core-columns-is-layout-8f761849 wp-block-columns-is-layout-flex\">\n<div class=\"wp-block-column is-layout-flow wp-block-column-is-layout-flow\" style=\"flex-basis:33.33%\">\n<figure class=\"wp-block-image size-large\"><img loading=\"lazy\" decoding=\"async\" width=\"619\" height=\"425\" src=\"https:\/\/redsemlac.com\/semmexico\/wp-content\/uploads\/2020\/10\/7-NOV-Rosa-Icela-Ojeda-Rivera.jpg\" alt=\"\" class=\"wp-image-28022\"\/><\/figure>\n<\/div>\n\n\n\n<div class=\"wp-block-column is-layout-flow wp-block-column-is-layout-flow\" style=\"flex-basis:66.66%\">\n<p class=\"wp-block-paragraph\">1954, nace en Chilpancingo, Guerrero, <strong>Rosa Icela Ojeda Rivera<\/strong>, abogada, activista y acad\u00e9mica. Particip\u00f3 en la fundaci\u00f3n de la Secretar\u00eda de la Mujer en Guerrero (1987). Cre\u00f3 el Observatorio de Violencia de G\u00e9nero contra las Mujeres \u201cHannah Arendt\u201d. Coordin\u00f3 en su entidad la investigaci\u00f3n sobre feminicidio que realiz\u00f3 la C\u00e1mara de Diputados (1995). Fundadora del Instituto Internacional de Estudios Pol\u00edticos Avanzados \u201cIgnacio Manuel Altamirano\u201d de la UAG, en el que imparte la c\u00e1tedra de g\u00e9nero.<\/p>\n<\/div>\n<\/div>\n\n\n\n<p class=\"wp-block-paragraph\"><strong>1972<\/strong>, <strong>Mar\u00eda Consuelo Garc\u00eda Escamilla<\/strong>, primera diputada federal por Quer\u00e9taro, particip\u00f3 en la primera reforma procesal de la Ley Federal del Trabajo. Fue integrante de la CNC y promotora de la CONASUPO.<\/p>\n\n\n\n<h1 class=\"wp-block-heading\">8<\/h1>\n\n\n\n<div class=\"wp-block-columns is-layout-flex wp-container-core-columns-is-layout-8f761849 wp-block-columns-is-layout-flex\">\n<div class=\"wp-block-column is-layout-flow wp-block-column-is-layout-flow\" style=\"flex-basis:33.33%\">\n<figure class=\"wp-block-image size-large\"><img loading=\"lazy\" decoding=\"async\" width=\"770\" height=\"512\" src=\"https:\/\/redsemlac.com\/semmexico\/wp-content\/uploads\/2020\/10\/8-NOV-Jeanne-Marie-Philipon.jpg\" alt=\"\" class=\"wp-image-28023\"\/><\/figure>\n<\/div>\n\n\n\n<div class=\"wp-block-column is-layout-flow wp-block-column-is-layout-flow\" style=\"flex-basis:66.66%\">\n<p class=\"wp-block-paragraph\">1793, en Francia, <strong>Jeanne-Marie Philipon<\/strong>, m\u00e1s conocida como Madame Roland, es condenada a morir en la guillotina. Casada con Jean-Marie Roland, abraz\u00f3 la causa girondina durante la Revoluci\u00f3n, ejerciendo gran influencia pol\u00edtica para lograr el ascenso de su marido dentro del partido girondino. Cuando Jean-Marie Roland fue elegido Ministro del Interior, ella ocup\u00f3 un lugar muy importante. Al ser proscrito este partido, los Roland se negaron a huir, siendo conducidos a la c\u00e1rcel donde se les sentenci\u00f3 a la pena de muerte. Madame Roland escribi\u00f3 en prisi\u00f3n sus&nbsp;Memorias. Naci\u00f3 el 17 de marzo de 1754.<\/p>\n<\/div>\n<\/div>\n\n\n\n<div class=\"wp-block-columns is-layout-flex wp-container-core-columns-is-layout-8f761849 wp-block-columns-is-layout-flex\">\n<div class=\"wp-block-column is-layout-flow wp-block-column-is-layout-flow\" style=\"flex-basis:33.33%\">\n<figure class=\"wp-block-image size-large\"><img decoding=\"async\" src=\"https:\/\/1.bp.blogspot.com\/-VqMXPLF28kE\/W_Ms8BxVErI\/AAAAAAAAvxM\/zj0-52rSB_km4m0QnEA9Z3yjH9WsOq6WwCLcBGAs\/s1600\/Sarah%2BF..JPG\" alt=\"\"\/><\/figure>\n<\/div>\n\n\n\n<div class=\"wp-block-column is-layout-flow wp-block-column-is-layout-flow\" style=\"flex-basis:66.66%\">\n<p class=\"wp-block-paragraph\">1710, nace Sarah Fielding, autora brit\u00e1nica. Autora y traductora, cuyas novelas fueron de las primeras en el idioma ingl\u00e9s y la primera en examinar la vida interior de las mujeres y los ni\u00f1os. Su primer libro,&nbsp;<em>Las aventuras de David Simple<\/em>, es una novela cuya prosa c\u00f3mica imita a la de su hermano y a la de su principal rival literario, Samuel Richardson, que tambi\u00e9n era uno de sus amigos m\u00e1s cercanos. <em>La institutriz<\/em> (1749) es did\u00e1ctico y retrata con sensibilidad c\u00f3mica los peligros de la vida social brit\u00e1nica para el desarrollo moral de las mujeres. Public\u00f3 un solo libro bajo su propio nombre, una traducci\u00f3n del griego antiguo de Memorias de Jenofonte S\u00f3crates (1762), un logro significativo en que pocas mujeres de la \u00e9poca de Fielding era capaces de conseguir.<\/p>\n<\/div>\n<\/div>\n\n\n\n<p class=\"wp-block-paragraph\"><strong>1841<\/strong>, primera solicitud de admisi\u00f3n de una mujer para el curso de dibujo en la Academia de Bellas Artes.<\/p>\n\n\n\n<p class=\"wp-block-paragraph\"><strong>1977<\/strong>, En la Ciudad de M\u00e9xico se realiza el Primer Simposio Mexicano Centroamericano de Investigaci\u00f3n sobre la Mujer, apoyado por El Colegio de M\u00e9xico y la UNAM. Participaron investigadoras de M\u00e9xico y algunos pa\u00edses centroamericanos. La organizaci\u00f3n del evento estuvo a cargo de Lourdes Arizpe y Teresa Rend\u00f3n. Paralelamente se present\u00f3 una exposici\u00f3n de artistas pl\u00e1sticas mexicanas, coordinada por Ala\u00edde Foppa. Se realiz\u00f3 en la Universidad del Tercer Mundo, en San Jer\u00f3nimo L\u00eddice.<\/p>\n\n\n\n<h1 class=\"wp-block-heading\">9<\/h1>\n\n\n\n<div class=\"wp-block-columns is-layout-flex wp-container-core-columns-is-layout-8f761849 wp-block-columns-is-layout-flex\">\n<div class=\"wp-block-column is-layout-flow wp-block-column-is-layout-flow\" style=\"flex-basis:33.33%\">\n<figure class=\"wp-block-image size-large\"><img decoding=\"async\" src=\"https:\/\/redsemlac.com\/semmexico\/wp-content\/uploads\/2020\/10\/9-NOV-Eugenia-Sacerdote-de-Lustig-1024x538.jpg\" alt=\"\" class=\"wp-image-28024\"\/><\/figure>\n<\/div>\n\n\n\n<div class=\"wp-block-column is-layout-flow wp-block-column-is-layout-flow\" style=\"flex-basis:66.66%\">\n<p class=\"wp-block-paragraph\">1910, nace <strong>Eugenia Sacerdote de Lustig<\/strong>, m\u00e9dica \u00edtalo-argentina, la primera en probar la vacuna poliomiel\u00edtica en Argentina. Se convirti\u00f3 en una especialista en el cultivo de tejidos vivos \u201cin vitro\u201d, novedosa t\u00e9cnica y poco conocida por aquel entonces.&nbsp;En 1992 gan\u00f3 el Premio Hip\u00f3crates, el m\u00e1s importante de la medicina argentina. Con 95 a\u00f1os public\u00f3 su autobiograf\u00eda, que dice la escribi\u00f3 para sus nietos. Lo que no lleg\u00f3 a obtener fue el Premio Nobel de Medicina y Fisiolog\u00eda. Es un buen ejemplo del Club de Ignoradas del Nobel.<\/p>\n<\/div>\n<\/div>\n\n\n\n<div class=\"wp-block-columns is-layout-flex wp-container-core-columns-is-layout-8f761849 wp-block-columns-is-layout-flex\">\n<div class=\"wp-block-column is-layout-flow wp-block-column-is-layout-flow\" style=\"flex-basis:33.33%\">\n<figure class=\"wp-block-image size-large\"><img loading=\"lazy\" decoding=\"async\" width=\"311\" height=\"314\" src=\"https:\/\/redsemlac.com\/semmexico\/wp-content\/uploads\/2020\/10\/9-NOV-Anne-Gray-Harvey-Sexton.jpg\" alt=\"\" class=\"wp-image-28025\"\/><\/figure>\n<\/div>\n\n\n\n<div class=\"wp-block-column is-layout-flow wp-block-column-is-layout-flow\" style=\"flex-basis:66.66%\">\n<p class=\"wp-block-paragraph\">1928, en Massachusetts nace <strong>Anne Gray Harvey Sexton<\/strong>, probablemente una de las voces m\u00e1s originales de la poes\u00eda estadounidense en el siglo XX. En 1974 recibi\u00f3 el Premio Pulitzer de poes\u00eda por su libro&nbsp;<em>Live or Die<\/em>. A pesar de su \u00e9xito como escritora, se suicid\u00f3 con mon\u00f3xido de carbono en 1974. Quienes han estudiado su obra, destacan que el tema central de su poes\u00eda est\u00e1 basado en la experiencia de ser mujer. Tuvo que soportar cr\u00edticas por hablar de temas como la menstruaci\u00f3n, el aborto y la adicci\u00f3n a las drogas.<\/p>\n<\/div>\n<\/div>\n\n\n\n<div class=\"wp-block-columns is-layout-flex wp-container-core-columns-is-layout-8f761849 wp-block-columns-is-layout-flex\">\n<div class=\"wp-block-column is-layout-flow wp-block-column-is-layout-flow\" style=\"flex-basis:33.33%\">\n<figure class=\"wp-block-image size-large\"><img loading=\"lazy\" decoding=\"async\" width=\"635\" height=\"356\" src=\"https:\/\/redsemlac.com\/semmexico\/wp-content\/uploads\/2020\/10\/9-NOV-Mariclaire-Acosta-Urquidi.jpg\" alt=\"\" class=\"wp-image-28026\"\/><\/figure>\n<\/div>\n\n\n\n<div class=\"wp-block-column is-layout-flow wp-block-column-is-layout-flow\" style=\"flex-basis:66.66%\">\n<p class=\"wp-block-paragraph\">1947, nace en la Ciudad de M\u00e9xico <strong>Mariclaire Acosta Urquidi<\/strong>, soci\u00f3loga reconocida internacionalmente como defensora de los derechos humanos. Fundadora del Movimiento Ciudadano por la Democracia y de Mujeres en Lucha por la Democracia. Escribi\u00f3 en 1977 El Aborto en M\u00e9xico, en la colaboraci\u00f3n de Flora Botton-Burl\u00e1, Isabel Molina y Kyra Nu\u00f1ez, entre otras. Fundadora de la Comisi\u00f3n Mexicana de Defensa y Promoci\u00f3n de los Derechos Humanos. Actualmente trabaja en visibilizar los cr\u00edmenes contra periodistas.<\/p>\n<\/div>\n<\/div>\n\n\n\n<h1 class=\"wp-block-heading\">10<\/h1>\n\n\n\n<div class=\"wp-block-columns is-layout-flex wp-container-core-columns-is-layout-8f761849 wp-block-columns-is-layout-flex\">\n<div class=\"wp-block-column is-layout-flow wp-block-column-is-layout-flow\" style=\"flex-basis:33.33%\">\n<figure class=\"wp-block-image size-large\"><img loading=\"lazy\" decoding=\"async\" width=\"350\" height=\"433\" src=\"https:\/\/redsemlac.com\/semmexico\/wp-content\/uploads\/2020\/10\/10-NOV-Celina-Izquierdo-Sanchez.jpg\" alt=\"\" class=\"wp-image-28027\"\/><\/figure>\n<\/div>\n\n\n\n<div class=\"wp-block-column is-layout-flow wp-block-column-is-layout-flow\" style=\"flex-basis:66.66%\">\n<p class=\"wp-block-paragraph\">1954, Nace la potosina <strong>Celina Izquierdo S\u00e1nchez<\/strong>. Particip\u00f3 en la Lucha de Mujeres, Esposas y Familiares de los Trabajadores de Pascual (1982). Militante del Partido Mexicano de los Trabajadores. Es jefa de departamento de Servicio Social en la Universidad del Caribe, Quintana Roo, y dirige el Observatorio de Violencia Social y de G\u00e9nero desde 2006.<\/p>\n<\/div>\n<\/div>\n\n\n\n<h1 class=\"wp-block-heading\">11<\/h1>\n\n\n\n<div class=\"wp-block-columns is-layout-flex wp-container-core-columns-is-layout-8f761849 wp-block-columns-is-layout-flex\">\n<div class=\"wp-block-column is-layout-flow wp-block-column-is-layout-flow\" style=\"flex-basis:33.33%\">\n<figure class=\"wp-block-image size-large\"><img loading=\"lazy\" decoding=\"async\" width=\"318\" height=\"159\" src=\"https:\/\/redsemlac.com\/semmexico\/wp-content\/uploads\/2020\/10\/11-NOV-Clorinda-Matto-de-Turner.jpg\" alt=\"\" class=\"wp-image-28028\"\/><\/figure>\n<\/div>\n\n\n\n<div class=\"wp-block-column is-layout-flow wp-block-column-is-layout-flow\" style=\"flex-basis:66.66%\">\n<p class=\"wp-block-paragraph\">1854, mace en Cuzco, Per\u00fa, <strong>Clorinda Matto de Turner<\/strong>, escritora y periodista, autora de la novela&nbsp;<em>Aves sin Nido<\/em>&nbsp;(1885), un valiente alegato de la situaci\u00f3n de esclavitud de la poblaci\u00f3n ind\u00edgena en el Per\u00fa. Es considerada como la iniciadora de la corriente del indigenismo literario en Sudam\u00e9rica. Como periodista fund\u00f3 y dirigi\u00f3 varias publicaciones en el Per\u00fa y Argentina, donde vivi\u00f3 exiliada hasta su muerte. Fue una reconocida defensora de la educaci\u00f3n de las mujeres.<\/p>\n<\/div>\n<\/div>\n\n\n\n<div class=\"wp-block-columns is-layout-flex wp-container-core-columns-is-layout-8f761849 wp-block-columns-is-layout-flex\">\n<div class=\"wp-block-column is-layout-flow wp-block-column-is-layout-flow\" style=\"flex-basis:33.33%\">\n<figure class=\"wp-block-image size-large\"><img loading=\"lazy\" decoding=\"async\" width=\"319\" height=\"424\" src=\"https:\/\/redsemlac.com\/semmexico\/wp-content\/uploads\/2020\/10\/11-NOV-Esmeralda-Cervantes-o-Clotilde-Cerda-de-Grossmann.jpg\" alt=\"\" class=\"wp-image-28029\"\/><\/figure>\n<\/div>\n\n\n\n<div class=\"wp-block-column is-layout-flow wp-block-column-is-layout-flow\" style=\"flex-basis:66.66%\">\n<p class=\"wp-block-paragraph\">1883, aparece en la portada de la revista <em>La ilustraci\u00f3n de la mujer<\/em> <strong>Esmeralda Cervantes o Clotilde Cerd\u00e0 de Grossmann<\/strong>. Introdujo en M\u00e9xico la t\u00e9cnica moderna del arpa. Naci\u00f3 el 28 de febrero de 1861 en Barcelona y muri\u00f3 en Tenerife en 1926. Tuvo una larga estancia en M\u00e9xico, donde ense\u00f1\u00f3 su t\u00e9cnica a ni\u00f1as y adolescentes.<\/p>\n<\/div>\n<\/div>\n\n\n\n<div class=\"wp-block-columns is-layout-flex wp-container-core-columns-is-layout-8f761849 wp-block-columns-is-layout-flex\">\n<div class=\"wp-block-column is-layout-flow wp-block-column-is-layout-flow\" style=\"flex-basis:33.33%\">\n<figure class=\"wp-block-image size-large\"><img loading=\"lazy\" decoding=\"async\" width=\"150\" height=\"234\" src=\"https:\/\/redsemlac.com\/semmexico\/wp-content\/uploads\/2020\/10\/11-nov-Ines-Enriquez-Frodden.jpg\" alt=\"\" class=\"wp-image-28030\"\/><\/figure>\n<\/div>\n\n\n\n<div class=\"wp-block-column is-layout-flow wp-block-column-is-layout-flow\" style=\"flex-basis:66.66%\">\n<p class=\"wp-block-paragraph\">1913, nace en Chile,<strong> In\u00e9s Enr\u00edquez Fr\u00f6dden<\/strong>. En 1951 se convirti\u00f3 en la primera diputada despu\u00e9s del otorgamiento del voto a las mujeres. Milit\u00f3 en el Partido Radical, posteriormente gan\u00f3 una diputaci\u00f3n en los per\u00edodos 1957, 1961, 1965 y 1969. Entre los proyectos que present\u00f3 figuran el divorcio, la jubilaci\u00f3n para las empleadas del sector privado, asignaci\u00f3n familiar y alfabetizaci\u00f3n de adultos.<\/p>\n<\/div>\n<\/div>\n\n\n\n<div class=\"wp-block-columns is-layout-flex wp-container-core-columns-is-layout-8f761849 wp-block-columns-is-layout-flex\">\n<div class=\"wp-block-column is-layout-flow wp-block-column-is-layout-flow\" style=\"flex-basis:33.33%\">\n<figure class=\"wp-block-image size-large\"><img loading=\"lazy\" decoding=\"async\" width=\"267\" height=\"355\" src=\"https:\/\/redsemlac.com\/semmexico\/wp-content\/uploads\/2020\/10\/11-nov-Rosa-Regas.jpg\" alt=\"\" class=\"wp-image-28031\"\/><\/figure>\n<\/div>\n\n\n\n<div class=\"wp-block-column is-layout-flow wp-block-column-is-layout-flow\" style=\"flex-basis:66.66%\">\n<p class=\"wp-block-paragraph\">1933, nace <strong>Rosa Reg\u00e1s<\/strong>, escritora espa\u00f1ola de conocida trayectoria que ha merecido varios premios literarios. En 1994 gan\u00f3 el Premio Nadal de Novela por&nbsp;<em>Azul,<\/em> y en 2001 se hizo acreedora al Premio Planeta por su novela&nbsp;<em>La Canci\u00f3n de Dorotea<\/em>. Comenz\u00f3 su carrera literaria a la edad de 56 a\u00f1os y su primera novela fue publicada en 1987. Ha desarrollado una intensa labor de promoci\u00f3n editorial y cultural, adem\u00e1s de haberse convertido en una de las voces m\u00e1s radicales dentro del grupo de intelectuales contrarios a la participaci\u00f3n de Espa\u00f1a en la guerra con Irak. Fue fundadora de la editorial Gaya Ciencia, traductora para Naciones Unidas, directora de la revista&nbsp;Cuadernos de Gaya Ciencia&nbsp;y estuvo a la cabeza de la Casa de Am\u00e9rica de Madrid.<\/p>\n<\/div>\n<\/div>\n\n\n\n<p class=\"wp-block-paragraph\"><strong>1992,<\/strong> la Iglesia Anglicana aprob\u00f3 el sacerdocio de las mujeres, acabando as\u00ed con una tradici\u00f3n secular. Las mujeres en la iglesia anglicana ten\u00edan un papel m\u00e1s activo que en otras religiones, pues ejerc\u00edan determinados ministerios.<\/p>\n\n\n\n<div class=\"wp-block-columns is-layout-flex wp-container-core-columns-is-layout-8f761849 wp-block-columns-is-layout-flex\">\n<div class=\"wp-block-column is-layout-flow wp-block-column-is-layout-flow\" style=\"flex-basis:33.33%\">\n<figure class=\"wp-block-image size-large\"><img loading=\"lazy\" decoding=\"async\" width=\"187\" height=\"269\" src=\"https:\/\/redsemlac.com\/semmexico\/wp-content\/uploads\/2020\/10\/11-NOV-Luz-Maria-Villareal-de-Puga.jpg\" alt=\"\" class=\"wp-image-28032\"\/><\/figure>\n<\/div>\n\n\n\n<div class=\"wp-block-column is-layout-flow wp-block-column-is-layout-flow\" style=\"flex-basis:66.66%\">\n<p class=\"wp-block-paragraph\">2013, muri\u00f3 en Guadalajara, Jalisco, <strong>Luz Mar\u00eda Villareal de Puga<\/strong>. Destacada cient\u00edfica por el descubrimiento del ma\u00edz perenne (zea diploperennis). Fue la principal impulsora en la formaci\u00f3n de la Reserva de la Bi\u00f3sfera de la Sierra de Manantl\u00e1n y su conservaci\u00f3n, en 1977. El Consejo del Centro Universitario de Ciencias Biol\u00f3gicas y Agropecuarias (CUCBA), de la Universidad de Guadalajara, acord\u00f3 llamar a su auditorio de usos m\u00faltiples Luz Mar\u00eda Villarreal de Puga.<\/p>\n<\/div>\n<\/div>\n\n\n\n<h1 class=\"wp-block-heading\">12<\/h1>\n\n\n\n<div class=\"wp-block-columns is-layout-flex wp-container-core-columns-is-layout-8f761849 wp-block-columns-is-layout-flex\">\n<div class=\"wp-block-column is-layout-flow wp-block-column-is-layout-flow\" style=\"flex-basis:33.33%\">\n<figure class=\"wp-block-image size-large\"><img decoding=\"async\" src=\"https:\/\/ep01.epimg.net\/cultura\/imagenes\/2017\/03\/29\/actualidad\/1490761165_233141_1490764130_sumario_normal.jpg\" alt=\"\"\/><\/figure>\n<\/div>\n\n\n\n<div class=\"wp-block-column is-layout-flow wp-block-column-is-layout-flow\" style=\"flex-basis:66.66%\">\n<p class=\"wp-block-paragraph\">1651, Juana In\u00e9s Asbaje y Ram\u00edrez de Santillana, <strong>Sor Juana In\u00e9s de la Cruz<\/strong>, nace en San Miguel Nepantla, M\u00e9xico. Escritora, poeta, fil\u00f3sofa y pensadora, fue declarada <em>La d\u00e9cima musa<\/em>. En 1665 fue dama de la Virreina Marquesa de Mancera. Sale triunfadora de un examen a la que fue sometida frente a 40 letrados de la universidad. Monja jer\u00f3nima que renuncia a la vida mundana para dedicarse a la lectura, a la investigaci\u00f3n y a la escritura. Su fama la expuso a la maledicencia y a la censura eclesi\u00e1stica. Fue presionada por la jerarqu\u00eda de la Iglesia Cat\u00f3lica a renunciar a \u201ctoda pretensi\u00f3n literaria\u201d, como una forma de acallarla definitivamente. Reconocida como una feminista por sus obras <em>Respuesta a Sor Filotea<\/em> y <em>Hombres necios<\/em>, en los que emprende una posici\u00f3n de defensa de lo que hoy reconocemos como derechos de las mujeres. Muri\u00f3 el 17 de abril de 1695.<\/p>\n<\/div>\n<\/div>\n\n\n\n<div class=\"wp-block-columns is-layout-flex wp-container-core-columns-is-layout-8f761849 wp-block-columns-is-layout-flex\">\n<div class=\"wp-block-column is-layout-flow wp-block-column-is-layout-flow\" style=\"flex-basis:33.33%\">\n<figure class=\"wp-block-image size-large\"><img decoding=\"async\" src=\"https:\/\/bibliotecalbc.files.wordpress.com\/2019\/02\/screenshot_2019-02-26-22-56-34-574_com1233102732.png?w=504\" alt=\"\"\/><\/figure>\n<\/div>\n\n\n\n<div class=\"wp-block-column is-layout-flow wp-block-column-is-layout-flow\" style=\"flex-basis:66.66%\">\n<p class=\"wp-block-paragraph\">1941, en Montevideo, Uruguay, nace la escritora <strong>Cristina Peri Rossi<\/strong> (1941). Poeta, narradora, articulista y cr\u00edtica, su obra se destaca por la exploraci\u00f3n audaz de formas y estilos literarios, y por el abordaje sin tapujos del erotismo. Desde 1972 vive en Barcelona, donde lleg\u00f3 exiliada. Para Peri Rossi, el lenguaje \u201ces peligro, es erotismo, es el roce, m\u00e1s nunca la consecuci\u00f3n definitiva de la idea\u201d. Sus libros m\u00e1s conocidos son&nbsp;La Nave de los Locos&nbsp;(1984);&nbsp;Desastres \u00cdntimos&nbsp;(1997) y&nbsp;El Amor es una Droga Dura&nbsp;(1999).<\/p>\n<\/div>\n<\/div>\n\n\n\n<div class=\"wp-block-columns is-layout-flex wp-container-core-columns-is-layout-8f761849 wp-block-columns-is-layout-flex\">\n<div class=\"wp-block-column is-layout-flow wp-block-column-is-layout-flow\" style=\"flex-basis:33.33%\">\n<figure class=\"wp-block-image size-large\"><img loading=\"lazy\" decoding=\"async\" width=\"220\" height=\"293\" src=\"https:\/\/redsemlac.com\/semmexico\/wp-content\/uploads\/2020\/10\/12-NOV-ELISA-ACUNA-Y-ROSETE.jpg\" alt=\"\" class=\"wp-image-28033\"\/><\/figure>\n<\/div>\n\n\n\n<div class=\"wp-block-column is-layout-flow wp-block-column-is-layout-flow\" style=\"flex-basis:66.66%\">\n<p class=\"wp-block-paragraph\">1946, muri\u00f3 en la Ciudad de M\u00e9xico<strong> Eliza Acu\u00f1a y Rossetti<\/strong>, maestra y periodista. En el Partido Liberal Mexicano fue una actora destacada en las definiciones. Presa en Bel\u00e9m por su oposici\u00f3n sistem\u00e1tica al gobierno de Porfirio D\u00edaz, perteneci\u00f3 al Club Liberal Ponciano Arriaga. En el PLM conoci\u00f3 a Juana B. Guti\u00e9rrez de Mendoza y en prisi\u00f3n a Dolores Jim\u00e9nez y Muro, las tres formaron la organizaci\u00f3n Las Hijas de Cuauht\u00e9moc que demand\u00f3 a Madero \u201clos derechos pol\u00edticos de las mujeres\u201d. De igual forma las tres crearon el grupo Las Hijas de An\u00e1huac para demandar los derechos laborales de las mexicanas. Despu\u00e9s de la revoluci\u00f3n sigui\u00f3 luchando por los derechos de las mexicanas. Naci\u00f3 en Mineral del Monte un 8 de octubre de 1887. Fund\u00f3 su propio peri\u00f3dico Fiat Lux y colabor\u00f3 en V\u00e9sper, la Voz de Ju\u00e1rez, Guillotina y otros.&nbsp; Su nombre fue inscrito en el Muro de Honor del Congreso legislativo de Hidalgo el pasado 10 de marzo de 2020.<\/p>\n<\/div>\n<\/div>\n\n\n\n<p class=\"wp-block-paragraph\"><strong>1951<\/strong>, nace en Tepic, Nayarit, <strong>Leticia Montes Rodr\u00edguez<\/strong>. Maestra rural, militante de izquierda. Integrante desde 1981 de la Uni\u00f3n Nacional de Mujeres, de la que fue tres veces presidenta (1988, 1994 y 2001). Integrante del SNTE. En 1991 fue candidata a diputada por el PRD en Ecatepec. Hoy en d\u00eda sigue activa en la UNMM. Organiza la primera instituci\u00f3n de atenci\u00f3n a hijos e hijas de mujeres sexoservidoras de la zona de la Merced, en la Ciudad de M\u00e9xico.<\/p>\n\n\n\n<div class=\"wp-block-columns is-layout-flex wp-container-core-columns-is-layout-8f761849 wp-block-columns-is-layout-flex\">\n<div class=\"wp-block-column is-layout-flow wp-block-column-is-layout-flow\" style=\"flex-basis:33.33%\">\n<figure class=\"wp-block-image size-large\"><img loading=\"lazy\" decoding=\"async\" width=\"295\" height=\"295\" src=\"https:\/\/redsemlac.com\/semmexico\/wp-content\/uploads\/2020\/10\/12-nov-Aida-Seif-El-Dawla.jpg\" alt=\"\" class=\"wp-image-28034\"\/><\/figure>\n<\/div>\n\n\n\n<div class=\"wp-block-column is-layout-flow wp-block-column-is-layout-flow\" style=\"flex-basis:66.66%\">\n<p class=\"wp-block-paragraph\">2003, la m\u00e9dica egipcia <strong>Aida Seif El Dawla<\/strong>, recibe el premio anual de Human Rights Watch, organizaci\u00f3n que defiende los derechos humanos en el mundo. La activista fue reconocida por su lucha en contra de las leyes opresoras del fundamentalismo religioso sobre las mujeres egipcias y del Medio Oriente. En 1984 fund\u00f3 el Centro de Investigaci\u00f3n sobre la Nueva Mujer. Ha trabajado contra la mutilaci\u00f3n genital femenina. Apoy\u00f3 la fundaci\u00f3n del Centro El Nadim para la Rehabilitaci\u00f3n Psicol\u00f3gica de V\u00edctimas de Violencia, primera en su tipo en Egipto. Ha sido presidenta de la Asociaci\u00f3n Egipcia contra la Tortura, del que tambi\u00e9n es cofundadora.<\/p>\n<\/div>\n<\/div>\n\n\n\n<p class=\"wp-block-paragraph\"><strong>1987,<\/strong> la bi\u00f3loga <strong>Gabriela Guerrero Oliveros<\/strong>, present\u00f3 en la C\u00e1mara de Diputados, una propuesta denominada \u201cUn d\u00eda sin auto\u201d, para combatir la contaminaci\u00f3n ambiental. Egresada del IPN y experta en radiois\u00f3topos por la Universidad de California. Diputada Federal en las Legislaturas LI y LIII. En diciembre de 1986 present\u00f3 una iniciativa de reformas y adiciones a la Ley General de Normas, Pesas y Medidas que fue incorporada \u00edntegramente en la Ley Federal sobre Metrolog\u00eda y Normalizaci\u00f3n que dio lugar al Centro Nacional de Metrolog\u00eda y a la integraci\u00f3n de los sistemas nacionales de calibraci\u00f3n y de normalizaci\u00f3n del pa\u00eds. Naci\u00f3 en la Ciudad de M\u00e9xico en 1939.<\/p>\n\n\n\n<div class=\"wp-block-columns is-layout-flex wp-container-core-columns-is-layout-8f761849 wp-block-columns-is-layout-flex\">\n<div class=\"wp-block-column is-layout-flow wp-block-column-is-layout-flow\" style=\"flex-basis:33.33%\">\n<figure class=\"wp-block-image size-large\"><img loading=\"lazy\" decoding=\"async\" width=\"600\" height=\"400\" src=\"https:\/\/redsemlac.com\/semmexico\/wp-content\/uploads\/2020\/10\/12-NOV-Mari\u0301a_Lagunes.jpg\" alt=\"\" class=\"wp-image-28035\"\/><\/figure>\n<\/div>\n\n\n\n<div class=\"wp-block-column is-layout-flow wp-block-column-is-layout-flow\" style=\"flex-basis:66.66%\">\n<p class=\"wp-block-paragraph\">2010 se realiza la exposici\u00f3n individual en el Museo de Arte Moderno de <strong>Mar\u00eda Lagunes<\/strong>: \u201cVolumen Develado\u201d. Pintora representativa de la segunda mitad del siglo XX. Realiz\u00f3 el Monumento a Rosario Castellanos en Chapultepec. Naci\u00f3 en Hacienda de Angostillo, Veracruz en 1922.<\/p>\n<\/div>\n<\/div>\n\n\n\n<h1 class=\"wp-block-heading\">13<\/h1>\n\n\n\n<div class=\"wp-block-columns is-layout-flex wp-container-core-columns-is-layout-8f761849 wp-block-columns-is-layout-flex\">\n<div class=\"wp-block-column is-layout-flow wp-block-column-is-layout-flow\" style=\"flex-basis:33.33%\">\n<figure class=\"wp-block-image size-large\"><img loading=\"lazy\" decoding=\"async\" width=\"471\" height=\"578\" src=\"https:\/\/redsemlac.com\/semmexico\/wp-content\/uploads\/2020\/10\/13-nov-Dorothea-Christiane-Leporin.jpg\" alt=\"\" class=\"wp-image-28036\"\/><\/figure>\n<\/div>\n\n\n\n<div class=\"wp-block-column is-layout-flow wp-block-column-is-layout-flow\" style=\"flex-basis:66.66%\">\n<p class=\"wp-block-paragraph\">1715, nace <strong>Dorothea Christiane Leporin<\/strong>. Obtuvo un doctorado en medicina y se convirti\u00f3 en la primera alemana en obtener ese grado en la Universidad de Halle en 1754. En 1742 publica un Tratado argumentando que la mujer deber\u00eda poder acceder a la universidad. Despu\u00e9s de ser admitida para el estudio por una Dispensa de Federico el Grande. Recibe su M.D. de la Universidad de Halle en 1754. Analiza los obst\u00e1culos que impiden a la mujer a estudiar, ser ama de casa y la familia. Ampli\u00f3 sus conocimientos con la pr\u00e1ctica de medicina, causando m\u00e1s envidia y censura entre sus colegas, por ejercer la medicina sin licencia. Despu\u00e9s de su graduaci\u00f3n ejerci\u00f3 la medicina entre pacientes del sexo femenino y ni\u00f1os. M\u00e1s de 100 a\u00f1os despu\u00e9s de la muerte comenzaron a realizarse ex\u00e1menes a las mujeres en la Universidad de medicina, odontolog\u00eda y farmacia. La siguiente doctora se gradu\u00f3 en la Universidad de Halle en 1901. Muri\u00f3 el 13 de junio de 1762.<\/p>\n<\/div>\n<\/div>\n\n\n\n<div class=\"wp-block-columns is-layout-flex wp-container-core-columns-is-layout-8f761849 wp-block-columns-is-layout-flex\">\n<div class=\"wp-block-column is-layout-flow wp-block-column-is-layout-flow\" style=\"flex-basis:33.33%\">\n<figure class=\"wp-block-image size-large\"><img loading=\"lazy\" decoding=\"async\" width=\"512\" height=\"223\" src=\"https:\/\/redsemlac.com\/semmexico\/wp-content\/uploads\/2020\/10\/13-nov-Guillermina-Bravo.png\" alt=\"\" class=\"wp-image-28037\"\/><\/figure>\n<\/div>\n\n\n\n<div class=\"wp-block-column is-layout-flow wp-block-column-is-layout-flow\" style=\"flex-basis:66.66%\">\n<p class=\"wp-block-paragraph\">1920, nace en Chacaltianguis, Veracruz, <strong>Guillermina Bravo<\/strong>, considerada el pilar de la danza contempor\u00e1nea en M\u00e9xico. Fund\u00f3 y codirigi\u00f3 la Academia de Danza Mexicana y el Ballet Nacional de M\u00e9xico. Recibi\u00f3 el Premio Nacional de Ciencias y Artes en el \u00e1rea de Bellas Artes en 1979. Falleci\u00f3 en Santiago de Quer\u00e9taro, el 6 de noviembre de 2013.<\/p>\n<\/div>\n<\/div>\n\n\n\n<p class=\"wp-block-paragraph\"><strong>1954<\/strong>, se decret\u00f3 el derecho de las mujeres del estado de Hidalgo para votar en todos los cargos y ser electas. Lleg\u00f3 a la Presidencia Municipal de Malango, <strong>Galdida Vite Velasco<\/strong>, maestra y activista del campo. Nueve a\u00f1os despu\u00e9s llegar\u00eda a ser la primera diputada local en ese estado.<\/p>\n\n\n\n<div class=\"wp-block-columns is-layout-flex wp-container-core-columns-is-layout-8f761849 wp-block-columns-is-layout-flex\">\n<div class=\"wp-block-column is-layout-flow wp-block-column-is-layout-flow\" style=\"flex-basis:33.33%\">\n<figure class=\"wp-block-image size-large\"><img loading=\"lazy\" decoding=\"async\" width=\"128\" height=\"128\" src=\"https:\/\/redsemlac.com\/semmexico\/wp-content\/uploads\/2020\/10\/13-NOV-Guadalupe_Sanchez-Olivares.jpg\" alt=\"\" class=\"wp-image-28038\"\/><\/figure>\n<\/div>\n\n\n\n<div class=\"wp-block-column is-layout-flow wp-block-column-is-layout-flow\" style=\"flex-basis:66.66%\">\n<p class=\"wp-block-paragraph\">1969, naci\u00f3 en Joya Chica, Veracruz, <strong>Mar\u00eda Guadalupe S\u00e1nchez Olivares<\/strong>, doctora en ingenier\u00eda qu\u00edmica. Cient\u00edfica que investiga sobre el comportamiento ante el fuego, de materiales polim\u00e9ricos. Cre\u00f3 materiales reciclados con propiedades retardantes a la flama, que podr\u00edan emplearse en art\u00edculos de uso cotidiano como muebles y vigas. Es investigadora del Centro de Innovaci\u00f3n Aplicada en Tecnolog\u00edas Competitivas de Le\u00f3n, Guanajuato.<\/p>\n<\/div>\n<\/div>\n\n\n\n<p class=\"wp-block-paragraph\"><strong>1970<\/strong>, la maestra <strong>Rita Medina Alcocer<\/strong> fue electa diputada local por el IV distrito de la ciudad de M\u00e9rida. Su suplente fue Margarita Cocom Mart\u00ednez.<\/p>\n\n\n\n<div class=\"wp-block-columns is-layout-flex wp-container-core-columns-is-layout-8f761849 wp-block-columns-is-layout-flex\">\n<div class=\"wp-block-column is-layout-flow wp-block-column-is-layout-flow\" style=\"flex-basis:33.33%\">\n<figure class=\"wp-block-image size-large\"><img loading=\"lazy\" decoding=\"async\" width=\"185\" height=\"273\" src=\"https:\/\/redsemlac.com\/semmexico\/wp-content\/uploads\/2020\/10\/13-NOV-Rosalyn-Susman-Yalow.jpg\" alt=\"\" class=\"wp-image-28039\"\/><\/figure>\n<\/div>\n\n\n\n<div class=\"wp-block-column is-layout-flow wp-block-column-is-layout-flow\" style=\"flex-basis:66.66%\">\n<p class=\"wp-block-paragraph\">1977, la cient\u00edfica estadounidense <strong>Rosalyn Susman Yalow<\/strong> comparte el Premio Nobel de Fisiolog\u00eda y Medicina 1977 con el cient\u00edfico Solomon Beron, con quien hab\u00eda formado un equipo interdisciplinario de investigaci\u00f3n en 1950. Este equipo trabaj\u00f3 durante los siguientes 22 a\u00f1os en lograr una t\u00e9cnica que revolucion\u00f3 la endocrinolog\u00eda denominada radio Inmuno ensayo (RIA), la que en la actualidad se usa en el tratamiento de des\u00f3rdenes hormonales. RIA ha sido utilizada para detectar el virus de hepatitis en bancos de sangre. Naci\u00f3 en El Bronx, Nueva York, EE.UU. el 19 de julio de 1921. Muri\u00f3 el 30 de mayo de 2011.<\/p>\n<\/div>\n<\/div>\n\n\n\n<p class=\"wp-block-paragraph\"><strong>1981<\/strong>, se funda el Grupo de autoconciencia y autoayuda <strong>Madres Libertarias<\/strong>, integrado por un grupo de mujeres que habr\u00e1n de colaborar en la resoluci\u00f3n del conflicto de pago de alimentos en caso de divorcio; en la definici\u00f3n judicial de la patria potestad. Grupo pionero en la discusi\u00f3n cr\u00edtica, sobre si la maternidad es \u00fanico destino de las mujeres. Se integra por Beatriz L\u00f3pez Rosado, Rosario Aguirre, Mar\u00eda Eugenia Ch\u00e1vez y Yolanda Ledezma.<\/p>\n\n\n\n<p class=\"wp-block-paragraph\"><strong>2001<\/strong>, la investigadora chilena <strong>Nelly Chang<\/strong> recibe el premio Amanda Labarca 2001, por su importante contribuci\u00f3n en el campo acad\u00e9mico y al desarrollo y mejoramiento de la obstetricia en Chile. Directora de la carrera de Obstetricia y Puericultura de la Facultad de Medicina de la Universidad de Chile. Gracias a su aporte, se moderniz\u00f3 y mejor\u00f3 el curr\u00edculo de la Escuela de Obstetricia y Puericultura otorg\u00e1ndole un grado acad\u00e9mico. La Escuela adquiri\u00f3 un nivel de liderazgo como centro de formaci\u00f3n importante. Chang ha liderado cursos de capacitaci\u00f3n para profesionales en esta \u00e1rea en Per\u00fa, Paraguay, Uruguay y Argentina.<\/p>\n\n\n\n<h1 class=\"wp-block-heading\">14<\/h1>\n\n\n\n<div class=\"wp-block-columns is-layout-flex wp-container-core-columns-is-layout-8f761849 wp-block-columns-is-layout-flex\">\n<div class=\"wp-block-column is-layout-flow wp-block-column-is-layout-flow\" style=\"flex-basis:33.33%\">\n<figure class=\"wp-block-image size-large\"><img loading=\"lazy\" decoding=\"async\" width=\"259\" height=\"194\" src=\"https:\/\/redsemlac.com\/semmexico\/wp-content\/uploads\/2020\/10\/14-NOV-FLORA-TRISTAN.jpg\" alt=\"\" class=\"wp-image-28040\"\/><\/figure>\n<\/div>\n\n\n\n<div class=\"wp-block-column is-layout-flow wp-block-column-is-layout-flow\" style=\"flex-basis:66.66%\">\n<p class=\"wp-block-paragraph\">1844, en Burdeos, fallece <strong>Flora Trist\u00e1n<\/strong>. Su nombre completo es Flora C\u00e9lestine Th\u00e9rese Henriette Trist\u00e1n y Moscoso Lesnais. Revolucionaria socialista y feminista francesa, postul\u00f3 la organizaci\u00f3n de los trabajadores, adelant\u00e1ndose a las ideas de Marx y Engels. Lig\u00f3 la liberaci\u00f3n de las mujeres a la de la clase trabajadora. Sus libros&nbsp;Paseos en Londres&nbsp;(1840) y&nbsp;La Uni\u00f3n Obrera&nbsp;(1843), son un alegato cr\u00edtico a las condiciones de esclavitud en las f\u00e1bricas. Naci\u00f3 en Par\u00eds un 7 de abril de 1803.<\/p>\n<\/div>\n<\/div>\n\n\n\n<div class=\"wp-block-columns is-layout-flex wp-container-core-columns-is-layout-8f761849 wp-block-columns-is-layout-flex\">\n<div class=\"wp-block-column is-layout-flow wp-block-column-is-layout-flow\" style=\"flex-basis:33.33%\">\n<figure class=\"wp-block-image size-large\"><img loading=\"lazy\" decoding=\"async\" width=\"340\" height=\"305\" src=\"https:\/\/redsemlac.com\/semmexico\/wp-content\/uploads\/2020\/10\/14-NOV-Concha-Zardoya-Gonzalez.jpg\" alt=\"\" class=\"wp-image-28041\"\/><\/figure>\n<\/div>\n\n\n\n<div class=\"wp-block-column is-layout-flow wp-block-column-is-layout-flow\" style=\"flex-basis:66.66%\">\n<p class=\"wp-block-paragraph\">1914, nace en Valpara\u00edso, Chile, <strong>Concha Zardoya Gonz\u00e1lez<\/strong>. Narradora y poeta, tiene un lugar muy importante dentro de las letras espa\u00f1olas. A los 17 a\u00f1os se traslada a vivir a Espa\u00f1a donde realiza toda su carrera literaria. En 1948 se radica en Estados Unidos, impartiendo clases de Literatura Espa\u00f1ola en la Universidad de Illinois, as\u00ed como en las universidades de Tulane, California, Yale, entre otras. Regresa definitivamente a Espa\u00f1a en 1977. En 1955 obtiene el Premio Bosc\u00e1n de Poes\u00eda, en 1975 el premio Caf\u00e9 Marfil, y en 1988 el Premio Prometeo. Muri\u00f3 en Madrid el 21 de abril de 2004.<\/p>\n<\/div>\n<\/div>\n\n\n\n<div class=\"wp-block-columns is-layout-flex wp-container-core-columns-is-layout-8f761849 wp-block-columns-is-layout-flex\">\n<div class=\"wp-block-column is-layout-flow wp-block-column-is-layout-flow\" style=\"flex-basis:33.33%\">\n<figure class=\"wp-block-image size-large\"><img loading=\"lazy\" decoding=\"async\" width=\"620\" height=\"400\" src=\"https:\/\/redsemlac.com\/semmexico\/wp-content\/uploads\/2020\/10\/14-NOV-Leonor-Aida-Concha.jpg\" alt=\"\" class=\"wp-image-28042\"\/><\/figure>\n<\/div>\n\n\n\n<div class=\"wp-block-column is-layout-flow wp-block-column-is-layout-flow\" style=\"flex-basis:66.66%\">\n<p class=\"wp-block-paragraph\">1933, nace en la ciudad de Chihuahua, <strong>Leonor A\u00edda Concha<\/strong>, monja feminista, quien fund\u00f3 la organizaci\u00f3n Mujeres para el Di\u00e1logo (1979), as\u00ed como la Red Nacional G\u00e9nero y Econom\u00eda (REDGE) y el Comit\u00e9 de Mujeres de la Alianza Social Continental. Impuls\u00f3 la realizaci\u00f3n de un foro internacional sobre los Acuerdos Comerciales y su Impacto en las Mujeres, en Canc\u00fan, paralelo a la Cumbre de Ministros de la Organizaci\u00f3n Mundial de Comercio (OMC). Fue coordinadora de la Red Latinoamericana de Mujeres Transformando la Econom\u00eda.<\/p>\n<\/div>\n<\/div>\n\n\n\n<p class=\"wp-block-paragraph\"><strong>2002<\/strong>, se constituy\u00f3 la Comisi\u00f3n de Equidad y G\u00e9nero del Congreso del estado de Morelos.<\/p>\n\n\n\n<div class=\"wp-block-columns is-layout-flex wp-container-core-columns-is-layout-8f761849 wp-block-columns-is-layout-flex\">\n<div class=\"wp-block-column is-layout-flow wp-block-column-is-layout-flow\" style=\"flex-basis:33.33%\">\n<figure class=\"wp-block-image size-large\"><img loading=\"lazy\" decoding=\"async\" width=\"321\" height=\"157\" src=\"https:\/\/redsemlac.com\/semmexico\/wp-content\/uploads\/2020\/10\/14-NOV-Zoila-Aurora-Caceres.jpg\" alt=\"\" class=\"wp-image-28043\"\/><\/figure>\n<\/div>\n\n\n\n<div class=\"wp-block-column is-layout-flow wp-block-column-is-layout-flow\" style=\"flex-basis:66.66%\">\n<p class=\"wp-block-paragraph\">1958, fallece, en Madrid, <strong>Zoila Aurora C\u00e1ceres<\/strong>. Escritora, periodista e impulsora del sufragio femenino en el Per\u00fa, es considerada una precursora de los derechos de las mujeres. En 1905 fund\u00f3 en Lima el Centro Social de Se\u00f1oras para impulsar la educaci\u00f3n femenina. Ofreci\u00f3 una serie de conferencias sobre la condici\u00f3n de las trabajadoras en 1911. En 1924 fund\u00f3 la agrupaci\u00f3n Feminismo Peruano para luchar por el voto para las mujeres. Nace en Lima el 29 de marzo de 1877.<\/p>\n<\/div>\n<\/div>\n\n\n\n<div class=\"wp-block-columns is-layout-flex wp-container-core-columns-is-layout-8f761849 wp-block-columns-is-layout-flex\">\n<div class=\"wp-block-column is-layout-flow wp-block-column-is-layout-flow\" style=\"flex-basis:33.33%\">\n<figure class=\"wp-block-image size-large\"><img decoding=\"async\" src=\"https:\/\/redsemlac.com\/semmexico\/wp-content\/uploads\/2020\/10\/14-NOV-Dra.-Leticia-Torres-M.-Guerra_1-1024x768.jpg\" alt=\"\" class=\"wp-image-28044\"\/><figcaption>rbt<\/figcaption><\/figure>\n<\/div>\n\n\n\n<div class=\"wp-block-column is-layout-flow wp-block-column-is-layout-flow\" style=\"flex-basis:66.66%\">\n<p class=\"wp-block-paragraph\">2007, concluy\u00f3 la S\u00e9ptima Conferencia del Pac\u00edfico sobre Tecnolog\u00eda en Cer\u00e1mica y Vidrio, realizada en Shangh\u00e1i, China, a la que asisti\u00f3 como experta invitada por M\u00e9xico, <strong>Leticia Miryam Torres Guerra<\/strong>. Premio Nacional de Ciencias y Artes 2018. Especialista en el desarrollo de materiales avanzados para sistemas de energ\u00eda renovable y descontaminaci\u00f3n ambiental sustentable, y en la s\u00edntesis y caracterizaci\u00f3n de materiales funcionales para la industria y el desarrollo de materiales semiconductores para su uso en fotocat\u00e1lisis ambiental. Coordinadora y Responsable de la Red Nacional de Ecomateriales; fund\u00f3 el Centro de Investigaci\u00f3n y Desarrollo de Materiales Cer\u00e1micos (CIDEMAC) de la Facultad de Ciencias Qu\u00edmicas (UANL) y dirige el Departamento de Ecomateriales y Energ\u00eda de la UANL. Ha impulsado m\u00e1s de 27 innovaciones y desarrollos tecnol\u00f3gicos, liderado siete grupos de investigaci\u00f3n y tres redes cient\u00edficas nacionales. Naci\u00f3 en Monterrey, Nuevo Le\u00f3n, el 9 de septiembre de 1955.<\/p>\n<\/div>\n<\/div>\n\n\n\n<h1 class=\"wp-block-heading\">15<\/h1>\n\n\n\n<div class=\"wp-block-columns is-layout-flex wp-container-core-columns-is-layout-8f761849 wp-block-columns-is-layout-flex\">\n<div class=\"wp-block-column is-layout-flow wp-block-column-is-layout-flow\" style=\"flex-basis:33.33%\">\n<figure class=\"wp-block-image size-large\"><img loading=\"lazy\" decoding=\"async\" width=\"291\" height=\"173\" src=\"https:\/\/redsemlac.com\/semmexico\/wp-content\/uploads\/2020\/10\/15-NOV-Gloria-Contreras.jpg\" alt=\"\" class=\"wp-image-28045\"\/><\/figure>\n<\/div>\n\n\n\n<div class=\"wp-block-column is-layout-flow wp-block-column-is-layout-flow\" style=\"flex-basis:66.66%\">\n<p class=\"wp-block-paragraph\">1934, nace en la Ciudad de M\u00e9xico <strong>Gloria Contreras<\/strong>, bailarina y core\u00f3grafa, fundadora en 1970 del Taller Coreogr\u00e1fico de la UNAM. Recibi\u00f3 diversos premios entre ellos la medalla \u201cUna Vida en la Danza\u201d otorgada por el Instituto Nacional de Bellas Artes en 1985 y en 1989, Premio Nacional de Ciencias y Artes 2005. Muri\u00f3 el 25 de noviembre de 2015.<\/p>\n<\/div>\n<\/div>\n\n\n\n<div class=\"wp-block-columns is-layout-flex wp-container-core-columns-is-layout-8f761849 wp-block-columns-is-layout-flex\">\n<div class=\"wp-block-column is-layout-flow wp-block-column-is-layout-flow\" style=\"flex-basis:33.33%\">\n<figure class=\"wp-block-image size-large\"><img loading=\"lazy\" decoding=\"async\" width=\"224\" height=\"145\" src=\"https:\/\/redsemlac.com\/semmexico\/wp-content\/uploads\/2020\/10\/15-nov-Huelga-de-Guayaquil.jpg\" alt=\"\" class=\"wp-image-28047\"\/><\/figure>\n<\/div>\n\n\n\n<div class=\"wp-block-column is-layout-flow wp-block-column-is-layout-flow\" style=\"flex-basis:66.66%\">\n<p class=\"wp-block-paragraph\"><strong>1922<\/strong>, <strong>los grupos de mujeres Aurora y Rosa Luxemburgo<\/strong> tienen una activa participaci\u00f3n en la huelga general de trabajadores en Guayaquil. Por su parte, Tomasa Garc\u00e9s, esposa de un dirigente ferroviario, se acuesta con sus tres hijos delante de una locomotora, para evitar que la huelga se rompa e incita a los hombres a seguir su ejemplo.<\/p>\n<\/div>\n<\/div>\n\n\n\n<div class=\"wp-block-columns is-layout-flex wp-container-core-columns-is-layout-8f761849 wp-block-columns-is-layout-flex\">\n<div class=\"wp-block-column is-layout-flow wp-block-column-is-layout-flow\" style=\"flex-basis:33.33%\">\n<figure class=\"wp-block-image size-large\"><img loading=\"lazy\" decoding=\"async\" width=\"440\" height=\"330\" src=\"https:\/\/redsemlac.com\/semmexico\/wp-content\/uploads\/2020\/10\/15-NOV-Margaret-Mead.jpg\" alt=\"\" class=\"wp-image-28046\"\/><\/figure>\n<\/div>\n\n\n\n<div class=\"wp-block-column is-layout-flow wp-block-column-is-layout-flow\" style=\"flex-basis:66.66%\">\n<p class=\"wp-block-paragraph\">1978, fallece en Nueva York, <strong>Margaret Mead<\/strong>. Nacida en Filadelfia, Estados Unidos, un 16 de diciembre de 1901, esta antrop\u00f3loga hizo un aporte fundamental sobre el comportamiento en las sociedades primitivas, en particular sobre el temperamento y el sexo. Tambi\u00e9n estudi\u00f3 los h\u00e1bitos de la sociedad estadounidense moderna. En 1928, su primer trabajo <em>Coming of Age in Samoa <\/em>se convirti\u00f3 en un verdadero best-seller. En 1971 fue galardonada con el premio Kalinga, por sus contribuciones al campo de la etnolog\u00eda.<\/p>\n<\/div>\n<\/div>\n\n\n\n<h1 class=\"wp-block-heading\">16<\/h1>\n\n\n\n<div class=\"wp-block-columns is-layout-flex wp-container-core-columns-is-layout-8f761849 wp-block-columns-is-layout-flex\">\n<div class=\"wp-block-column is-layout-flow wp-block-column-is-layout-flow\" style=\"flex-basis:33.33%\">\n<figure class=\"wp-block-image size-large\"><img loading=\"lazy\" decoding=\"async\" width=\"194\" height=\"260\" src=\"https:\/\/redsemlac.com\/semmexico\/wp-content\/uploads\/2020\/10\/16-NOV-Lidia-Gueiler.jpg\" alt=\"\" class=\"wp-image-28048\"\/><\/figure>\n<\/div>\n\n\n\n<div class=\"wp-block-column is-layout-flow wp-block-column-is-layout-flow\" style=\"flex-basis:66.66%\">\n<p class=\"wp-block-paragraph\">1979, <strong>Lidia Gueiler Tejada<\/strong> asume en forma interina la Presidencia de Bolivia, cargo que ocup\u00f3 hasta ser derrocada por un golpe de Estado en 1980. Particip\u00f3 en la revoluci\u00f3n de 1952 y milit\u00f3 en el Movimiento Nacional Revolucionario. En 1964 fund\u00f3 el Partido Revolucionario de Izquierda Nacional. Naci\u00f3 en Cochabamba el 28 de agosto de 1921 y muri\u00f3 el 9 de mayo de 2011.<\/p>\n<\/div>\n<\/div>\n\n\n\n<p class=\"wp-block-paragraph\">1996, <strong>D\u00eda Internacional para la Tolerancia<\/strong>, adoptado por la Asamblea General de ONU en 1995, a\u00f1o que se llev\u00f3 a cabo una campa\u00f1a mundial en favor de la tolerancia y la no violencia.<\/p>\n\n\n\n<div class=\"wp-block-columns is-layout-flex wp-container-core-columns-is-layout-8f761849 wp-block-columns-is-layout-flex\">\n<div class=\"wp-block-column is-layout-flow wp-block-column-is-layout-flow\" style=\"flex-basis:33.33%\">\n<figure class=\"wp-block-image size-large\"><img decoding=\"async\" src=\"https:\/\/redsemlac.com\/semmexico\/wp-content\/uploads\/2020\/10\/16-nov-sentencia-de-campo-algodonero-1024x576.jpg\" alt=\"\" class=\"wp-image-28049\"\/><\/figure>\n<\/div>\n\n\n\n<div class=\"wp-block-column is-layout-flow wp-block-column-is-layout-flow\" style=\"flex-basis:66.66%\">\n<p class=\"wp-block-paragraph\">2009, la Corte Interamericana de Derechos Humanos publica la <strong>sentencia<\/strong> conocida como <strong>Campo Algodonero<\/strong>, por el asesinato de mujeres en Ciudad Ju\u00e1rez, Chihuahua. Es el primer caso en el que se investiga y resuelve a partir de la Convenci\u00f3n Interamericana de Bel\u00e9m do Par\u00e1; en el equipo que coadyuv\u00f3 en el caso particip\u00f3 la abogada Andrea Medina Rosas.<\/p>\n<\/div>\n<\/div>\n\n\n\n<h1 class=\"wp-block-heading\">17<\/h1>\n\n\n\n<div class=\"wp-block-columns is-layout-flex wp-container-core-columns-is-layout-8f761849 wp-block-columns-is-layout-flex\">\n<div class=\"wp-block-column is-layout-flow wp-block-column-is-layout-flow\" style=\"flex-basis:33.33%\">\n<figure class=\"wp-block-image size-large\"><img loading=\"lazy\" decoding=\"async\" width=\"310\" height=\"163\" src=\"https:\/\/redsemlac.com\/semmexico\/wp-content\/uploads\/2020\/10\/17-nov-Lola-Mora.jpg\" alt=\"\" class=\"wp-image-28050\"\/><\/figure>\n<\/div>\n\n\n\n<div class=\"wp-block-column is-layout-flow wp-block-column-is-layout-flow\" style=\"flex-basis:66.66%\">\n<p class=\"wp-block-paragraph\">1866, nace en Buenos Aires, la escultora <strong>Lola Mora<\/strong> \u2013Dolores Candelaria Mora Vega de Hern\u00e1ndez- figura emblem\u00e1tica en la historia de las artes pl\u00e1sticas de Argentina. Su obra estuvo envuelta en el esc\u00e1ndalo y la censura. Realiz\u00f3 gran parte de \u00e9sta en Italia, donde lleg\u00f3 con una beca en 1897. Ese fue el per\u00edodo de mayor productividad empezando a recibir encargos de Italia y Argentina. Es autora de la c\u00e9lebre Fuente de las Nereidas, inaugurada en 1931 en medio de gran pol\u00e9mica debido a que sus figuras est\u00e1n desnudas. Esto provoc\u00f3 un gran esc\u00e1ndalo en la poblaci\u00f3n bonaerense, la que rechaz\u00f3 la colocaci\u00f3n de la fuente en la Plaza de Mayo. Hoy a este monumento se le conoce como la Fuente de Lola Mora. Muri\u00f3 en Buenos Aires el 7 de junio de 1936.<\/p>\n<\/div>\n<\/div>\n\n\n\n<div class=\"wp-block-columns is-layout-flex wp-container-core-columns-is-layout-8f761849 wp-block-columns-is-layout-flex\">\n<div class=\"wp-block-column is-layout-flow wp-block-column-is-layout-flow\" style=\"flex-basis:33.33%\">\n<figure class=\"wp-block-image size-large\"><img loading=\"lazy\" decoding=\"async\" width=\"208\" height=\"242\" src=\"https:\/\/redsemlac.com\/semmexico\/wp-content\/uploads\/2020\/10\/17-nov-Carolina-Muzzilli.jpg\" alt=\"\" class=\"wp-image-28051\"\/><\/figure>\n<\/div>\n\n\n\n<div class=\"wp-block-column is-layout-flow wp-block-column-is-layout-flow\" style=\"flex-basis:66.66%\">\n<p class=\"wp-block-paragraph\">1889, nace en Buenos Aires, <strong>Carolina Muzzilli<\/strong>. Fue una destacada l\u00edder sindical y feminista. Obrera de confecciones, ingresa a los 17 a\u00f1os al Partido Socialista de Alfredo Palacios, quien le propone la tarea de organizar a las obreras. Con este objetivo escribe una serie de art\u00edculos en&nbsp;El Obrero Gr\u00e1fico&nbsp;sobre la condici\u00f3n de las trabajadoras. En 1903 impulsa la creaci\u00f3n de la Uni\u00f3n Gremial Femenina de tendencia socialista; al mismo tiempo funda el peri\u00f3dico&nbsp;Tribuna Femenina. Pertenece a una generaci\u00f3n de activistas sociales que, a comienzos del siglo XX, fue capaz de ligar las demandas espec\u00edficas de las mujeres obreras con las reivindicaciones feministas. Muri\u00f3 en Bialet Mass\u00e9 el 23 de marzo de 1917.<\/p>\n<\/div>\n<\/div>\n\n\n\n<div class=\"wp-block-columns is-layout-flex wp-container-core-columns-is-layout-8f761849 wp-block-columns-is-layout-flex\">\n<div class=\"wp-block-column is-layout-flow wp-block-column-is-layout-flow\" style=\"flex-basis:33.33%\">\n<figure class=\"wp-block-image size-large\"><img loading=\"lazy\" decoding=\"async\" width=\"204\" height=\"247\" src=\"https:\/\/redsemlac.com\/semmexico\/wp-content\/uploads\/2020\/10\/17-nov-Blanca-Elena-Jimenez-Cisneros.jpg\" alt=\"\" class=\"wp-image-28052\"\/><\/figure>\n<\/div>\n\n\n\n<div class=\"wp-block-column is-layout-flow wp-block-column-is-layout-flow\" style=\"flex-basis:66.66%\">\n<p class=\"wp-block-paragraph\">1958, naci\u00f3 en la Ciudad de M\u00e9xico, <strong>Blanca Elena Jim\u00e9nez Cisneros<\/strong>, ingeniera ambiental. Directora de la Divisi\u00f3n del Sector de Ciencias Naturales de la UNESCO. Por sus aportaciones y experiencia cient\u00edfica fue nombrada responsable del Programa Hidrol\u00f3gico Internacional. Sus trabajos de investigaci\u00f3n abordan el tratamiento de agua residual y de reuso. Tiene amplia experiencia en ciencias ambientales y geol\u00f3gicas, agua, cambio clim\u00e1tico y pol\u00edtica para la ciencia.<\/p>\n<\/div>\n<\/div>\n\n\n\n<p class=\"wp-block-paragraph\"><strong>1982<\/strong>, inicia el programa de radio <em>La Causa de las Mujeres<\/em> en Radio Educaci\u00f3n, fundado por Bertha Iriart, Sonia Riquer, Norma del Rivero y Luisa Fernanda Gonz\u00e1lez. Fue el primer espacio oficial de discusi\u00f3n sobre la condici\u00f3n femenina, como parte de la pol\u00edtica p\u00fablica mandatada por la Comisi\u00f3n Nacional de la Mujer que acababa de nacer en CONAPO.<\/p>\n\n\n\n<p class=\"wp-block-paragraph\"><strong>1997<\/strong>, se constituy\u00f3 la Comisi\u00f3n de Equidad y G\u00e9nero del Distrito Federal, hoy Ciudad de M\u00e9xico (CDMX).<\/p>\n\n\n\n<div class=\"wp-block-columns is-layout-flex wp-container-core-columns-is-layout-8f761849 wp-block-columns-is-layout-flex\">\n<div class=\"wp-block-column is-layout-flow wp-block-column-is-layout-flow\" style=\"flex-basis:33.33%\">\n<figure class=\"wp-block-image size-large\"><img loading=\"lazy\" decoding=\"async\" width=\"768\" height=\"1024\" src=\"https:\/\/redsemlac.com\/semmexico\/wp-content\/uploads\/2020\/10\/17-NOV-Doris-Lessing.jpg\" alt=\"\" class=\"wp-image-28053\"\/><\/figure>\n<\/div>\n\n\n\n<div class=\"wp-block-column is-layout-flow wp-block-column-is-layout-flow\" style=\"flex-basis:66.66%\">\n<p class=\"wp-block-paragraph\">2013, muere <strong>Doris Lessing<\/strong> en su residencia londinense a los 94 a\u00f1os. dedic\u00f3 gran parte de su obra al reconocimiento de la mujer como figura catalizadora en el acontecer vital, no s\u00f3lo en el ejercicio de la ficci\u00f3n sino en su vida misma. Ganadora del&nbsp;Premio Nobel de Literatura en 2007&nbsp;y del&nbsp;Pr\u00edncipe de Asturias en 2001. Pionera en el planteamiento feminista, sin dogmatismo. Naci\u00f3 en <a href=\"https:\/\/es.wikipedia.org\/wiki\/Kermanshah\">Kermanshah<\/a> el&nbsp;22 de octubre&nbsp;de&nbsp;1919.<\/p>\n<\/div>\n<\/div>\n\n\n\n<p class=\"wp-block-paragraph\"><strong>2017<\/strong>, se promulg\u00f3 la Ley General en Materia de Desaparici\u00f3n Forzada de Personas, Desaparici\u00f3n Cometida por Particulares y del Sistema Nacional de B\u00fasqueda de Personas. Con ella se crea el Mecanismo Nacional de B\u00fasqueda de Personas Desaparecidas.<\/p>\n\n\n\n<h1 class=\"wp-block-heading\">18<\/h1>\n\n\n\n<div class=\"wp-block-columns is-layout-flex wp-container-core-columns-is-layout-8f761849 wp-block-columns-is-layout-flex\">\n<div class=\"wp-block-column is-layout-flow wp-block-column-is-layout-flow\" style=\"flex-basis:33.33%\">\n<figure class=\"wp-block-image size-large\"><img loading=\"lazy\" decoding=\"async\" width=\"960\" height=\"540\" src=\"https:\/\/redsemlac.com\/semmexico\/wp-content\/uploads\/2020\/10\/18-NOV-Juana-Manuela-Gorriti.jpg\" alt=\"\" class=\"wp-image-28054\"\/><\/figure>\n<\/div>\n\n\n\n<div class=\"wp-block-column is-layout-flow wp-block-column-is-layout-flow\" style=\"flex-basis:66.66%\">\n<p class=\"wp-block-paragraph\">1877, la escritora y periodista <strong>Juana Manuela Gorriti<\/strong> funda, en Buenos Aires, el peri\u00f3dico&nbsp;<em>La Alborada&nbsp;del Plata<\/em> para difundir el trabajo literario y cultural de escritoras y escritores del continente. Naci\u00f3 en Rosario de la Frontera el 15 de junio de 1818. Su muerte qued\u00f3 registrada en Buenos Aires el 6 de noviembre de 1892.<\/p>\n<\/div>\n<\/div>\n\n\n\n<div class=\"wp-block-columns is-layout-flex wp-container-core-columns-is-layout-8f761849 wp-block-columns-is-layout-flex\">\n<div class=\"wp-block-column is-layout-flow wp-block-column-is-layout-flow\" style=\"flex-basis:33.33%\">\n<figure class=\"wp-block-image size-large\"><img decoding=\"async\" src=\"https:\/\/redsemlac.com\/semmexico\/wp-content\/uploads\/2020\/10\/18-NOV-Elvia-Carrillo-Puerto-603x1024.jpg\" alt=\"\" class=\"wp-image-28055\"\/><\/figure>\n<\/div>\n\n\n\n<div class=\"wp-block-column is-layout-flow wp-block-column-is-layout-flow\" style=\"flex-basis:66.66%\">\n<p class=\"wp-block-paragraph\">1923, <strong>Elvia Carrillo Puerto<\/strong> se convirti\u00f3, junto con <strong>Beatriz Peniche Barrera<\/strong> y <strong>Raquel Dzib Cicero<\/strong>, todas postuladas por el [[Partido Socialista del Sureste en las primeras mexicanas electas diputadas al Congreso de Yucat\u00e1n. Derrocado el gobernador Felipe Carrillo Puerto, en enero de 1924, las diputadas fueron despojadas de sus cargos.<\/p>\n<\/div>\n<\/div>\n\n\n\n<div class=\"wp-block-columns is-layout-flex wp-container-core-columns-is-layout-8f761849 wp-block-columns-is-layout-flex\">\n<div class=\"wp-block-column is-layout-flow wp-block-column-is-layout-flow\" style=\"flex-basis:33.33%\">\n<figure class=\"wp-block-image size-large\"><img decoding=\"async\" src=\"https:\/\/redsemlac.com\/semmexico\/wp-content\/uploads\/2020\/10\/18-NOV-margaret-atwood-1024x683.jpg\" alt=\"\" class=\"wp-image-28056\"\/><\/figure>\n<\/div>\n\n\n\n<div class=\"wp-block-column is-layout-flow wp-block-column-is-layout-flow\" style=\"flex-basis:66.66%\">\n<p class=\"wp-block-paragraph\">1940, nace en Ottawa, <strong>Margaret Atwood<\/strong> considerada la mejor escritora canadiense de lengua inglesa. Tiene adem\u00e1s un gran renombre a nivel internacional. Su extensa obra, que ha recibido varios premios, retrata la deshumanizaci\u00f3n de la vida canadiense y reivindica la causa feminista. Algunos de sus libros son <em>Los diarios de Susanna Melodie <\/em>(1970); <em>El Cuento de la Criada <\/em>(1985); <em>El Huevo de Barba Azul <\/em>(1983), entre otros.<\/p>\n<\/div>\n<\/div>\n\n\n\n<div class=\"wp-block-columns is-layout-flex wp-container-core-columns-is-layout-8f761849 wp-block-columns-is-layout-flex\">\n<div class=\"wp-block-column is-layout-flow wp-block-column-is-layout-flow\" style=\"flex-basis:33.33%\">\n<figure class=\"wp-block-image size-large\"><img loading=\"lazy\" decoding=\"async\" width=\"180\" height=\"252\" src=\"https:\/\/redsemlac.com\/semmexico\/wp-content\/uploads\/2020\/10\/18-NOV-ADRIANA-CONTRERAS.jpg\" alt=\"\" class=\"wp-image-28057\"\/><\/figure>\n<\/div>\n\n\n\n<div class=\"wp-block-column is-layout-flow wp-block-column-is-layout-flow\" style=\"flex-basis:66.66%\">\n<p class=\"wp-block-paragraph\">1953, nace en la Ciudad de M\u00e9xico <strong>Adriana Contreras<\/strong>, cineasta, estudi\u00f3 Artes Visuales en la Academia de San Carlos. Sus primeros cortometrajes en S\u00faper 8: <em>Un gesto social, El desayuno <\/em>y<em> La sagrada familia. <\/em>en 1981 realiz\u00f3 su primer largometraje&nbsp;<em>Naturaleza muerta<\/em>. Emigr\u00f3 a Uruguay (1986) en donde film\u00f3 su segundo largometraje&nbsp;<em>La nube de Magallanes<\/em>&nbsp;(1989).<\/p>\n<\/div>\n<\/div>\n\n\n\n<p class=\"wp-block-paragraph\"><strong>1956<\/strong>, nace en la Ciudad de M\u00e9xico <strong>Frinn\u00e9 L\u00f3pez Mart\u00ednez<\/strong>. Soci\u00f3loga, feminista y ecologista, particip\u00f3 en la Cumbre de la Tierra y ha impulsado las pol\u00edticas para recuperar las aguas residuales, la creaci\u00f3n de ecosistemas y las empresas de energ\u00edas limpias. Cre\u00f3 la Asociaci\u00f3n Espacio Aut\u00f3nomo (1998). Representante de la Red de Monitoreo del Agua.<\/p>\n\n\n\n<div class=\"wp-block-columns is-layout-flex wp-container-core-columns-is-layout-8f761849 wp-block-columns-is-layout-flex\">\n<div class=\"wp-block-column is-layout-flow wp-block-column-is-layout-flow\" style=\"flex-basis:33.33%\">\n<figure class=\"wp-block-image size-large\"><img loading=\"lazy\" decoding=\"async\" width=\"512\" height=\"384\" src=\"https:\/\/redsemlac.com\/semmexico\/wp-content\/uploads\/2020\/10\/18-NOV-Tatiana-Eugenievna-Klimova-Berestneva.jpg\" alt=\"\" class=\"wp-image-28058\"\/><\/figure>\n<\/div>\n\n\n\n<div class=\"wp-block-column is-layout-flow wp-block-column-is-layout-flow\" style=\"flex-basis:66.66%\">\n<p class=\"wp-block-paragraph\">2014, <strong>Tatiana Eugenievna Klimova Berestneva<\/strong>, recibi\u00f3 el Premio Universidad Nacional 2014, en el \u00e1rea de la docencia en Ciencias Exactas. Doctora en ciencias qu\u00edmicas, nacionalizada mexicana, fund\u00f3 el Laboratorio de Nanocat\u00e1lisis en la Facultad de Qu\u00edmica de la UNAM. Sus temas de investigaci\u00f3n versan sobre combustibles renovables, contaminaci\u00f3n ambiental y tratamiento adecuado de residuos.<\/p>\n<\/div>\n<\/div>\n\n\n\n<h1 class=\"wp-block-heading\">19<\/h1>\n\n\n\n<div class=\"wp-block-columns is-layout-flex wp-container-core-columns-is-layout-8f761849 wp-block-columns-is-layout-flex\">\n<div class=\"wp-block-column is-layout-flow wp-block-column-is-layout-flow\" style=\"flex-basis:33.33%\">\n<figure class=\"wp-block-image size-large\"><img loading=\"lazy\" decoding=\"async\" width=\"480\" height=\"360\" src=\"https:\/\/redsemlac.com\/semmexico\/wp-content\/uploads\/2020\/10\/19-nov-anabel-ochoa.jpg\" alt=\"\" class=\"wp-image-28059\"\/><\/figure>\n<\/div>\n\n\n\n<div class=\"wp-block-column is-layout-flow wp-block-column-is-layout-flow\" style=\"flex-basis:66.66%\">\n<p class=\"wp-block-paragraph\">2008, fallece <strong>Anabel Ochoa<\/strong>, comunicadora, escritora, sex\u00f3loga, psicoanalista y agn\u00f3stica. Pionera de la educaci\u00f3n de la sexualidad en la radio de M\u00e9xico. Revolucion\u00f3 el tema de la sexualidad a trav\u00e9s de su participaci\u00f3n en varios programas de televisi\u00f3n y de diversos espacios propios en la radio mexicana, caracteriz\u00e1ndose por su lenguaje directo y sin tapujos para abordar dichos temas. Marc\u00f3 un antes y un despu\u00e9s en la difusi\u00f3n de la educaci\u00f3n sexual mexicana, pasando as\u00ed de programas radiof\u00f3nicos nocturnos a transmisiones diurnas con repeticiones en diferentes estaciones, sumando as\u00ed nueve horas de programa diario, de las cuales tres horas eran en vivo y seis de repeticiones. Tambi\u00e9n fue colaboradora de diversos programas televisivos, entre los que destacan: Hoy, El Circo de Brozo, Con sello de mujer y Sexo en la ciudad, entre otros.<\/p>\n<\/div>\n<\/div>\n\n\n\n<div class=\"wp-block-columns is-layout-flex wp-container-core-columns-is-layout-8f761849 wp-block-columns-is-layout-flex\">\n<div class=\"wp-block-column is-layout-flow wp-block-column-is-layout-flow\" style=\"flex-basis:33.33%\">\n<figure class=\"wp-block-image size-large\"><img loading=\"lazy\" decoding=\"async\" width=\"314\" height=\"160\" src=\"https:\/\/redsemlac.com\/semmexico\/wp-content\/uploads\/2020\/10\/19-NOV-VOTO-EN-ESPANA.jpg\" alt=\"\" class=\"wp-image-28060\"\/><\/figure>\n<\/div>\n\n\n\n<div class=\"wp-block-column is-layout-flow wp-block-column-is-layout-flow\" style=\"flex-basis:66.66%\">\n<p class=\"wp-block-paragraph\">1933, <strong>las espa\u00f1olas participan por primera vez en las elecciones democr\u00e1ticas<\/strong>. Se llevaron a cabo en una situaci\u00f3n de desuni\u00f3n y desconcierto de las fuerzas republicanas e izquierdistas, tras la crisis de la mayor\u00eda gubernamental y el abrupto fin de la legislatura.<\/p>\n<\/div>\n<\/div>\n\n\n\n<div class=\"wp-block-columns is-layout-flex wp-container-core-columns-is-layout-8f761849 wp-block-columns-is-layout-flex\">\n<div class=\"wp-block-column is-layout-flow wp-block-column-is-layout-flow\" style=\"flex-basis:33.33%\">\n<figure class=\"wp-block-image size-large\"><img loading=\"lazy\" decoding=\"async\" width=\"700\" height=\"454\" src=\"https:\/\/redsemlac.com\/semmexico\/wp-content\/uploads\/2020\/10\/19-nov-Raquel-Torres-Cerdan.jpg\" alt=\"\" class=\"wp-image-28061\"\/><\/figure>\n<\/div>\n\n\n\n<div class=\"wp-block-column is-layout-flow wp-block-column-is-layout-flow\" style=\"flex-basis:66.66%\">\n<p class=\"wp-block-paragraph\">1948, nace en Xalapa, Veracruz, <strong>Raquel Torres Cerd\u00e1n<\/strong>, empresaria e investigadora culinaria, quien ha resignificado la cocina mexicana como un espacio de empoderamiento de las mujeres. Particip\u00f3 el 8 de marzo de 1980 en la fundaci\u00f3n Colectivo de Xalapa. En 1985 comenz\u00f3 a crear empresas relacionadas con la cocina.<\/p>\n<\/div>\n<\/div>\n\n\n\n<div class=\"wp-block-columns is-layout-flex wp-container-core-columns-is-layout-8f761849 wp-block-columns-is-layout-flex\">\n<div class=\"wp-block-column is-layout-flow wp-block-column-is-layout-flow\" style=\"flex-basis:33.33%\">\n<figure class=\"wp-block-image size-large\"><img loading=\"lazy\" decoding=\"async\" width=\"320\" height=\"240\" src=\"https:\/\/redsemlac.com\/semmexico\/wp-content\/uploads\/2020\/10\/19-nov-Luz-Carolina-Gudino-Corro.jpg\" alt=\"\" class=\"wp-image-28062\"\/><\/figure>\n<\/div>\n\n\n\n<div class=\"wp-block-column is-layout-flow wp-block-column-is-layout-flow\" style=\"flex-basis:66.66%\">\n<p class=\"wp-block-paragraph\">1981, naci\u00f3 en el puerto de Veracruz, <strong>Luz Carolina Gudi\u00f1o Corro<\/strong>, primera mujer en ocupar la Presidencia Municipal del Ayuntamiento m\u00e1s antiguo de Latinoam\u00e9rica: La Villa Rica de la Veracruz.<\/p>\n<\/div>\n<\/div>\n\n\n\n<p class=\"wp-block-paragraph\"><strong>1998<\/strong>, se integr\u00f3 la Comisi\u00f3n de Equidad entre los G\u00e9neros en el Congreso del estado de Zacatecas.<\/p>\n\n\n\n<p class=\"wp-block-paragraph\"><strong>2001<\/strong>, D\u00eda de fundaci\u00f3n del Instituto Aguascalentense de las Mujeres (IAM), cuyo prop\u00f3sito es fomentar, coordinar y ejecutar pol\u00edticas p\u00fablicas en todos los niveles del gobierno estatal que propicien la equidad de condiciones, el buen trato, la paz y la igualdad de oportunidades.<\/p>\n\n\n\n<div class=\"wp-block-columns is-layout-flex wp-container-core-columns-is-layout-8f761849 wp-block-columns-is-layout-flex\">\n<div class=\"wp-block-column is-layout-flow wp-block-column-is-layout-flow\" style=\"flex-basis:33.33%\">\n<figure class=\"wp-block-image size-large\"><img loading=\"lazy\" decoding=\"async\" width=\"485\" height=\"283\" src=\"https:\/\/redsemlac.com\/semmexico\/wp-content\/uploads\/2020\/10\/19-nov-Pervenche-Beres.png\" alt=\"\" class=\"wp-image-28063\"\/><\/figure>\n<\/div>\n\n\n\n<div class=\"wp-block-column is-layout-flow wp-block-column-is-layout-flow\" style=\"flex-basis:66.66%\">\n<p class=\"wp-block-paragraph\">2001, <strong>Pervenche Ber\u00e8s<\/strong>, Presidenta de la Delegaci\u00f3n Socialista francesa, dirige una carta a la entonces Presidenta del Parlamento Europeo, Nicole Fontaine, donde le solicita que sustituya la expresi\u00f3n \u201cderechos del hombre\u201d por \u201cderechos de las personas\u201d en el texto de la Carta de los Derechos Fundamentales de la Uni\u00f3n Europea.<\/p>\n<\/div>\n<\/div>\n\n\n\n<p class=\"wp-block-paragraph\"><strong>2016<\/strong>, con la finalidad de visibilizar, fortalecer y coordinar acciones para atender temas que enfrentan ni\u00f1as, ni\u00f1os y adolescentes en M\u00e9xico, as\u00ed como para avanzar en la garant\u00eda del derecho a una vida libre de violencia, se declar\u00f3 el 19 de noviembre como el <strong>D\u00eda Nacional contra el Abuso Sexual Infantil.<\/strong><\/p>\n\n\n\n<h1 class=\"wp-block-heading\">20<\/h1>\n\n\n\n<div class=\"wp-block-columns is-layout-flex wp-container-core-columns-is-layout-8f761849 wp-block-columns-is-layout-flex\">\n<div class=\"wp-block-column is-layout-flow wp-block-column-is-layout-flow\" style=\"flex-basis:33.33%\">\n<figure class=\"wp-block-image size-large\"><img loading=\"lazy\" decoding=\"async\" width=\"183\" height=\"275\" src=\"https:\/\/redsemlac.com\/semmexico\/wp-content\/uploads\/2020\/10\/20-NOV-Ottilia-Lovisa-Lagerlof.jpg\" alt=\"\" class=\"wp-image-28064\"\/><\/figure>\n<\/div>\n\n\n\n<div class=\"wp-block-column is-layout-flow wp-block-column-is-layout-flow\" style=\"flex-basis:66.66%\">\n<p class=\"wp-block-paragraph\">1858, nace Selma <strong>Ottilia Lovisa Lagerl\u00f6f<\/strong>, escritora sueca de fama universal y la primera en obtener un Premio Nobel de Literatura en 1909. Su obra m\u00e1s conocida de muchas que realiz\u00f3 fue <em>El maravilloso viaje de Nils Holgersson<\/em>. En 1914 es designada como integrante de la Academia Sueca. Muri\u00f3 un 16 de marzo de 1940.<\/p>\n<\/div>\n<\/div>\n\n\n\n<div class=\"wp-block-columns is-layout-flex wp-container-core-columns-is-layout-8f761849 wp-block-columns-is-layout-flex\">\n<div class=\"wp-block-column is-layout-flow wp-block-column-is-layout-flow\" style=\"flex-basis:33.33%\">\n<figure class=\"wp-block-image size-large\"><img loading=\"lazy\" decoding=\"async\" width=\"225\" height=\"225\" src=\"https:\/\/redsemlac.com\/semmexico\/wp-content\/uploads\/2020\/10\/20-NOV-Antonine-Maillet.jpg\" alt=\"\" class=\"wp-image-28065\"\/><\/figure>\n<\/div>\n\n\n\n<div class=\"wp-block-column is-layout-flow wp-block-column-is-layout-flow\" style=\"flex-basis:66.66%\">\n<p class=\"wp-block-paragraph\">1979, la escritora canadiense <strong>Antonine Maillet<\/strong> se convierte en la sexta mujer en ganar el premio&nbsp;Goncourt, el galard\u00f3n literario m\u00e1s importante de Francia, por su pieza teatral La sagouine y la novela P\u00e9lagie-la-Charrette. Naci\u00f3 en Nuevo Brunswick, el 10 de mayo de 1929.<\/p>\n<\/div>\n<\/div>\n\n\n\n<p class=\"wp-block-paragraph\"><strong>1986<\/strong>, se constituye formalmente el <strong>Grupo de Educaci\u00f3n Popular con Mujeres<\/strong>. Mar\u00eda de Lourdes Hern\u00e1ndez Valenzuela y G\u00f3mez Gallardo, co-fundadora, ha coordinado por m\u00e1s de tres d\u00e9cadas el programa de educaci\u00f3n, g\u00e9nero y cambio cultural de esa agrupaci\u00f3n. Ella es psic\u00f3loga, especialista en g\u00e9nero y educaci\u00f3n para la paz.<\/p>\n\n\n\n<div class=\"wp-block-columns is-layout-flex wp-container-core-columns-is-layout-8f761849 wp-block-columns-is-layout-flex\">\n<div class=\"wp-block-column is-layout-flow wp-block-column-is-layout-flow\" style=\"flex-basis:33.33%\">\n<figure class=\"wp-block-image size-large\"><img loading=\"lazy\" decoding=\"async\" width=\"267\" height=\"189\" src=\"https:\/\/redsemlac.com\/semmexico\/wp-content\/uploads\/2020\/10\/20-nov-Convencion-de-los-Derechos-de-las-Ninas-y-los-Ninos.jpg\" alt=\"\" class=\"wp-image-28066\"\/><\/figure>\n<\/div>\n\n\n\n<div class=\"wp-block-column is-layout-flow wp-block-column-is-layout-flow\" style=\"flex-basis:66.66%\">\n<p class=\"wp-block-paragraph\">1989, la Asamblea General de la ONU aprob\u00f3 la <strong>Convenci\u00f3n de los Derechos de las Ni\u00f1as y los Ni\u00f1os<\/strong>. En 1990, ante la fuerte explotaci\u00f3n sexual comercial infantil, se design\u00f3 un Relator Especial para documentar y formular recomendaciones para la protecci\u00f3n de las v\u00edctimas.<\/p>\n<\/div>\n<\/div>\n\n\n\n<h1 class=\"wp-block-heading\">21<\/h1>\n\n\n\n<div class=\"wp-block-columns is-layout-flex wp-container-core-columns-is-layout-8f761849 wp-block-columns-is-layout-flex\">\n<div class=\"wp-block-column is-layout-flow wp-block-column-is-layout-flow\" style=\"flex-basis:33.33%\">\n<figure class=\"wp-block-image size-large\"><img loading=\"lazy\" decoding=\"async\" width=\"220\" height=\"284\" src=\"https:\/\/redsemlac.com\/semmexico\/wp-content\/uploads\/2020\/10\/21-NOV-Maria-Casares.jpg\" alt=\"\" class=\"wp-image-28067\"\/><\/figure>\n<\/div>\n\n\n\n<div class=\"wp-block-column is-layout-flow wp-block-column-is-layout-flow\" style=\"flex-basis:66.66%\">\n<p class=\"wp-block-paragraph\">1922, nace en la Coru\u00f1a, Espa\u00f1a, <strong>Mar\u00eda Casares<\/strong>, actriz exiliada tras la Guerra Civil espa\u00f1ola. Fue una legendaria actriz espa\u00f1ola de teatro y cine que triunf\u00f3 en el exilio en Francia, donde resid\u00eda por ser hija de Santiago Casares Quiroga, que hab\u00eda sido Ministro y Jefe de Gobierno de la Rep\u00fablica bajo la presidencia de Manuel Aza\u00f1a. Muri\u00f3 en Alloue, Francia, el 22 de noviembre de 1996.<\/p>\n<\/div>\n<\/div>\n\n\n\n<div class=\"wp-block-columns is-layout-flex wp-container-core-columns-is-layout-8f761849 wp-block-columns-is-layout-flex\">\n<div class=\"wp-block-column is-layout-flow wp-block-column-is-layout-flow\" style=\"flex-basis:33.33%\">\n<figure class=\"wp-block-image size-large\"><img decoding=\"async\" src=\"https:\/\/redsemlac.com\/semmexico\/wp-content\/uploads\/2020\/10\/21-nov-Melina-Mercouri-1024x683.jpg\" alt=\"\" class=\"wp-image-28068\"\/><\/figure>\n<\/div>\n\n\n\n<div class=\"wp-block-column is-layout-flow wp-block-column-is-layout-flow\" style=\"flex-basis:66.66%\">\n<p class=\"wp-block-paragraph\">1977, la actriz y pol\u00edtica griega <strong>Melina Mercouri<\/strong> gana una diputaci\u00f3n por el Partido Socialista y en 1981 es nombrada Ministra de Cultura. Como actriz destac\u00f3 en papeles dram\u00e1ticos. Fue la actriz preferida del director de cine Jules Dassin, con quien contrajo matrimonio en 1966. En 1967, durante la dictadura militar, fue privada de la nacionalidad griega por sus actividades pol\u00edticas fuera del pa\u00eds. Naci\u00f3 en Atenas el 18 de octubre de 1920 y muri\u00f3 en Nueva York el 6 de marzo de 1994.<\/p>\n<\/div>\n<\/div>\n\n\n\n<div class=\"wp-block-columns is-layout-flex wp-container-core-columns-is-layout-8f761849 wp-block-columns-is-layout-flex\">\n<div class=\"wp-block-column is-layout-flow wp-block-column-is-layout-flow\" style=\"flex-basis:33.33%\">\n<figure class=\"wp-block-image size-large\"><img loading=\"lazy\" decoding=\"async\" width=\"400\" height=\"276\" src=\"https:\/\/redsemlac.com\/semmexico\/wp-content\/uploads\/2020\/10\/21-nov-Maria-Luisa-Hernandez-Rosado.jpg\" alt=\"\" class=\"wp-image-28069\"\/><\/figure>\n<\/div>\n\n\n\n<div class=\"wp-block-column is-layout-flow wp-block-column-is-layout-flow\" style=\"flex-basis:66.66%\">\n<p class=\"wp-block-paragraph\">2010, <strong>Mar\u00eda Luisa Hern\u00e1ndez Rosado<\/strong>, la primera diputada federal por Tabasco en la XLIV Legislatura (1958-1961), celebr\u00f3 el 43 aniversario de la Uni\u00f3n Femenina Iberoamericana de Tabasco. Maestra, dirigi\u00f3 la Escuela de Oficios de Tabasco. Promotora de la campa\u00f1a de alfabetizaci\u00f3n 1962- 1964. Falleci\u00f3 el 4 de diciembre de 1999.<\/p>\n<\/div>\n<\/div>\n\n\n\n<div class=\"wp-block-columns is-layout-flex wp-container-core-columns-is-layout-8f761849 wp-block-columns-is-layout-flex\">\n<div class=\"wp-block-column is-layout-flow wp-block-column-is-layout-flow\" style=\"flex-basis:33.33%\">\n<figure class=\"wp-block-image size-large\"><img loading=\"lazy\" decoding=\"async\" width=\"437\" height=\"442\" src=\"https:\/\/redsemlac.com\/semmexico\/wp-content\/uploads\/2020\/10\/21-de-nov-Elena-Poniatowska-Amor.jpg\" alt=\"\" class=\"wp-image-28070\"\/><\/figure>\n<\/div>\n\n\n\n<div class=\"wp-block-column is-layout-flow wp-block-column-is-layout-flow\" style=\"flex-basis:66.66%\">\n<p class=\"wp-block-paragraph\">2013, la escritora y periodista mexicana <strong>Elena Poniatowska Amor<\/strong> gana el Premio de Literatura en Lengua Castellana Miguel de Cervantes edici\u00f3n 2013, con lo que se convierte en la cuarta mujer en obtener tal galard\u00f3n.&nbsp;<\/p>\n<\/div>\n<\/div>\n\n\n\n<h1 class=\"wp-block-heading\">22<\/h1>\n\n\n\n<div class=\"wp-block-columns is-layout-flex wp-container-core-columns-is-layout-8f761849 wp-block-columns-is-layout-flex\">\n<div class=\"wp-block-column is-layout-flow wp-block-column-is-layout-flow\" style=\"flex-basis:33.33%\">\n<figure class=\"wp-block-image size-large\"><img loading=\"lazy\" decoding=\"async\" width=\"225\" height=\"225\" src=\"https:\/\/redsemlac.com\/semmexico\/wp-content\/uploads\/2020\/10\/22-nov-Cecilia-Grierson.jpg\" alt=\"\" class=\"wp-image-28071\"\/><\/figure>\n<\/div>\n\n\n\n<div class=\"wp-block-column is-layout-flow wp-block-column-is-layout-flow\" style=\"flex-basis:66.66%\">\n<p class=\"wp-block-paragraph\">1859, nace Buenos Aires, Argentina, <strong>Cecilia Grierson<\/strong>. En 1889 fue la primera en graduarse como m\u00e9dica ginec\u00f3loga. Incursion\u00f3 y promovi\u00f3 disciplinas hasta entonces no difundidas en su pa\u00eds, como la kinesiolog\u00eda. Realiz\u00f3 una intensa actividad profesional y docente. Promovi\u00f3 tenazmente la ense\u00f1anza de la puericultura, fue precursora de la ense\u00f1anza de ciegos y sordomudos y cre\u00f3 la Asociaci\u00f3n Obst\u00e9trica Nacional y de la Revista Obst\u00e9trica, iniciativas a favor de mejorar la preparaci\u00f3n de las parteras. Tuvo un rol destacado en los primeros a\u00f1os de vida del Partido Socialista Argentino, fundado en 1896. Junto a Alicia Moreau de Justo, Elvira Rawson y Julieta Lanteri-Renshaw, entre otras, inici\u00f3 la cruzada por los derechos civiles y pol\u00edticos de las mujeres. En 1910, Grierson presidi\u00f3 del Primer Congreso Femenino Internacional de la Rep\u00fablica Argentina, convocado por la Asociaci\u00f3n de Mujeres Universitarias. En su memoria, la Escuela de Enfermer\u00eda de la Ciudad de Buenos Aires lleva su nombre. Falleci\u00f3 el 10 de abril de 1934. &nbsp;<\/p>\n<\/div>\n<\/div>\n\n\n\n<div class=\"wp-block-columns is-layout-flex wp-container-core-columns-is-layout-8f761849 wp-block-columns-is-layout-flex\">\n<div class=\"wp-block-column is-layout-flow wp-block-column-is-layout-flow\" style=\"flex-basis:33.33%\">\n<figure class=\"wp-block-image size-large\"><img loading=\"lazy\" decoding=\"async\" width=\"767\" height=\"1024\" src=\"https:\/\/redsemlac.com\/semmexico\/wp-content\/uploads\/2020\/10\/22-NOV-Fidelia-Brindis.jpeg\" alt=\"\" class=\"wp-image-28072\"\/><\/figure>\n<\/div>\n\n\n\n<div class=\"wp-block-column is-layout-flow wp-block-column-is-layout-flow\" style=\"flex-basis:66.66%\">\n<p class=\"wp-block-paragraph\">1893, naci\u00f3 en Ocozocoautla de Espinosa, Chiapas, <strong>Fidelia Brindis<\/strong>, revolucionaria, feminista y simpatizante de la masoner\u00eda, que junto con Hermila Galindo demand\u00f3 los derechos ciudadanos de las mujeres al Constituyente de 1917. Form\u00f3 parte de la administraci\u00f3n de Venustiano Carranza. Muri\u00f3 el 23 de julio de 1969.<\/p>\n<\/div>\n<\/div>\n\n\n\n<p class=\"wp-block-paragraph\"><strong>1910<\/strong>, en Estados Unidos, <strong>las obreras <\/strong>de una f\u00e1brica de camisas inician una larga huelga que termina el d\u00eda 15 de marzo. Fue apoyada por m\u00e1s de 20 mil de ellas.<\/p>\n\n\n\n<div class=\"wp-block-columns is-layout-flex wp-container-core-columns-is-layout-8f761849 wp-block-columns-is-layout-flex\">\n<div class=\"wp-block-column is-layout-flow wp-block-column-is-layout-flow\" style=\"flex-basis:33.33%\">\n<figure class=\"wp-block-image size-large\"><img loading=\"lazy\" decoding=\"async\" width=\"275\" height=\"183\" src=\"https:\/\/redsemlac.com\/semmexico\/wp-content\/uploads\/2020\/10\/22-nov-Josefina-Vicens.jpg\" alt=\"\" class=\"wp-image-28073\"\/><\/figure>\n<\/div>\n\n\n\n<div class=\"wp-block-column is-layout-flow wp-block-column-is-layout-flow\" style=\"flex-basis:66.66%\">\n<p class=\"wp-block-paragraph\">1988, en la Ciudad de M\u00e9xico muere la escritora, poeta y guionista, <strong>Josefina Vicens<\/strong>. Entre sus obras destaca:<em> El libro vac\u00edo<\/em> publicado en el a\u00f1o de 1958, y por el que recibi\u00f3 el Premio Xavier Villaurrutia. Naci\u00f3 en Villahermosa, Tabasco, el 23 de noviembre de 1911.<\/p>\n<\/div>\n<\/div>\n\n\n\n<p class=\"wp-block-paragraph\"><strong>1988<\/strong>, prueba el Congreso de Yucat\u00e1n la <strong>ampliaci\u00f3n de las causales para la interrupci\u00f3n legal del embarazo<\/strong>: riesgo de salud para la madre y malformaciones cong\u00e9nitas. Desde 1922 exist\u00edan por imprudencia o accidentes, razones econ\u00f3micas y violaci\u00f3n.<\/p>\n\n\n\n<p class=\"wp-block-paragraph\">2001, el nuevo <strong>C\u00f3digo Civil turco considera la igualdad de las mujeres<\/strong> respecto de los hombres en todos los \u00e1mbitos de la sociedad luego de un proceso de revisi\u00f3n llevado a cabo por el Parlamento. Uno de los cambios logrados es el derecho de las mujeres a tener un trabajo remunerado sin autorizaci\u00f3n del marido.<\/p>\n\n\n\n<div class=\"wp-block-columns is-layout-flex wp-container-core-columns-is-layout-8f761849 wp-block-columns-is-layout-flex\">\n<div class=\"wp-block-column is-layout-flow wp-block-column-is-layout-flow\" style=\"flex-basis:33.33%\">\n<figure class=\"wp-block-image size-large\"><img loading=\"lazy\" decoding=\"async\" width=\"715\" height=\"430\" src=\"https:\/\/redsemlac.com\/semmexico\/wp-content\/uploads\/2020\/10\/22-NOV-MARIA-IZQUIERDO.png\" alt=\"\" class=\"wp-image-28074\"\/><\/figure>\n<\/div>\n\n\n\n<div class=\"wp-block-column is-layout-flow wp-block-column-is-layout-flow\" style=\"flex-basis:66.66%\">\n<p class=\"wp-block-paragraph\">2012, con la inhumaci\u00f3n de sus restos ingresa a la Rotonda de las Personas Ilustres la pintora Mar\u00eda Izquierdo. Naci\u00f3 en San Juan de los Lagos, Jalisco el 30 de octubre de 1902 y muri\u00f3 en la Cd. de M\u00e9xico el 2 de diciembre de 1955. Fue la primera mexicana en exponer sus obras fuera del pa\u00eds. Su obra que se caracteriz\u00f3 por la intensidad de los colores est\u00e1 compuesta por autorretratos, paisajes, naturaleza y tiene una clara muestra de surrealismo. Se le considera como una feminista ya que sus obras muestran a la mujer como una figura protag\u00f3nica.<\/p>\n<\/div>\n<\/div>\n\n\n\n<p class=\"wp-block-paragraph\"><strong>2017,<\/strong> este d\u00eda se firm\u00f3 la \u201cCarta de Intenci\u00f3n\u201d entre el INMUJERES y la Asociaci\u00f3n Nacional de Universidades e Instituciones de Educaci\u00f3n Superior (ANUIES) con medidas contra el hostigamiento sexual y la violencia.<\/p>\n\n\n\n<h1 class=\"wp-block-heading\">23<\/h1>\n\n\n\n<div class=\"wp-block-columns is-layout-flex wp-container-core-columns-is-layout-8f761849 wp-block-columns-is-layout-flex\">\n<div class=\"wp-block-column is-layout-flow wp-block-column-is-layout-flow\" style=\"flex-basis:33.33%\">\n<figure class=\"wp-block-image size-large\"><img loading=\"lazy\" decoding=\"async\" width=\"413\" height=\"500\" src=\"https:\/\/redsemlac.com\/semmexico\/wp-content\/uploads\/2020\/10\/23-nov-JULIETA_LANTERI.jpg\" alt=\"\" class=\"wp-image-28075\"\/><\/figure>\n<\/div>\n\n\n\n<div class=\"wp-block-column is-layout-flow wp-block-column-is-layout-flow\" style=\"flex-basis:66.66%\">\n<p class=\"wp-block-paragraph\">1911, en Argentina, cuando no exist\u00eda el sufragio femenino, <strong>Julieta Lantieri<\/strong> acude a depositar su voto en las elecciones de 1911. Fue la primera a mujer que logra inscribirse en el padr\u00f3n electoral apoy\u00e1ndose en la legislaci\u00f3n existente que establec\u00eda ser ciudadano, mayor de edad, saber leer y escribir, tener una profesi\u00f3n y pagar impuestos, entre otros requisitos. Graduada de m\u00e9dica cirujana en 1907, fue la sexta mujer en alcanzar ese t\u00edtulo en el pa\u00eds. Descubri\u00f3 que la Constituci\u00f3n argentina imped\u00eda el&nbsp;derecho a voto a las mujeres, pero no la posibilidad de que fueran elegidas. Con ese argumento form\u00f3 su propia agrupaci\u00f3n, el Partido Feminista Nacional, y se present\u00f3 en 1919 como candidata a diputada nacional. Los diarios se burlaron de ella, pero nunca se desanim\u00f3. Naci\u00f3 en Briga Marittima, Italia, el 22 de marzo de 1873, muri\u00f3 en Buenos Aires el 25 de febrero de 1932.<\/p>\n<\/div>\n<\/div>\n\n\n\n<div class=\"wp-block-columns is-layout-flex wp-container-core-columns-is-layout-8f761849 wp-block-columns-is-layout-flex\">\n<div class=\"wp-block-column is-layout-flow wp-block-column-is-layout-flow\" style=\"flex-basis:33.33%\">\n<figure class=\"wp-block-image size-large\"><img loading=\"lazy\" decoding=\"async\" width=\"727\" height=\"877\" src=\"https:\/\/redsemlac.com\/semmexico\/wp-content\/uploads\/2020\/10\/23-nov-hermila-galindo.jpg\" alt=\"\" class=\"wp-image-28076\"\/><\/figure>\n<\/div>\n\n\n\n<div class=\"wp-block-column is-layout-flow wp-block-column-is-layout-flow\" style=\"flex-basis:66.66%\">\n<p class=\"wp-block-paragraph\">1916, <strong>Hermila Galindo<\/strong>, maestra, feminista, revolucionaria que durante el II Congreso Feminista de Yucat\u00e1n, dijo: \u201cEs de estricta justicia que la mujer tenga voto en las elecciones de las autoridades, porque si ella tiene obligaciones para con el grupo social, razonable es que no carezca de derecho\u2026 las mujeres necesitan el derecho al voto por las mismas razones que los hombres; es decir para defender sus intereses particulares\u201d. Creo la revista La Mujer Moderna y escribi\u00f3 el libro La Doctrina de Carranza y el acercamiento indolatino, Galindo fue secretaria de ese presidente mexicano. Naci\u00f3 en Lerdo, Durango, el 2 de junio de 1886 y muri\u00f3 en la Ciudad de M\u00e9xico el 18 de agosto de 1954.<\/p>\n<\/div>\n<\/div>\n\n\n\n<p class=\"wp-block-paragraph\"><strong>2004<\/strong>, se constituy\u00f3 la Comisi\u00f3n de Equidad Social y Humana del Congreso del estado de Aguascalientes.<\/p>\n\n\n\n<h1 class=\"wp-block-heading\">24<\/h1>\n\n\n\n<div class=\"wp-block-columns is-layout-flex wp-container-core-columns-is-layout-8f761849 wp-block-columns-is-layout-flex\">\n<div class=\"wp-block-column is-layout-flow wp-block-column-is-layout-flow\" style=\"flex-basis:33.33%\">\n<figure class=\"wp-block-image size-large\"><img decoding=\"async\" src=\"https:\/\/upload.wikimedia.org\/wikipedia\/commons\/d\/de\/Libertad_Lamarque.jpg\" alt=\"\"\/><\/figure>\n<\/div>\n\n\n\n<div class=\"wp-block-column is-layout-flow wp-block-column-is-layout-flow\" style=\"flex-basis:66.66%\">\n<p class=\"wp-block-paragraph\">1909, nace en Argentina, <strong>Libertad Lamarque<\/strong>, una de las artistas m\u00e1s populares del continente durante d\u00e9cadas. Cantante de \u00e9xito y actriz de cine, desarroll\u00f3 su carrera en M\u00e9xico, donde fij\u00f3 su residencia. Fue conocida como la \u201cReina del Tango\u201d. En 1985 recibi\u00f3 la distinci\u00f3n \u201c\u00c1guila de Buenos Aires\u201d, otorgada por la Orden de San Mart\u00edn de Tours.<\/p>\n<\/div>\n<\/div>\n\n\n\n<div class=\"wp-block-columns is-layout-flex wp-container-core-columns-is-layout-8f761849 wp-block-columns-is-layout-flex\">\n<div class=\"wp-block-column is-layout-flow wp-block-column-is-layout-flow\" style=\"flex-basis:33.33%\">\n<figure class=\"wp-block-image size-large\"><img decoding=\"async\" src=\"https:\/\/static.langimg.com\/thumb\/msid-75220064,width-1200,height-900,resizemode-75\/navbharat-times.jpg\" alt=\"\"\/><\/figure>\n<\/div>\n\n\n\n<div class=\"wp-block-column is-layout-flow wp-block-column-is-layout-flow\" style=\"flex-basis:66.66%\">\n<p class=\"wp-block-paragraph\">1961, nace <strong>Arundhati Roy<\/strong>, escritora y activista india. Su primera novela, <em>El dios de las peque\u00f1as cosas<\/em>, galardonada con el prestigioso premio Booker de 1997, ha sido ya traducida a diecis\u00e9is idiomas. Ha situado entre las m\u00e1s firmes promesas de la literatura internacional. En 2004, Roy gan\u00f3 el Premio Sidney de la Paz por su trabajo en campa\u00f1as sociales y su apoyo al pacifismo. En junio de 2017 publica su segunda novela,&nbsp;<em>El ministerio de la felicidad suprema<\/em>, seleccionada para el Man Booker Prize de 2017 y fue finalista para el National Book Critics Circle Award para trabajos de ficci\u00f3n en enero de 2018.En 2020 realiza reportajes sobre la repercusi\u00f3n en la India de la&nbsp;Pandemia de enfermedad por coronavirus de 2019-2020.<\/p>\n<\/div>\n<\/div>\n\n\n\n<div class=\"wp-block-columns is-layout-flex wp-container-core-columns-is-layout-8f761849 wp-block-columns-is-layout-flex\">\n<div class=\"wp-block-column is-layout-flow wp-block-column-is-layout-flow\" style=\"flex-basis:33.33%\">\n<figure class=\"wp-block-image size-large\"><img decoding=\"async\" src=\"https:\/\/www.cienciamx.com\/images\/aic\/ciencia\/humanidades\/2017\/1-gabriela1306.jpg\" alt=\"\"\/><\/figure>\n<\/div>\n\n\n\n<div class=\"wp-block-column is-layout-flow wp-block-column-is-layout-flow\" style=\"flex-basis:66.66%\">\n<p class=\"wp-block-paragraph\">1950, nace en la Ciudad de M\u00e9xico <strong>Gabriela Delgado Ballesteros<\/strong>, psic\u00f3loga cl\u00ednica, quien fue la primera directora del Instituto de la Mujer del Distrito Federal. Particip\u00f3 en la delegaci\u00f3n oficial de la Conferencia de CEPAL en Argentina (1994) y en la Cuarta Conferencia Internacional de la Mujer, Beijing, China (1995). Desde la Facultad de Psicolog\u00eda de la UNAM, coordin\u00f3 la capacitaci\u00f3n en g\u00e9nero y violencia contra las mujeres de ministerios p\u00fablicos, de 18 entidades del pa\u00eds (2006).<\/p>\n<\/div>\n<\/div>\n\n\n\n<div class=\"wp-block-columns is-layout-flex wp-container-core-columns-is-layout-8f761849 wp-block-columns-is-layout-flex\">\n<div class=\"wp-block-column is-layout-flow wp-block-column-is-layout-flow\" style=\"flex-basis:33.33%\">\n<figure class=\"wp-block-image size-large\"><img decoding=\"async\" src=\"https:\/\/images-na.ssl-images-amazon.com\/images\/I\/81fu0meAGWL.jpg\" alt=\"\"\/><\/figure>\n<\/div>\n\n\n\n<div class=\"wp-block-column is-layout-flow wp-block-column-is-layout-flow\" style=\"flex-basis:66.66%\">\n<p class=\"wp-block-paragraph\"><strong>1988<\/strong>, sale a la luz el libro Mujer y literatura mexicana y chicana, de <strong>Aralia L\u00f3pez-Gonz\u00e1lez, Amelia Malagamba y Elena Urrutia<\/strong>, en el que por primera vez se analiza la literatura de mujeres de dos culturas en contacto.<\/p>\n<\/div>\n<\/div>\n\n\n\n<div class=\"wp-block-columns is-layout-flex wp-container-core-columns-is-layout-8f761849 wp-block-columns-is-layout-flex\">\n<div class=\"wp-block-column is-layout-flow wp-block-column-is-layout-flow\" style=\"flex-basis:33.33%\">\n<figure class=\"wp-block-image size-large\"><img loading=\"lazy\" decoding=\"async\" width=\"640\" height=\"360\" src=\"https:\/\/redsemlac.com\/semmexico\/wp-content\/uploads\/2020\/10\/24-nov-Nimbe-Torres-y-Torres.jpg\" alt=\"\" class=\"wp-image-28077\"\/><\/figure>\n<\/div>\n\n\n\n<div class=\"wp-block-column is-layout-flow wp-block-column-is-layout-flow\" style=\"flex-basis:66.66%\">\n<p class=\"wp-block-paragraph\">2004, la doctora en biom\u00e9dica b\u00e1sica, <strong>Nimbe Torres y Torres<\/strong>, recibi\u00f3 el premio al mejor Trabajo de investigaci\u00f3n en nutrici\u00f3n y alimentaci\u00f3n de Fomento de Nutrici\u00f3n y Salud, A.C. Pionera en el desarrollo de la Nutrigen\u00f3mica y Nutrigen\u00e9tica en M\u00e9xico y Latinoam\u00e9rica, reconocida por el Instituto Nacional de Ciencias M\u00e9dicas y Nutrici\u00f3n, Funsalud, Fondo Nestl\u00e9 para la Nutrici\u00f3n y Nestl\u00e9 M\u00e9xico, S.A. de C.V por haber inventado y patentado el Portafolio Dietario para Tratamiento del S\u00edndrome Metab\u00f3lico. Naci\u00f3 en la Ciudad de M\u00e9xico el 24 de febrero de 1957.<\/p>\n<\/div>\n<\/div>\n\n\n\n<p class=\"wp-block-paragraph\"><strong>2013<\/strong>, <strong>Regina Olvera Ledezma<\/strong> recibi\u00f3 la presea \u201cFray Jun\u00edpero Serra\u201d por su destacada labor pol\u00edtica en su natal Jalpan de la Serra, Quer\u00e9taro. La profesora entre 1945 y 1962, fue la primera regidora de Jalpan de la Serra y primera diputada local (1961-1964). El municipio de Jalpan de Serra tambi\u00e9n le otorg\u00f3 en 2010 la Medalla al M\u00e9rito Ciudadano.<\/p>\n\n\n\n<h1 class=\"wp-block-heading\">25<\/h1>\n\n\n\n<div class=\"wp-block-columns is-layout-flex wp-container-core-columns-is-layout-8f761849 wp-block-columns-is-layout-flex\">\n<div class=\"wp-block-column is-layout-flow wp-block-column-is-layout-flow\" style=\"flex-basis:33.33%\">\n<figure class=\"wp-block-image size-large\"><img decoding=\"async\" src=\"https:\/\/redsemlac.com\/semmexico\/wp-content\/uploads\/2020\/10\/25-NOV-Thelma-Nava-1024x673.jpg\" alt=\"\" class=\"wp-image-28078\"\/><\/figure>\n<\/div>\n\n\n\n<div class=\"wp-block-column is-layout-flow wp-block-column-is-layout-flow\" style=\"flex-basis:66.66%\">\n<p class=\"wp-block-paragraph\">1932, nace en M\u00e9xico, la escritora y poeta <strong>Thelma Nava<\/strong>. De destacada trayectoria, su poes\u00eda ha sido traducida a varios idiomas. Ha obtenido el Premio de Poes\u00eda Ram\u00f3n L\u00f3pez Velarde (1962). Falleci\u00f3 en Columbia Brit\u00e1nica, Canad\u00e1, el 17 de agosto de 2019.<\/p>\n<\/div>\n<\/div>\n\n\n\n<div class=\"wp-block-columns is-layout-flex wp-container-core-columns-is-layout-8f761849 wp-block-columns-is-layout-flex\">\n<div class=\"wp-block-column is-layout-flow wp-block-column-is-layout-flow\" style=\"flex-basis:33.33%\">\n<figure class=\"wp-block-image size-large\"><img decoding=\"async\" src=\"https:\/\/redsemlac.com\/semmexico\/wp-content\/uploads\/2020\/10\/25-N0V-Clementina-Nava-Perez-684x1024.jpg\" alt=\"\" class=\"wp-image-28079\"\/><\/figure>\n<\/div>\n\n\n\n<div class=\"wp-block-column is-layout-flow wp-block-column-is-layout-flow\" style=\"flex-basis:66.66%\">\n<p class=\"wp-block-paragraph\">1956, nace en la ciudad de Colima, <strong>Clementina Nava P\u00e9rez<\/strong>, psic\u00f3loga, artista visual y comunicadora. Form\u00f3 parte del Colectivo Feminista Coatlicue (1988). Milita en el Centro de Apoyo a la Mujer. Particip\u00f3 en la constituci\u00f3n del Frente Nacional de Lucha por la Liberaci\u00f3n y los Derechos de las Mujeres (FENALIDM).<br><\/p>\n<\/div>\n<\/div>\n\n\n\n<p class=\"wp-block-paragraph\"><strong>1933,<\/strong> se inauguraron las sesiones del Segundo Congreso de Obreras y Campesinas. Las participantes acordaron pedir el voto femenino. Hubo una divisi\u00f3n entre moderadas y radicales.<\/p>\n\n\n\n<div class=\"wp-block-columns is-layout-flex wp-container-core-columns-is-layout-8f761849 wp-block-columns-is-layout-flex\">\n<div class=\"wp-block-column is-layout-flow wp-block-column-is-layout-flow\" style=\"flex-basis:33.33%\">\n<figure class=\"wp-block-image size-large\"><img decoding=\"async\" src=\"https:\/\/redsemlac.com\/semmexico\/wp-content\/uploads\/2020\/10\/25-NOV-hermanas-mirabal-1024x576.jpg\" alt=\"\" class=\"wp-image-28080\"\/><\/figure>\n<\/div>\n\n\n\n<div class=\"wp-block-column is-layout-flow wp-block-column-is-layout-flow\" style=\"flex-basis:66.66%\">\n<p class=\"wp-block-paragraph\">1960, son <strong>asesinadas por la dictadura de Trujillo,<\/strong> <strong>las hermanas dominicanas Patria, Minerva y Mar\u00eda Teresa Mirabal<\/strong>, este hecho provoc\u00f3 que meses m\u00e1s tarde \u2013en mayo de 1961- fuera derrocado y asesinado el dictador Rafael Leonidas Trujillo. En 1981 durante el Primer Encuentro Feminista Latinoamericano y del Caribe, celebrado en Bogot\u00e1, Colombia, se acord\u00f3 establecer el D\u00eda Internacional de la Violencia contra la Mujer en memoria de las tres hermanas Mirabal cada 25 de noviembre.<\/p>\n<\/div>\n<\/div>\n\n\n\n<div class=\"wp-block-columns is-layout-flex wp-container-core-columns-is-layout-8f761849 wp-block-columns-is-layout-flex\">\n<div class=\"wp-block-column is-layout-flow wp-block-column-is-layout-flow\" style=\"flex-basis:33.33%\">\n<figure class=\"wp-block-image size-large\"><img loading=\"lazy\" decoding=\"async\" width=\"400\" height=\"400\" src=\"https:\/\/redsemlac.com\/semmexico\/wp-content\/uploads\/2020\/10\/25-NOV-Laura-Palma-Parga.jpg\" alt=\"\" class=\"wp-image-28081\"\/><\/figure>\n<\/div>\n\n\n\n<div class=\"wp-block-column is-layout-flow wp-block-column-is-layout-flow\" style=\"flex-basis:66.66%\">\n<p class=\"wp-block-paragraph\">2014, <strong>Laura Palma Parga<\/strong> recibi\u00f3 el reconocimiento del Comit\u00e9 de Inform\u00e1tica de la Administraci\u00f3n P\u00fablica Estatal y Municipal (CIAPEM) por la creaci\u00f3n de una aplicaci\u00f3n tecnol\u00f3gica, que permiti\u00f3 desarrollar la plataforma de innovaci\u00f3n de interoperabilidad del 072 para la atenci\u00f3n ciudadana en la Ciudad de M\u00e9xico. Plataforma reconocida como la m\u00e1s innovadora del sector p\u00fablico, por la revista Information Week M\u00e9xico. Es ge\u00f3grafa de profesi\u00f3n e inform\u00e1tica especializada en planeaci\u00f3n estrat\u00e9gica de ciudades inteligentes. Naci\u00f3 el 6 de mayo de 1970 en la Ciudad de M\u00e9xico.<\/p>\n<\/div>\n<\/div>\n\n\n\n<h1 class=\"wp-block-heading\">26<\/h1>\n\n\n\n<div class=\"wp-block-columns is-layout-flex wp-container-core-columns-is-layout-8f761849 wp-block-columns-is-layout-flex\">\n<div class=\"wp-block-column is-layout-flow wp-block-column-is-layout-flow\" style=\"flex-basis:33.33%\">\n<figure class=\"wp-block-image size-large\"><img loading=\"lazy\" decoding=\"async\" width=\"1000\" height=\"530\" src=\"https:\/\/redsemlac.com\/semmexico\/wp-content\/uploads\/2020\/10\/26-nov-Luisa-Valenzuela.jpg\" alt=\"\" class=\"wp-image-28083\"\/><\/figure>\n<\/div>\n\n\n\n<div class=\"wp-block-column is-layout-flow wp-block-column-is-layout-flow\" style=\"flex-basis:66.66%\">\n<p class=\"wp-block-paragraph\">1938, nace en Argentina, <strong>Luisa Valenzuela<\/strong>, una de las escritoras m\u00e1s originales de la literatura latinoamericana por sus innovaciones tem\u00e1ticas y ling\u00fc\u00edsticas. Los personajes femeninos de sus novelas se atreven a romper las convenciones sociales y la represi\u00f3n sexual que pesa sobre las mujeres. Feminista por convicci\u00f3n, sus hero\u00ednas son mujeres fuertes que no caen en la victimizaci\u00f3n. El libro que mejor expresa esta posici\u00f3n de la escritora es&nbsp;Cuentos de Hadas&nbsp;(1993) donde, mediante una reescritura de los m\u00e1s populares cuentos de hadas, se adentra en la psicolog\u00eda del pr\u00edncipe azul, las princesas y las hadas, desnudando el moralismo de estas narraciones. Primera en recibir el Premio Carlos Fuentes en 2019.<\/p>\n<\/div>\n<\/div>\n\n\n\n<div class=\"wp-block-columns is-layout-flex wp-container-core-columns-is-layout-8f761849 wp-block-columns-is-layout-flex\">\n<div class=\"wp-block-column is-layout-flow wp-block-column-is-layout-flow\" style=\"flex-basis:33.33%\">\n<figure class=\"wp-block-image size-large\"><img loading=\"lazy\" decoding=\"async\" width=\"250\" height=\"375\" src=\"https:\/\/redsemlac.com\/semmexico\/wp-content\/uploads\/2020\/10\/26-nov-Elizabeth-Helen-Blackbur.jpg\" alt=\"\" class=\"wp-image-28084\"\/><\/figure>\n<\/div>\n\n\n\n<div class=\"wp-block-column is-layout-flow wp-block-column-is-layout-flow\" style=\"flex-basis:66.66%\">\n<p class=\"wp-block-paragraph\">1948, nace <strong>Elizabeth Helen Blackbur<\/strong>, bioqu\u00edmica australiana, descubri\u00f3 la \u00abtelomerasa\u00bb, enzima que forma los tel\u00f3meros durante la duplicaci\u00f3n del ADN. Premio Nobel de Medicina en 2009.&nbsp;La enzima&nbsp;telomerasa, quien forma los tel\u00f3meros durante la duplicaci\u00f3n del ADN, es quien pauta la vida de las c\u00e9lulas.<\/p>\n<\/div>\n<\/div>\n\n\n\n<div class=\"wp-block-columns is-layout-flex wp-container-core-columns-is-layout-8f761849 wp-block-columns-is-layout-flex\">\n<div class=\"wp-block-column is-layout-flow wp-block-column-is-layout-flow\" style=\"flex-basis:33.33%\">\n<figure class=\"wp-block-image size-large\"><img loading=\"lazy\" decoding=\"async\" width=\"259\" height=\"194\" src=\"https:\/\/redsemlac.com\/semmexico\/wp-content\/uploads\/2020\/10\/26-nov-Oralia-Dominguez.jpg\" alt=\"\" class=\"wp-image-28085\"\/><\/figure>\n<\/div>\n\n\n\n<div class=\"wp-block-column is-layout-flow wp-block-column-is-layout-flow\" style=\"flex-basis:66.66%\">\n<p class=\"wp-block-paragraph\">1954, <strong>Oralia Dom\u00ednguez<\/strong>, int\u00e9rprete, grab\u00f3 la obra Messa da Requiem de Verdi. Fue contempor\u00e1nea de voces como la de Mar\u00eda Callas. La reconoci\u00f3 la Scala de Mil\u00e1n. Naci\u00f3 en San Luis Potos\u00ed el 25 de octubre de 1925. Muri\u00f3 en Mil\u00e1n el 25 de noviembre de 2013.<\/p>\n<\/div>\n<\/div>\n\n\n\n<p class=\"wp-block-paragraph\"><strong>1983<\/strong>, convocado por el Comit\u00e9 de Defensa Popular de Durango y la Coordinadora Nacional del MUP, se realiza el <strong>Primer Encuentro Nacional de Mujeres del Movimiento Urbano Popular<\/strong>, en el que se delinea la primera agenda urbana por vivienda, buena convivencia urbana, los derechos de las esposas y la inclusi\u00f3n de las mujeres en la dirigencia del movimiento y una representaci\u00f3n equilibrada en los consejos de toma de decisiones.<\/p>\n\n\n\n<p class=\"wp-block-paragraph\"><strong>1999<\/strong>, se integr\u00f3 la Comisi\u00f3n de Equidad y G\u00e9nero del Congreso del estado de Puebla.<\/p>\n\n\n\n<div class=\"wp-block-columns is-layout-flex wp-container-core-columns-is-layout-8f761849 wp-block-columns-is-layout-flex\">\n<div class=\"wp-block-column is-layout-flow wp-block-column-is-layout-flow\" style=\"flex-basis:33.33%\">\n<figure class=\"wp-block-image size-large\"><img loading=\"lazy\" decoding=\"async\" width=\"302\" height=\"167\" src=\"https:\/\/redsemlac.com\/semmexico\/wp-content\/uploads\/2020\/10\/26-nov-Ivonne-Aracely-Ortega-Pacheco.jpg\" alt=\"\" class=\"wp-image-28086\"\/><\/figure>\n<\/div>\n\n\n\n<div class=\"wp-block-column is-layout-flow wp-block-column-is-layout-flow\" style=\"flex-basis:66.66%\">\n<p class=\"wp-block-paragraph\">1972, naci\u00f3 en Dzemul, Yucat\u00e1n, <strong>Ivonne Aracely Ortega Pacheco<\/strong>, Secretaria General del PRI en 2014. Presidenta municipal de Dzemul (1998-2001); diputada local (2001-2003); diputada federal (2003- 2006), senadora (2006-2007) y gobernadora del estado de Yucat\u00e1n (2007- 2012).<\/p>\n<\/div>\n<\/div>\n\n\n\n<h1 class=\"wp-block-heading\">27<\/h1>\n\n\n\n<div class=\"wp-block-columns is-layout-flex wp-container-core-columns-is-layout-8f761849 wp-block-columns-is-layout-flex\">\n<div class=\"wp-block-column is-layout-flow wp-block-column-is-layout-flow\" style=\"flex-basis:33.33%\">\n<figure class=\"wp-block-image size-large\"><img loading=\"lazy\" decoding=\"async\" width=\"400\" height=\"400\" src=\"https:\/\/redsemlac.com\/semmexico\/wp-content\/uploads\/2020\/10\/27-nov-Beatriz-peniche.jpg\" alt=\"\" class=\"wp-image-28087\"\/><\/figure>\n<\/div>\n\n\n\n<div class=\"wp-block-column is-layout-flow wp-block-column-is-layout-flow\" style=\"flex-basis:66.66%\">\n<p class=\"wp-block-paragraph\">1897, nace en M\u00e9rida, M\u00e9xico, <strong>Beatriz Peniche<\/strong>, una de las tres primeras mujeres diputadas de M\u00e9xico. Esto lo logr\u00f3 en 1922, en virtud de una disposici\u00f3n del gobernador del Estado de Yucat\u00e1n, Felipe Carrillo Puerto, que otorg\u00f3 el voto a las mujeres para las elecciones municipales y estatales. Fue integrante del Partido Socialista de Yucat\u00e1n.<\/p>\n<\/div>\n<\/div>\n\n\n\n<div class=\"wp-block-columns is-layout-flex wp-container-core-columns-is-layout-8f761849 wp-block-columns-is-layout-flex\">\n<div class=\"wp-block-column is-layout-flow wp-block-column-is-layout-flow\" style=\"flex-basis:33.33%\">\n<figure class=\"wp-block-image size-large\"><img loading=\"lazy\" decoding=\"async\" width=\"335\" height=\"399\" src=\"https:\/\/redsemlac.com\/semmexico\/wp-content\/uploads\/2020\/10\/27-nov-Irene-Falcon.jpg\" alt=\"\" class=\"wp-image-28088\"\/><\/figure>\n<\/div>\n\n\n\n<div class=\"wp-block-column is-layout-flow wp-block-column-is-layout-flow\" style=\"flex-basis:66.66%\">\n<p class=\"wp-block-paragraph\">1907, nace en Espa\u00f1a, <strong>Irene Falc\u00f3n<\/strong>, periodista y pol\u00edtica. Educada en el Instituto Alem\u00e1n, trabaj\u00f3 desde los 15 a\u00f1os con el cient\u00edfico Ram\u00f3n y Cajal, como traductora. Su nombre de soltera es Irene Lewy Rodr\u00edguez, pero adopt\u00f3 el apellido de su marido cuando en 1926 empez\u00f3 a publicar sus art\u00edculos en varios peri\u00f3dicos espa\u00f1oles. Conoci\u00f3 a Dolores Ib\u00e1rruri, la legendaria \u201cPasionaria\u201d, con quien colabora estrechamente hasta su muerte. Fue una de las fundadoras de la Asociaci\u00f3n de Mujeres Antifascistas. Despu\u00e9s del triunfo de Franco, vivi\u00f3 exiliada en la entonces Uni\u00f3n Sovi\u00e9tica y posteriormente en China.<\/p>\n<\/div>\n<\/div>\n\n\n\n<div class=\"wp-block-columns is-layout-flex wp-container-core-columns-is-layout-8f761849 wp-block-columns-is-layout-flex\">\n<div class=\"wp-block-column is-layout-flow wp-block-column-is-layout-flow\" style=\"flex-basis:33.33%\">\n<figure class=\"wp-block-image size-large\"><img loading=\"lazy\" decoding=\"async\" width=\"800\" height=\"597\" src=\"https:\/\/redsemlac.com\/semmexico\/wp-content\/uploads\/2020\/10\/27-nov-Maria-Elvira-Bermudez.jpg\" alt=\"\" class=\"wp-image-28089\"\/><\/figure>\n<\/div>\n\n\n\n<div class=\"wp-block-column is-layout-flow wp-block-column-is-layout-flow\" style=\"flex-basis:66.66%\">\n<p class=\"wp-block-paragraph\">1916, naci\u00f3 en el estado de Durango la ensayista y narradora <strong>Mar\u00eda Elvira Berm\u00fadez<\/strong>. Estudi\u00f3 leyes y form\u00f3 parte de la Asociaci\u00f3n de Escritores de M\u00e9xico y del Instituto Internacional de Literatura Iberoamericana. Muri\u00f3 en el Distrito Federal un 7 de mayo de 1988.<\/p>\n<\/div>\n<\/div>\n\n\n\n<p class=\"wp-block-paragraph\"><strong>1941,<\/strong> nace en la Ciudad de M\u00e9xico, <strong>Guadalupe Espinosa Gonz\u00e1lez<\/strong>, soci\u00f3loga. Fue representante en M\u00e9xico del Fondo de Naciones Unidas para la Mujer (UNIFEM), durante 8 a\u00f1os: apoy\u00f3 la creaci\u00f3n de emprendimientos de mujeres en Yucat\u00e1n; los primeros estudios y encuestas sobre derechos sexuales y reproductivos, violencia contra las mujeres y estad\u00edsticas de g\u00e9nero; las redes de ind\u00edgenas, periodistas y sectores populares. Desde 1985 inici\u00f3 en la Divisi\u00f3n de Estad\u00edstica el Departamento de Asuntos Econ\u00f3micos y Sociales del Secretariado de las Naciones Unidas en Nueva York sus contribuciones al feminismo.<\/p>\n\n\n\n<div class=\"wp-block-columns is-layout-flex wp-container-core-columns-is-layout-8f761849 wp-block-columns-is-layout-flex\">\n<div class=\"wp-block-column is-layout-flow wp-block-column-is-layout-flow\" style=\"flex-basis:33.33%\">\n<figure class=\"wp-block-image size-large\"><img decoding=\"async\" src=\"https:\/\/redsemlac.com\/semmexico\/wp-content\/uploads\/2020\/10\/27-Leticia-Corral-Bustamante-768x1024.jpg\" alt=\"\" class=\"wp-image-28090\"\/><\/figure>\n<\/div>\n\n\n\n<div class=\"wp-block-column is-layout-flow wp-block-column-is-layout-flow\" style=\"flex-basis:66.66%\">\n<p class=\"wp-block-paragraph\">2013, la astrof\u00edsica, <strong>Leticia Corral Bustamante<\/strong>, originaria del estado de Chihuahua, recibi\u00f3 el Premio de Ciencia y Tecnolog\u00eda. Destaca por el descubrimiento de un robot metatr\u00f3nico. En 2016, recibi\u00f3 el reconocimiento de la Organizaci\u00f3n Mundial de Ingenieros, por la publicaci\u00f3n de un art\u00edculo de su autor\u00eda en el que analiza la llamada caja de espacio, de Stephen Hawking; cuya teor\u00eda corrige hip\u00f3tesis sobre el univer &#8211; so. Su texto desat\u00f3 una pol\u00e9mica en el mundo cient\u00edfico.<\/p>\n<\/div>\n<\/div>\n\n\n\n<p class=\"wp-block-paragraph\"><strong>2007<\/strong>, se aprueba la <strong>Ley para Prevenir y Sancionar la Trata de Personas<\/strong>. Hoy 18 entidades cuentan con una ley semejante.<\/p>\n\n\n\n<h1 class=\"wp-block-heading\">28<\/h1>\n\n\n\n<div class=\"wp-block-columns is-layout-flex wp-container-core-columns-is-layout-8f761849 wp-block-columns-is-layout-flex\">\n<div class=\"wp-block-column is-layout-flow wp-block-column-is-layout-flow\" style=\"flex-basis:33.33%\">\n<figure class=\"wp-block-image size-large\"><img loading=\"lazy\" decoding=\"async\" width=\"237\" height=\"213\" src=\"https:\/\/redsemlac.com\/semmexico\/wp-content\/uploads\/2020\/10\/28-nov-Mary-Somerville.jpg\" alt=\"\" class=\"wp-image-28091\"\/><\/figure>\n<\/div>\n\n\n\n<div class=\"wp-block-column is-layout-flow wp-block-column-is-layout-flow\" style=\"flex-basis:66.66%\">\n<p class=\"wp-block-paragraph\">1872, muere&nbsp;<strong>Mary Somerville<\/strong>, la Reina de las Ciencias, de nacionalidad&nbsp;escocesa que a pesar de no saber leer a los 10 a\u00f1os, su incansable ansia de saber la llev\u00f3 a convertirse en una de las cient\u00edficas, matem\u00e1ticas, m\u00e1s importantes de la historia. Escribi\u00f3 sus primeros e importantes art\u00edculos sin el respaldo de ninguna instituci\u00f3n, lo que le abri\u00f3 puertas a los salones londinenses, los \u00fanicos a los que pod\u00eda acceder por ser mujer. Se convirti\u00f3 en una escritora cient\u00edfica y fue ejemplo para la entonces adolescente Ada Byron.<\/p>\n<\/div>\n<\/div>\n\n\n\n<div class=\"wp-block-columns is-layout-flex wp-container-core-columns-is-layout-8f761849 wp-block-columns-is-layout-flex\">\n<div class=\"wp-block-column is-layout-flow wp-block-column-is-layout-flow\" style=\"flex-basis:33.33%\">\n<figure class=\"wp-block-image size-large\"><img loading=\"lazy\" decoding=\"async\" width=\"240\" height=\"300\" src=\"https:\/\/redsemlac.com\/semmexico\/wp-content\/uploads\/2020\/10\/27-nov-Rose-Bampton.jpg\" alt=\"\" class=\"wp-image-28092\"\/><\/figure>\n<\/div>\n\n\n\n<div class=\"wp-block-column is-layout-flow wp-block-column-is-layout-flow\" style=\"flex-basis:66.66%\">\n<p class=\"wp-block-paragraph\">1907, nace en Cleveland, Ohio, <strong>Rose Bampton<\/strong>, cantante de \u00f3pera estadounidense. Bampton era mezzosoprano, m\u00e1s tarde soprano. Debut\u00f3 como Siebel en Fausto en 1929. Cant\u00f3 principalmente en el Metropolitan Opera House de Nueva York, pero tambi\u00e9n en otros teatros de \u00f3pera del mundo. Fue favorita en el Teatro Col\u00f3n de Buenos Aires donde cant\u00f3 en 1942, 1943 y 1946 como Leonora de Fidelio, Gutruna, Crisotemis, Eva, la Condesa Almaviva, Kundry, Armida, Ariadne y Elsa. Muri\u00f3 el 21 de agosto de 2007.<\/p>\n<\/div>\n<\/div>\n\n\n\n<div class=\"wp-block-columns is-layout-flex wp-container-core-columns-is-layout-8f761849 wp-block-columns-is-layout-flex\">\n<div class=\"wp-block-column is-layout-flow wp-block-column-is-layout-flow\" style=\"flex-basis:33.33%\">\n<figure class=\"wp-block-image size-large\"><img decoding=\"async\" src=\"https:\/\/redsemlac.com\/semmexico\/wp-content\/uploads\/2020\/10\/28-NOV-ana-maria-hernandez-cardenas-1024x768.jpg\" alt=\"\" class=\"wp-image-28093\"\/><\/figure>\n<\/div>\n\n\n\n<div class=\"wp-block-column is-layout-flow wp-block-column-is-layout-flow\" style=\"flex-basis:66.66%\">\n<p class=\"wp-block-paragraph\">1987, la feminista <strong>Ana Mar\u00eda Hern\u00e1ndez C\u00e1rdenas<\/strong>, quien naci\u00f3 en la Ciudad de M\u00e9xico el 4 de febrero de 1962, funda Salud Integral para la Mujer (SIPAM), junto con Pilar Muiriedas, Mercedes Ballest\u00e9 y Mar\u00eda Eugenia Romero, \u00e9sta es una organizaci\u00f3n dedicada a defender los derechos sexuales y reproductivos de las mujeres. En 2003 fund\u00f3 tambi\u00e9n el Consorcio para el Di\u00e1logo Parlamentario y la Equidad en Oaxaca (3 de agosto de 2003). Coordina la Casa La Serena y responsable de la&nbsp;estrategia de&nbsp;<em>Autocuidado, Cuidado Colectivo y Sanaci\u00f3n<\/em>&nbsp;en la Iniciativa Mesoamericana de Mujeres Defensoras de Derechos Humanos (IM-Defensoras).<\/p>\n<\/div>\n<\/div>\n\n\n\n<h1 class=\"wp-block-heading\">29<\/h1>\n\n\n\n<div class=\"wp-block-columns is-layout-flex wp-container-core-columns-is-layout-8f761849 wp-block-columns-is-layout-flex\">\n<div class=\"wp-block-column is-layout-flow wp-block-column-is-layout-flow\" style=\"flex-basis:33.33%\">\n<figure class=\"wp-block-image size-large\"><img loading=\"lazy\" decoding=\"async\" width=\"704\" height=\"396\" src=\"https:\/\/redsemlac.com\/semmexico\/wp-content\/uploads\/2020\/10\/29-nov-Petra-Karin-Kelly.jpg\" alt=\"\" class=\"wp-image-28094\"\/><\/figure>\n<\/div>\n\n\n\n<div class=\"wp-block-column is-layout-flow wp-block-column-is-layout-flow\" style=\"flex-basis:66.66%\">\n<p class=\"wp-block-paragraph\">1947, nace <strong>Petra Karin Kelly<\/strong>, activista por la paz de origen alem\u00e1n por el Partido Verde. Fue una admiradora de Martin Luther King, Jr. Particip\u00f3 en numerosas campa\u00f1as a favor de la paz y el medio ambiente en Alemania, as\u00ed como en otros pa\u00edses. La ciudad de Bonn le dedic\u00f3 en abril de 2006 un recordatorio de una vida dedicada a la paz, cambiando el nombre de una parte de la calle Franz-Josef-Strau\u00df-Allee por Petra-Kelly-Allee. Existe una fundaci\u00f3n dedicada a la divulgaci\u00f3n de sus ideas y existe un premio entregado anualmente a las personas que han luchado por los derechos humanos, el Premio Petra Kelly. Muri\u00f3 el 1 de octubre de 1992.<\/p>\n<\/div>\n<\/div>\n\n\n\n<div class=\"wp-block-columns is-layout-flex wp-container-core-columns-is-layout-8f761849 wp-block-columns-is-layout-flex\">\n<div class=\"wp-block-column is-layout-flow wp-block-column-is-layout-flow\" style=\"flex-basis:33.33%\">\n<figure class=\"wp-block-image size-large\"><img loading=\"lazy\" decoding=\"async\" width=\"604\" height=\"340\" src=\"https:\/\/redsemlac.com\/semmexico\/wp-content\/uploads\/2020\/10\/29-nov-Maria-Elena-Moyano-Delgado.jpg\" alt=\"\" class=\"wp-image-28095\"\/><\/figure>\n<\/div>\n\n\n\n<div class=\"wp-block-column is-layout-flow wp-block-column-is-layout-flow\" style=\"flex-basis:66.66%\">\n<p class=\"wp-block-paragraph\">1958, nace en Lima, Per\u00fa, <strong>Mar\u00eda Elena Moyano Delgado<\/strong>, activa dirigente popular y Teniente Alcaldesa de Villa El Salvador. Fund\u00f3 con otras mujeres el Grupo Femenino \u201cMicaela Bastidas\u201d. M\u00e1s tarde ser\u00e1 gestora de la Federaci\u00f3n Popular de Mujeres de Villa El Salvador, la que lleg\u00f3 agrupar a m\u00e1s de 10 mil mujeres de ese distrito popular lime\u00f1o. Por su decidida oposici\u00f3n a la intromisi\u00f3n pol\u00edtica del grupo terrorista Sendero Luminoso, recibi\u00f3 numerosas amenazas de muerte, las que se cumplieron al ser asesinada por un comando de esa organizaci\u00f3n en febrero de 1992. Muri\u00f3 en Villa El Salvador el 15 de febrero de 1992.<\/p>\n<\/div>\n<\/div>\n\n\n\n<p class=\"wp-block-paragraph\"><strong>1968<\/strong>, naci\u00f3 en San Miguel de Allende, Guanajuato, <strong>Filomena Margaiz Ram\u00edrez<\/strong>, primera senadora del estado de Guanajuato, asumi\u00f3 primero el cargo como suplente (2000 al 2003) y como titular del 2003 al 2006. Presidenta de la Comisi\u00f3n de Equidad y G\u00e9nero del Senado.<\/p>\n\n\n\n<p class=\"wp-block-paragraph\"><strong>1974<\/strong>, se crea el \u201c<strong>Premio Anual Ruth Rivera Mar\u00edn<\/strong>\u201d por el Consejo Nacional de Mujeres Arquitectas e Ingenieras.<\/p>\n\n\n\n<p class=\"wp-block-paragraph\">2014, se devel\u00f3 la placa conmemorativa del Hospital General del ISSSTE, en Pachuca, Hidalgo, que lleva el nombre de \u201c<strong>Dra. Columba Rivera Osorio<\/strong>\u201d, primera hidalguense y segunda a nivel nacional, en alcanzar el grado de m\u00e9dica. Practic\u00f3 en los hospitales de San Andr\u00e9s y de Mujeres Dementes. Dirigi\u00f3 y administr\u00f3 la revista <em>La Mujer Mexicana<\/em>. Naci\u00f3 en el Mineral del Chico en 1870 y muri\u00f3 en la Ciudad de M\u00e9xico en 1943.<\/p>\n\n\n\n<div class=\"wp-block-columns is-layout-flex wp-container-core-columns-is-layout-8f761849 wp-block-columns-is-layout-flex\">\n<div class=\"wp-block-column is-layout-flow wp-block-column-is-layout-flow\" style=\"flex-basis:33.33%\">\n<figure class=\"wp-block-image size-large\"><img loading=\"lazy\" decoding=\"async\" width=\"827\" height=\"508\" src=\"https:\/\/redsemlac.com\/semmexico\/wp-content\/uploads\/2020\/10\/29-nov-Irma-Estela-Aguirre-Perez-al-centro.jpg\" alt=\"\" class=\"wp-image-28096\"\/><\/figure>\n<\/div>\n\n\n\n<div class=\"wp-block-column is-layout-flow wp-block-column-is-layout-flow\" style=\"flex-basis:66.66%\">\n<p class=\"wp-block-paragraph\">1954, nace en la Ciudad de M\u00e9xico, <strong>Irma Estela Aguirre P\u00e9rez<\/strong>, integrante de la Red Promotora de Asesoras Rurales. Desde 1981 trabaja en la monta\u00f1a de Puebla a favor de las ind\u00edgenas y campesinas. Forma parte del grupo Comalitzin, fundado el 14 de junio de 1981 para apoyar a las mujeres y el desarrollo rural. Perteneci\u00f3 el Grupo de Mujeres Universitarias (GAMU).<\/p>\n<\/div>\n<\/div>\n\n\n\n<h1 class=\"wp-block-heading\">30<\/h1>\n\n\n\n<div class=\"wp-block-columns is-layout-flex wp-container-core-columns-is-layout-8f761849 wp-block-columns-is-layout-flex\">\n<div class=\"wp-block-column is-layout-flow wp-block-column-is-layout-flow\" style=\"flex-basis:33.33%\">\n<figure class=\"wp-block-image size-large\"><img loading=\"lazy\" decoding=\"async\" width=\"225\" height=\"225\" src=\"https:\/\/redsemlac.com\/semmexico\/wp-content\/uploads\/2020\/10\/30-nov-LM-Montgomery.jpg\" alt=\"\" class=\"wp-image-28097\"\/><\/figure>\n<\/div>\n\n\n\n<div class=\"wp-block-column is-layout-flow wp-block-column-is-layout-flow\" style=\"flex-basis:66.66%\">\n<p class=\"wp-block-paragraph\">1874, nace en la Isla del Pr\u00edncipe Eduardo, Canad\u00e1, la escritora&nbsp;<strong>Lucy Maud Montgomery<\/strong>, conocida como LM Montgomery, creadora de la serie de novelas Ana de las Tejas Verdes. Muri\u00f3 en Toronto el 24 de abril de 1942.<\/p>\n<\/div>\n<\/div>\n\n\n\n<div class=\"wp-block-columns is-layout-flex wp-container-core-columns-is-layout-8f761849 wp-block-columns-is-layout-flex\">\n<div class=\"wp-block-column is-layout-flow wp-block-column-is-layout-flow\" style=\"flex-basis:33.33%\">\n<figure class=\"wp-block-image size-large\"><img loading=\"lazy\" decoding=\"async\" width=\"318\" height=\"159\" src=\"https:\/\/redsemlac.com\/semmexico\/wp-content\/uploads\/2020\/10\/30-NOV-BEATRIZ-LOPEZ-ROSADO.jpg\" alt=\"\" class=\"wp-image-28098\"\/><\/figure>\n<\/div>\n\n\n\n<div class=\"wp-block-column is-layout-flow wp-block-column-is-layout-flow\" style=\"flex-basis:66.66%\">\n<p class=\"wp-block-paragraph\">1975, <strong>Beatriz L\u00f3pez Rosado<\/strong> es delegada del Congreso Nacional Popular de Educaci\u00f3n en la secci\u00f3n 36 del SNTE. Militante trostkista, feminista naci\u00f3 el 8 de mayo en Ixtepec, Oaxaca. Particip\u00f3 en la fundaci\u00f3n del FENALIDM, del Grupo de autoconciencia y autoayuda: Madres Libertarias, del frente por la Maternidad Libre. A partir de noviembre de 1999 vive en el Istmo de Tehuantepec. Actualmente es delegada del Sindicato Nacional de Redactores de la Prensa, en el que fund\u00f3 la comisi\u00f3n de mujeres. Coautora del libro Feministas Trostkistas (2019).<\/p>\n<\/div>\n<\/div>\n\n\n\n<p class=\"wp-block-paragraph\"><strong>1920<\/strong>, naci\u00f3 en Pichucalco, Chiapas, <strong>Marcelina Galindo \u201cChelina\u201d<\/strong>, una de las primeras cinco diputadas federales del a\u00f1o de 1955, despu\u00e9s de haberse obtenido el derecho al voto universal en 1953. De profesi\u00f3n periodista, se destac\u00f3 como defensora del derecho ciudadano de las mujeres y dirigi\u00f3 durante 25 a\u00f1os la revista Mujer. Muri\u00f3 el 11 de noviembre de 2008 a los 90 a\u00f1os de edad.<\/p>\n\n\n\n<div class=\"wp-block-columns is-layout-flex wp-container-core-columns-is-layout-8f761849 wp-block-columns-is-layout-flex\">\n<div class=\"wp-block-column is-layout-flow wp-block-column-is-layout-flow\" style=\"flex-basis:33.33%\">\n<figure class=\"wp-block-image size-large\"><img loading=\"lazy\" decoding=\"async\" width=\"299\" height=\"168\" src=\"https:\/\/redsemlac.com\/semmexico\/wp-content\/uploads\/2020\/10\/30-nov-Marina-Abramovic.jpg\" alt=\"\" class=\"wp-image-28099\"\/><\/figure>\n<\/div>\n\n\n\n<div class=\"wp-block-column is-layout-flow wp-block-column-is-layout-flow\" style=\"flex-basis:66.66%\">\n<p class=\"wp-block-paragraph\">1946, naci\u00f3 en Belgrado, <strong>Marina Abramovi\u0107<\/strong>, artista serbia del performance que empez\u00f3 su carrera a comienzos de los a\u00f1os 70. Para probar los l\u00edmites de la relaci\u00f3n entre el artista y el p\u00fablico, desarroll\u00f3 una de sus performances m\u00e1s exigentes (y la m\u00e1s conocida). En ella adoptaba un rol pasivo, mientras el p\u00fablico la forzaba a realizar la actuaci\u00f3n.<br><br><\/p>\n<\/div>\n<\/div>\n\n\n\n<div class=\"wp-block-columns is-layout-flex wp-container-core-columns-is-layout-8f761849 wp-block-columns-is-layout-flex\">\n<div class=\"wp-block-column is-layout-flow wp-block-column-is-layout-flow\" style=\"flex-basis:33.33%\">\n<figure class=\"wp-block-image size-large\"><img loading=\"lazy\" decoding=\"async\" width=\"300\" height=\"200\" src=\"https:\/\/redsemlac.com\/semmexico\/wp-content\/uploads\/2020\/10\/30-nov-Blanca-Charolet-Lopez.jpg\" alt=\"\" class=\"wp-image-28100\"\/><\/figure>\n<\/div>\n\n\n\n<div class=\"wp-block-column is-layout-flow wp-block-column-is-layout-flow\" style=\"flex-basis:66.66%\">\n<p class=\"wp-block-paragraph\">1953, nace en Chahuites, Oaxaca, <strong>Blanca Charolet L\u00f3pez<\/strong>, fot\u00f3grafa autodidacta. Es integrante del Sal\u00f3n de la Pl\u00e1stica Mexicana. Premio Nacional de la Mujer en 2011. Particip\u00f3 en el proyecto Woman UNIFEM 1994. Considerada una de las primeras fotoperiodistas mexicanas, trabaj\u00f3 para El Universal. Fot\u00f3grafa oficial de la presidencia de M\u00e9xico entre 1977-1982.<\/p>\n<\/div>\n<\/div>\n\n\n\n<div class=\"wp-block-columns is-layout-flex wp-container-core-columns-is-layout-8f761849 wp-block-columns-is-layout-flex\">\n<div class=\"wp-block-column is-layout-flow wp-block-column-is-layout-flow\" style=\"flex-basis:33.33%\">\n<figure class=\"wp-block-image size-large\"><img loading=\"lazy\" decoding=\"async\" width=\"800\" height=\"800\" src=\"https:\/\/redsemlac.com\/semmexico\/wp-content\/uploads\/2020\/10\/30-NOV-Concepcion-Keiko-Shirai-Matsumoto.jpg\" alt=\"\" class=\"wp-image-28101\"\/><\/figure>\n<\/div>\n\n\n\n<div class=\"wp-block-column is-layout-flow wp-block-column-is-layout-flow\" style=\"flex-basis:66.66%\">\n<p class=\"wp-block-paragraph\">2011, <strong>Concepci\u00f3n Keiko Shirai Matsumoto<\/strong> recibi\u00f3 el premio Ciudad Capital \u201cHeberto Castillo Mart\u00ednez\u201d, por su destacada labor de investigaci\u00f3n en el estudio de la producci\u00f3n de enzimas hidrol\u00edticas y el estudio de m\u00e9todos biotecnol\u00f3gicos de obtenci\u00f3n de compuestos bioactivos, con valor agregado, a partir de desechos pesqueros y agr\u00edcolas. Inventora de cuatro patentes, tres de ellas nacionales y una en Francia. Ingeniera bioqu\u00edmica industrial con doctorado en ciencias biol\u00f3gicas, responsable del Laboratorio de Biopol\u00edmeros del Laboratorio de Microscop\u00eda Electr\u00f3nica de la Unidad Iztapalapa de la UAM. Con sus investigaciones en el aprovechamiento de desechos crust\u00e1ceos, ha desarrollado un proceso con el que se obtiene quitina o quitosano a partir del empleo de microorganismos como cultivo inicial, y del agregado de enzimas purificadoras, hasta obtener los biopol\u00edmeros. Este proceso es considerado de bajo impacto ambiental y el quitosano puede ser utilizado en la medicina, miner\u00eda, metalurgia, cosmetolog\u00eda y en la industria alimentaria.<\/p>\n<\/div>\n<\/div>\n\n\n\n<hr class=\"wp-block-separator\"\/>\n\n\n\n<p class=\"has-medium-font-size wp-block-paragraph\"><strong>FUENTES<\/strong><\/p>\n\n\n\n<p class=\"wp-block-paragraph\">Agenda 2014, Homenaje a mujeres periodistas. INMUJERES<\/p>\n\n\n\n<p class=\"wp-block-paragraph\">Agenda 2015, Pioneras. INMUJERES<\/p>\n\n\n\n<p class=\"wp-block-paragraph\">Agenda 2016, Mujeres en las Artes y la Cultura en M\u00e9xico. INMUJERES<\/p>\n\n\n\n<p class=\"wp-block-paragraph\">Agenda 2017, Las mujeres en la Ciencia. INMUJERES<\/p>\n\n\n\n<p class=\"wp-block-paragraph\">Efem\u00e9rides de las Mujeres, Ana Mar\u00eda Portugal. UNIFEM Regi\u00f3n Andina-Isis Internacional. 2010<\/p>\n\n\n\n<p class=\"wp-block-paragraph\">Mujeres de Oaxaca. Soledad Jarqu\u00edn Edgar. Conaculta-Consejo Ciudadano de Formaci\u00f3n y Cultura Autogestiva de Oaxaca. 2014<\/p>\n\n\n\n<p class=\"wp-block-paragraph\">Equipo de Investigaci\u00f3n de SemM\u00e9xico encabezado por Sara Lovera.<\/p>\n\n\n\n<p class=\"wp-block-paragraph\"><a href=\"https:\/\/es.wikipedia.org\/\">https:\/\/es.wikipedia.org\/<\/a><\/p>\n\n\n\n<p class=\"wp-block-paragraph\"><a href=\"https:\/\/www.ecured.cu\/\">https:\/\/www.ecured.cu\/<\/a><\/p>\n\n\n\n<p class=\"has-vivid-red-color has-text-color wp-block-paragraph\"><strong>Prohibida su reproducci\u00f3n total o parcial, sin los cr\u00e9ditos correspondientes. (Publicado en www.semmexico.mx) y fuentes.<\/strong><\/p>\n","protected":false},"excerpt":{"rendered":"<p>Lo que tenemos que recordar de Noviembre<\/p>\n","protected":false},"author":3,"featured_media":41557,"comment_status":"open","ping_status":"open","sticky":false,"template":"","format":"standard","meta":{"_monsterinsights_skip_tracking":false,"footnotes":""},"categories":[692,65],"tags":[],"class_list":["post-27998","post","type-post","status-publish","format-standard","has-post-thumbnail","category-692","category-efemerides"],"_links":{"self":[{"href":"https:\/\/redsemlac.com\/semmexico\/wp-json\/wp\/v2\/posts\/27998","targetHints":{"allow":["GET"]}}],"collection":[{"href":"https:\/\/redsemlac.com\/semmexico\/wp-json\/wp\/v2\/posts"}],"about":[{"href":"https:\/\/redsemlac.com\/semmexico\/wp-json\/wp\/v2\/types\/post"}],"author":[{"embeddable":true,"href":"https:\/\/redsemlac.com\/semmexico\/wp-json\/wp\/v2\/users\/3"}],"replies":[{"embeddable":true,"href":"https:\/\/redsemlac.com\/semmexico\/wp-json\/wp\/v2\/comments?post=27998"}],"version-history":[{"count":0,"href":"https:\/\/redsemlac.com\/semmexico\/wp-json\/wp\/v2\/posts\/27998\/revisions"}],"wp:featuredmedia":[{"embeddable":true,"href":"https:\/\/redsemlac.com\/semmexico\/wp-json\/wp\/v2\/media\/41557"}],"wp:attachment":[{"href":"https:\/\/redsemlac.com\/semmexico\/wp-json\/wp\/v2\/media?parent=27998"}],"wp:term":[{"taxonomy":"category","embeddable":true,"href":"https:\/\/redsemlac.com\/semmexico\/wp-json\/wp\/v2\/categories?post=27998"},{"taxonomy":"post_tag","embeddable":true,"href":"https:\/\/redsemlac.com\/semmexico\/wp-json\/wp\/v2\/tags?post=27998"}],"curies":[{"name":"wp","href":"https:\/\/api.w.org\/{rel}","templated":true}]}}