{"id":27994,"date":"2020-10-30T22:17:40","date_gmt":"2020-10-30T22:17:40","guid":{"rendered":"https:\/\/redsemlac.com\/semmexico\/?p=27994"},"modified":"2023-07-21T16:37:33","modified_gmt":"2023-07-21T21:37:33","slug":"condenan-asesinato-de-comunicador-en-cd-juarez","status":"publish","type":"post","link":"https:\/\/redsemlac.com\/semmexico\/condenan-asesinato-de-comunicador-en-cd-juarez\/","title":{"rendered":"Condenan asesinato de comunicador en Cd. Ju\u00e1rez"},"content":{"rendered":"\n<p class=\"wp-block-paragraph\"><strong>* Le recuerdan a AMLO promesa de poner fin a asesinatos contra periodistas<\/strong><\/p>\n\n\n\n<p class=\"wp-block-paragraph\"><strong>* Arturo Alba noveno crimen cometido en 2020 contra un periodista<\/strong><\/p>\n\n\n\n<p class=\"wp-block-paragraph\"><strong>Redacci\u00f3n<\/strong><\/p>\n\n\n\n<p class=\"wp-block-paragraph\">SemM\u00e9xico, Cd. de M\u00e9xico, 30 de octubre, 2020.- Arturo Alba Medina, conductor de Telediario, en Multimedios Televisi\u00f3n, en Ciudad Ju\u00e1rez, Chihuahua, fue asesinado en aquella ciudad fronteriza, el noveno crimen cometido contra un comunicador en este pa\u00eds en lo que va de este a\u00f1o.<\/p>\n\n\n\n<p class=\"wp-block-paragraph\">El Sindicato Nacional de Redactores de la Prensa (SNRP), condena el asesinato del periodista ocurrido anoche y exigi\u00f3 una exhaustiva investigaci\u00f3n a las fiscal\u00edas del Estado de Chihuahua y a la Fiscal\u00eda Especial para la Atenci\u00f3n de Delitos cometidos contra la Libertad de Expresi\u00f3n.<\/p>\n\n\n\n<p class=\"wp-block-paragraph\">Recordaron al presidente Andr\u00e9s Manuel L\u00f3pez Obrador se mantenga firme en su promesa de poner fin a los asesinatos de periodistas en este pa\u00eds y de acabar con la impunidad en los cr\u00edmenes cometidos contra las y los periodistas y comunicadores.<\/p>\n\n\n\n<p class=\"wp-block-paragraph\">En una carta p\u00fabica se\u00f1alan: \u201cPor la memoria de nuestros\/as compa\u00f1eros\/as asesinados\/as, por la seguridad de los\/as trabajadores\/as de los medios y por el futuro del periodismo: \u00a1decimos no a la impunidad!\u201d<\/p>\n\n\n\n<p class=\"wp-block-paragraph\">Arturo Alba Medina, de 49 a\u00f1os de edad, fue alcanzado al salir de la transmisi\u00f3n del informativo que cada noche transmite en Telediario, en el Canal 6 de Multimedios Televisi\u00f3n, en Ciudad Ju\u00e1rez.<\/p>\n\n\n\n<p class=\"wp-block-paragraph\">Medios del pa\u00eds ha se\u00f1alado que este asesinato fue cometido a cuatro d\u00edas de celebrarse el D\u00eda para Poner Fin a la Impunidad de los Cr\u00edmenes contra Periodistas y en plena campa\u00f1a No a la Impunidad 2020, que impulsa la Federaci\u00f3n Internacional de Periodistas.<\/p>\n\n\n\n<p class=\"wp-block-paragraph\">De acuerdo con el diario La Verdad, \u201cUnos minutos antes de su homicidio, el periodista estuvo en la conducci\u00f3n del noticiero Telediario, por canal 6 de Multimedios, donde inform\u00f3, entre otras noticias, de la inseguridad y la corrupci\u00f3n en las corporaciones policiacas en el estado, al pasar noticias sobre el homicidio de Jennifer Amador Moreno, una menor presuntamente asesinada en la ciudad de Chihuahua por agentes de Comisi\u00f3n Estatal de Seguridad P\u00fablica, as\u00ed como de un enfrentamiento entre agentes estatales con presuntos integrantes del grupo La L\u00ednea, en el municipio de Buenaventura\u201d.<\/p>\n\n\n\n<p class=\"wp-block-paragraph\">El crimen del comunicador, dice La Verdad, es el sexto que se comete en Ciudad Ju\u00e1rez desde el a\u00f1o 2000; en ese lapso se contabilizan 23 asesinatos violentos en la entidad, el \u00faltimo fue el de la periodista Miroslava Breach Velducea, corresponsal de La Jornada y Norte de Ju\u00e1rez, en la capital del estado, Chihuahua, el 23 de marzo de 2017.<\/p>\n\n\n\n<p class=\"wp-block-paragraph\">SEM\/sj<\/p>\n","protected":false},"excerpt":{"rendered":"<p>El Sindicato Nacional de Redactores de la Prensa (SNRP), condena el asesinato del periodista ocurrido anoche y exigi\u00f3 una exhaustiva investigaci\u00f3n a las fiscal\u00edas <\/p>\n","protected":false},"author":3,"featured_media":27995,"comment_status":"open","ping_status":"open","sticky":false,"template":"","format":"standard","meta":{"_monsterinsights_skip_tracking":false,"footnotes":""},"categories":[691,55],"tags":[],"class_list":["post-27994","post","type-post","status-publish","format-standard","has-post-thumbnail","category-691","category-periodistas"],"_links":{"self":[{"href":"https:\/\/redsemlac.com\/semmexico\/wp-json\/wp\/v2\/posts\/27994","targetHints":{"allow":["GET"]}}],"collection":[{"href":"https:\/\/redsemlac.com\/semmexico\/wp-json\/wp\/v2\/posts"}],"about":[{"href":"https:\/\/redsemlac.com\/semmexico\/wp-json\/wp\/v2\/types\/post"}],"author":[{"embeddable":true,"href":"https:\/\/redsemlac.com\/semmexico\/wp-json\/wp\/v2\/users\/3"}],"replies":[{"embeddable":true,"href":"https:\/\/redsemlac.com\/semmexico\/wp-json\/wp\/v2\/comments?post=27994"}],"version-history":[{"count":0,"href":"https:\/\/redsemlac.com\/semmexico\/wp-json\/wp\/v2\/posts\/27994\/revisions"}],"wp:featuredmedia":[{"embeddable":true,"href":"https:\/\/redsemlac.com\/semmexico\/wp-json\/wp\/v2\/media\/27995"}],"wp:attachment":[{"href":"https:\/\/redsemlac.com\/semmexico\/wp-json\/wp\/v2\/media?parent=27994"}],"wp:term":[{"taxonomy":"category","embeddable":true,"href":"https:\/\/redsemlac.com\/semmexico\/wp-json\/wp\/v2\/categories?post=27994"},{"taxonomy":"post_tag","embeddable":true,"href":"https:\/\/redsemlac.com\/semmexico\/wp-json\/wp\/v2\/tags?post=27994"}],"curies":[{"name":"wp","href":"https:\/\/api.w.org\/{rel}","templated":true}]}}