{"id":27985,"date":"2020-10-30T21:55:22","date_gmt":"2020-10-30T21:55:22","guid":{"rendered":"https:\/\/redsemlac.com\/semmexico\/?p=27985"},"modified":"2023-07-21T16:37:33","modified_gmt":"2023-07-21T21:37:33","slug":"en-las-ciudades-mujeres-expuestas-a-covid-19","status":"publish","type":"post","link":"https:\/\/redsemlac.com\/semmexico\/en-las-ciudades-mujeres-expuestas-a-covid-19\/","title":{"rendered":"En las ciudades, mujeres expuestas a Covid-19"},"content":{"rendered":"\n<ul class=\"wp-block-list\"><li><strong>Enfrentan hacinamiento, desempleo, m\u00e1s trabajo no remunerado y violencia<\/strong><\/li><\/ul>\n\n\n\n<ul class=\"wp-block-list\"><li><strong>En el D\u00eda Mundial de las Ciudades donde vive el 55 % de la poblaci\u00f3n mundial<\/strong><\/li><\/ul>\n\n\n\n<p class=\"wp-block-paragraph\"><strong>Redacci\u00f3n<\/strong><\/p>\n\n\n\n<p class=\"wp-block-paragraph\">SemM\u00e9xico. Cd. de M\u00e9xico. 30 de octubre de 2020.- El mundo vive un r\u00e1pido proceso de urbanizaci\u00f3n, donde las ciudades albergan al 55 por ciento de la poblaci\u00f3n mundial y se prev\u00e9 que esa cifra aumente hasta el 68 por ciento en el a\u00f1o 2050, seg\u00fan las cifras que la ONU hizo p\u00fablicas por el D\u00eda Mundial de las Ciudades.<\/p>\n\n\n\n<p class=\"wp-block-paragraph\">Con estos n\u00fameros en mente, las Naciones Unidas indican que es urgente una respuesta eficaz de las ciudades a la emergencia del coronavirus, al igual que la elaboraci\u00f3n de un plan para futuros brotes de enfermedades infecciosas en esos centros urbanos.<\/p>\n\n\n\n<p class=\"wp-block-paragraph\">Con un porcentaje estimado del 90 por ciento de todos los casos registrados de Covid-19, las zonas urbanas se han convertido en el epicentro de la pandemia y se han desbordado los servicios de salud p\u00fablicos.<\/p>\n\n\n\n<p class=\"wp-block-paragraph\">Adem\u00e1s, en las zonas urbanas, las medidas de confinamiento derivadas de la Covid-19 han tenido repercusiones econ\u00f3micas que van m\u00e1s all\u00e1\u0301 de sus propios l\u00edmites. Las econom\u00edas urbanas representan, aproximadamente, el 80 por ciento del PIB mundial.<\/p>\n\n\n\n<p class=\"wp-block-paragraph\">La ONU estima que las horas trabajadas en todos los pa\u00edses y todas las regiones han ca\u00eddo un 14 por ciento en el segundo trimestre de 2020 con respecto al \u00faltimo trimestre de 2019, lo que equivale a una p\u00e9rdida de 400 millones de puestos de trabajo a tiempo completo.<\/p>\n\n\n\n<p class=\"wp-block-paragraph\">El sector informal, que supone un 90 por ciento y un 67 por ciento del empleo en los pa\u00edses de ingreso bajo y mediano, respectivamente, ha sido uno de los m\u00e1s perjudicados en todo el mundo. En el primer mes de la crisis, quienes trabajaban en la econom\u00eda informal perdieron, de media, hasta un 60 por ciento de sus ingresos.<\/p>\n\n\n\n<p class=\"wp-block-paragraph\">En \u00c1frica y Am\u00e9rica Latina, la cifra fue de casi el 80 por ciento.<\/p>\n\n\n\n<p class=\"wp-block-paragraph\"><strong>Efecto devastador entre las mujeres<\/strong><\/p>\n\n\n\n<p class=\"wp-block-paragraph\">El efecto ha sido devastador entre las mujeres, sobrerrepresentadas en el sector informal y en otros muy castigados, como los del turismo y los servicios.<\/p>\n\n\n\n<p class=\"wp-block-paragraph\">Adem\u00e1s, para poder cumplir con seguridad las directrices de distanciamiento f\u00edsico e higiene relacionadas con el coronavirus, todo el mundo deber\u00eda tener acceso a una vivienda adecuada. Sin embargo, la crisis de la vivienda urbana que se observa en todo el mundo obliga a unos mil millones de personas, o un 24 por ciento de la poblaci\u00f3n urbana mundial, a residir en barrios marginales y asentamientos informales, lo que empeora los efectos de la pandemia.<\/p>\n\n\n\n<p class=\"wp-block-paragraph\">Con ingresos limitados o inexistentes durante los per\u00edodos de confinamiento, las personas en pobreza de las zonas urbanas de todos los pa\u00edses corren el riesgo de ser desalojados, mientras que el hacinamiento en las viviendas de baja calidad incrementa el riesgo de transmisi\u00f3n r\u00e1pida.<\/p>\n\n\n\n<p class=\"wp-block-paragraph\">Muchas mujeres tambi\u00e9n han estado m\u00e1s expuestas a la violencia y el abuso como consecuencia del problema de la vivienda. Los casos de violencia de g\u00e9nero se han incrementado desde que comenz\u00f3\u0301 la pandemia y han alcanzado niveles alarmantes en todas las regiones. Las restricciones a la movilidad y el aumento del desempleo y la pobreza han mermado todav\u00eda m\u00e1s la capacidad de las mujeres para escapar de situaciones de abuso.<\/p>\n\n\n\n<p class=\"wp-block-paragraph\">Los hogares abarrotados, el abuso de sustancias, el acceso limitado a los servicios y la reducci\u00f3n del apoyo de los compa\u00f1eros est\u00e1n agravando estas condiciones. Antes de la pandemia, se estimaba que una de cada tres mujeres sufrir\u00eda violencia durante su vida. Muchas de estas mujeres ahora est\u00e1n atrapadas en sus hogares con sus abusadores.<\/p>\n\n\n\n<p class=\"wp-block-paragraph\">De acuerdo con datos de la ONU se registran aumentos de casos de violencia en m\u00e1s del 25 por ciento en pa\u00edses con sistemas de notificaci\u00f3n establecidos. En algunos pa\u00edses, los casos notificados se han duplicado.<\/p>\n\n\n\n<p class=\"wp-block-paragraph\">Por otra parte, la crisis global de Covid-19 ha hecho claramente visible el hecho de que las econom\u00edas formales del mundo y el mantenimiento de nuestra vida diaria se basan en el trabajo invisible y no remunerado de mujeres y ni\u00f1as.<\/p>\n\n\n\n<p class=\"wp-block-paragraph\">Con los ni\u00f1os y ni\u00f1as fuera de la escuela, la intensificaci\u00f3n de las necesidades de atenci\u00f3n de las personas mayores y los miembros de la familia enfermos, y los servicios de salud abrumados, las demandas de trabajo de cuidado en un mundo Covid-19 se han intensificado exponencialmente.<\/p>\n\n\n\n<p class=\"wp-block-paragraph\">Antes de que COVID-19 se convirtiera en una pandemia universal, las mujeres realizaban tres veces m\u00e1s trabajo dom\u00e9stico y de cuidados no remunerado que los hombres. En Am\u00e9rica Latina se estima que el valor del trabajo no remunerado representa entre el 15,2 por ciento.<\/p>\n\n\n\n<p class=\"wp-block-paragraph\">Adem\u00e1s, los cierres de escuelas han ejercido presi\u00f3n y demanda adicionales sobre las mujeres y las ni\u00f1as: seg\u00fan la UNESCO, mil 520 millones de estudiantes (87 %) y m\u00e1s de 60 millones de maestros y maestras est\u00e1n ahora en casa a medida que se expanden los cierres de escuelas Covid-19.<\/p>\n\n\n\n<p class=\"wp-block-paragraph\">Por otra parte, la prestaci\u00f3n de servicios de salud sexual y reproductiva, incluida la atenci\u00f3n de la salud materna y los servicios relacionados con la violencia de g\u00e9nero se ha visto afectado tambi\u00e9n en las ciudades. La desviaci\u00f3n de la atenci\u00f3n y los recursos cr\u00edticos fuera de estas disposiciones puede resultar en una mortalidad y morbilidad materna exacerbadas, mayores tasas de embarazos adolescentes, VIH y enfermedades de transmisi\u00f3n sexual.<\/p>\n\n\n\n<p class=\"wp-block-paragraph\">En Am\u00e9rica Latina y el Caribe se estima que otros 18 millones de mujeres perder\u00e1n el acceso regular a los anticonceptivos modernos debido a la pandemia.<\/p>\n\n\n\n<p class=\"wp-block-paragraph\"><strong>D\u00eda Mundial de las Ciudades<\/strong><\/p>\n\n\n\n<p class=\"wp-block-paragraph\">El 31 de octubre se conmemora  El D\u00eda Mundial de las Ciudades y este a\u00f1o el tema es \u00abValorar nuestras comunidades y ciudades\u00bb.<\/p>\n\n\n\n<p class=\"wp-block-paragraph\">Un comunicado de ONU H\u00e1bitat se\u00f1ala que a medida que los gobiernos nacionales y locales adoptan diversas respuestas al Covid-19, el papel y el valor de las comunidades en los entornos urbanos se ha puesto de relieve, lo que nos obliga a reconsiderar la importancia de las acciones locales para la recuperaci\u00f3n y la resiliencia urbana.<\/p>\n\n\n\n<p class=\"wp-block-paragraph\">\u201cLa pandemia ha puesto de relieve la debilidad central de muchos sistemas urbanos, como las econom\u00edas que dependen demasiado de los mercados mundiales y nacionales, sin un reconocimiento suficiente de la contribuci\u00f3n y la importancia de los actores y redes locales, sociales y econ\u00f3micas\u201d.<\/p>\n\n\n\n<p class=\"wp-block-paragraph\">Las comunidades son innovadoras, creativas, resilientes y proactivas en t\u00e9rminos de encontrar soluciones, especialmente durante las crisis. \u201cLa forma en que las ciudades logren movilizar a sus comunidades, en t\u00e9rminos de grupos de identidad, ubicaci\u00f3n y estado econ\u00f3mico, para abordar desaf\u00edos como la COVID-19, el clima y la desigualdad, contribuir\u00e1 a su \u00e9xito\u201d.<\/p>\n\n\n\n<p class=\"wp-block-paragraph\">SEM\/sj<\/p>\n","protected":false},"excerpt":{"rendered":"<p>En el D\u00eda Mundial de las Ciudades donde vive el 55 % de la poblaci\u00f3n mundial<\/p>\n","protected":false},"author":3,"featured_media":27986,"comment_status":"open","ping_status":"open","sticky":false,"template":"","format":"standard","meta":{"_monsterinsights_skip_tracking":false,"footnotes":""},"categories":[691,135],"tags":[],"class_list":["post-27985","post","type-post","status-publish","format-standard","has-post-thumbnail","category-691","category-emergencia-sanitaria-covid-19"],"_links":{"self":[{"href":"https:\/\/redsemlac.com\/semmexico\/wp-json\/wp\/v2\/posts\/27985","targetHints":{"allow":["GET"]}}],"collection":[{"href":"https:\/\/redsemlac.com\/semmexico\/wp-json\/wp\/v2\/posts"}],"about":[{"href":"https:\/\/redsemlac.com\/semmexico\/wp-json\/wp\/v2\/types\/post"}],"author":[{"embeddable":true,"href":"https:\/\/redsemlac.com\/semmexico\/wp-json\/wp\/v2\/users\/3"}],"replies":[{"embeddable":true,"href":"https:\/\/redsemlac.com\/semmexico\/wp-json\/wp\/v2\/comments?post=27985"}],"version-history":[{"count":0,"href":"https:\/\/redsemlac.com\/semmexico\/wp-json\/wp\/v2\/posts\/27985\/revisions"}],"wp:featuredmedia":[{"embeddable":true,"href":"https:\/\/redsemlac.com\/semmexico\/wp-json\/wp\/v2\/media\/27986"}],"wp:attachment":[{"href":"https:\/\/redsemlac.com\/semmexico\/wp-json\/wp\/v2\/media?parent=27985"}],"wp:term":[{"taxonomy":"category","embeddable":true,"href":"https:\/\/redsemlac.com\/semmexico\/wp-json\/wp\/v2\/categories?post=27985"},{"taxonomy":"post_tag","embeddable":true,"href":"https:\/\/redsemlac.com\/semmexico\/wp-json\/wp\/v2\/tags?post=27985"}],"curies":[{"name":"wp","href":"https:\/\/api.w.org\/{rel}","templated":true}]}}