{"id":27975,"date":"2020-10-30T18:07:40","date_gmt":"2020-10-30T18:07:40","guid":{"rendered":"https:\/\/redsemlac.com\/semmexico\/?p=27975"},"modified":"2023-07-21T16:37:34","modified_gmt":"2023-07-21T21:37:34","slug":"natalia-mendoza-premio-bellas-artes-por-contigo-a-la-distancia","status":"publish","type":"post","link":"https:\/\/redsemlac.com\/semmexico\/natalia-mendoza-premio-bellas-artes-por-contigo-a-la-distancia\/","title":{"rendered":"Natalia Mendoza Premio Bellas Artes por Contigo a la Distancia"},"content":{"rendered":"\n<ul class=\"wp-block-list\"><li><strong>Certamen de ensayo literario Jos\u00e9 Revueltas 2020<\/strong><\/li><li><strong>Ensayo sobre el doloroso caminar de las Rastreadoras<\/strong><\/li><\/ul>\n\n\n\n<p class=\"wp-block-paragraph\"><strong>Norma Isela V\u00e1squez L\u00e1zaro*<\/strong><\/p>\n\n\n\n<p class=\"wp-block-paragraph\">SemM\u00e9xico\/ Semanario Reflexi\u00f3n, Estado de M\u00e9xico, 30 de octubre 2020.- La antrop\u00f3loga Natalia Mendoza recibi\u00f3 en forma virtual el Premio Bellas Artes de Ensayo Literario Jos\u00e9 Revueltas 2020, otorgado por la Secretar\u00eda de Cultura del Gobierno de M\u00e9xico y el Instituto Nacional de Bellas Artes y Literatura (INBAL), a trav\u00e9s de la Coordinaci\u00f3n Nacional de Literatura (CNL), y el Gobierno del estado de Durango, por medio del Instituto de Cultura de la entidad y la Casa de la Cultura Ernestina Gamboa de G\u00f3mez Palacio, por su obra <strong>El extrav\u00edo de los signos<\/strong>. Tres ensayos sobre duelo y porvenir.&nbsp;<\/p>\n\n\n\n<p class=\"wp-block-paragraph\">Por est\u00e1 \u00fanica ocasi\u00f3n, en el marco de la campa\u00f1a \u201cContigo en la distancia\u201d, el Premio Bellas Artes de Ensayo Literario Jos\u00e9 Revueltas 2020 se entrega de manera virtual.<\/p>\n\n\n\n<p class=\"wp-block-paragraph\">La directora general del Instituto Nacional de Bellas Artes y Literatura, Lucina Jim\u00e9nez L\u00f3pez, refiri\u00f3 que Natalia Mendoza aborda una perspectiva en la que ella combina su formaci\u00f3n antropol\u00f3gica con el ensayo, pero al mismo tiempo se nutre de su propia pr\u00e1ctica social, ensayista y comprometida con las realidades.&nbsp;<\/p>\n\n\n\n<p class=\"wp-block-paragraph\">Al comentar El extrav\u00edo de los signos. Tres ensayos sobre duelo y porvenir, mencion\u00f3 que la galardonada aborda el tema sensible, doloroso, de las rastreadoras. \u201cEstas mujeres que buscan en los espacios de la tierra, en los espacios m\u00e1s inesperados, a los desaparecidos.&nbsp;&nbsp;<\/p>\n\n\n\n<p class=\"wp-block-paragraph\">\u201cEs una obra literaria que aborda el tema del duelo, el tema de la posibilidad de la sepultura, la posibilidad de la justicia como factor fundamental que pueda permitirnos hablar del porvenir con un nivel de sosiego personal, familiar, comunitario, colectivo, de pa\u00eds que tiene que estar ligado con los debates que vive hoy una sociedad en profunda transformaci\u00f3n\u201d, agreg\u00f3 la titular del INBAL.&nbsp;&nbsp;<\/p>\n\n\n\n<p class=\"wp-block-paragraph\">Al recordar que este galard\u00f3n surgi\u00f3 en los a\u00f1os setenta para alentar el estudio de la obra de Jos\u00e9 Revueltas en su manera de acercarnos a la lectura de una realidad pol\u00edtica, social, literaria en la que M\u00e9xico ha tenido siempre este cruce de relaciones entre literatura y pol\u00edtica, enfatiz\u00f3 que la obra de Natalia Mendoza se nutre no solo de la literatura contempor\u00e1nea, sino de las vidas, de las biograf\u00edas y de las trayectorias que van generando estas mujeres comprometidas con la vida \u201caunque ellas mismas dedican sus horas, sus sue\u00f1os, sus miradas a buscar a quienes&nbsp; no est\u00e1n en este momento\u201d.&nbsp;&nbsp;<\/p>\n\n\n\n<p class=\"wp-block-paragraph\">La Directora General del INBAL se\u00f1al\u00f3 que literatura y pol\u00edtica se dan la mano para buscar otros espacios de reflexi\u00f3n, otras realidades posibles, partiendo del reconocimiento de lo que hoy en d\u00eda puede ser una circunstancia dolorosa para una sociedad.&nbsp;<\/p>\n\n\n\n<p class=\"wp-block-paragraph\">Por \u00faltimo, reconoci\u00f3 que el premio ampl\u00eda su perspectiva para poder alentar a quienes analizan la contribuci\u00f3n de diferentes protagonistas de la literatura latinoamericana, tanto en espa\u00f1ol como en otras lenguas, dada la diversidad cultural y ling\u00fc\u00edstica que caracteriza nuestra realidad.&nbsp;&nbsp;<\/p>\n\n\n\n<p class=\"wp-block-paragraph\">Por su parte, la directora general del Instituto de Cultura del Estado de Durango (ICED), Socorro Soto Alan\u00eds, destac\u00f3 el papel de los escritores en esta \u00e9poca de pandemia, al considerar necesario que sigan regalando reflexiones a trav\u00e9s del ensayo, \u201cque es el m\u00e1s complicado de los g\u00e9neros literarios y que tiene ya una larga tradici\u00f3n\u201d.<\/p>\n\n\n\n<p class=\"wp-block-paragraph\">En este sentido, refiri\u00f3 que este galard\u00f3n es un homenaje al gran escritor del Siglo XX que naci\u00f3 en Durango: Jos\u00e9 Revueltas.&nbsp; \u201cUno de los escritores con gran obra creativa, conmovedora, vital en el siglo XX, que refleja las profundidades del ser y de la identidad humana\u201d.&nbsp;<\/p>\n\n\n\n<p class=\"wp-block-paragraph\">En tanto, la coordinadora nacional de Literatura, Leticia Luna, dio lectura al acta de deliberaci\u00f3n emitida por el jurado conformado por Francesca Gargallo, Marcela del Palacio Rossetti y Jes\u00fas Ram\u00edrez Berm\u00fadez, el cual otorg\u00f3 por unanimidad este premio a Elsa Natalia Mendoza Rockwell, con el seud\u00f3nimo Mar\u00eda Monta\u00f1o, por El extrav\u00edo de los signos. Tres ensayos sobre duelo y porvenir.&nbsp; &nbsp;<\/p>\n\n\n\n<p class=\"wp-block-paragraph\">Refiri\u00f3 que es una obra de actualidad apremiante, que apunta a una conciencia hist\u00f3rica para sostener la acci\u00f3n colectiva. Esto nos permite buscar una reconstrucci\u00f3n social, tomando en cuenta tambi\u00e9n el fen\u00f3meno de la b\u00fasqueda de desaparecidos, el arrepentimiento de los sicarios.&nbsp; Se trata de un ensayo que analiza la contemporaneidad mexicana y latinoamericana, y lo realiza con rigor cr\u00edtico sin incurrir en esquematismos\u201d, agrega el texto del jurado.&nbsp;&nbsp;<\/p>\n\n\n\n<p class=\"wp-block-paragraph\">En la entrega del galard\u00f3n, Natalia Mendoza Rockwell comparti\u00f3 que la novela El luto humano fue la estrella gu\u00eda para la escritura de El extrav\u00edo de los signos. Y comenta que en esa novela Jos\u00e9 Revueltas plantea un problema similar al que se aborda en el ensayo.<\/p>\n\n\n\n<p class=\"wp-block-paragraph\">Durante el funeral de una ni\u00f1a, que termina en \u00e9xodo y exilio, el escritor introduce otros tiempos, \u201cla memoria de la violencia revolucionaria y c\u00f3mo darle sentido, como convertirla en violencia fundacional, como convertirla en una violencia que d\u00e9 pie a algo nuevo\u201d, ese es el tema del Extrav\u00edo de los signos, dijo Mendoza Rockwell, \u201cen el que me pregunto por la relaci\u00f3n entre el duelo, el luto y la posibilidad de entrever un futuro, de imaginar un horizonte\u201d.<\/p>\n\n\n\n<p class=\"wp-block-paragraph\">Natalia Mendoza Rockwell es antrop\u00f3loga por la Universidad de Columbia. Sus art\u00edculos han aparecido en numerosas revistas cient\u00edficas, mientras que sus ensayos pueden leerse en publicaciones como Horizontal, Letras Libres o Nexos.<\/p>\n\n\n\n<p class=\"wp-block-paragraph\"><strong>Remembranza<\/strong><\/p>\n\n\n\n<p class=\"wp-block-paragraph\">La primera convocatoria del Premio Bellas Artes de Ensayo Literario Jos\u00e9 Revueltas se dio a conocer en 1975 bajo los auspicios de la Casa de Cultura de G\u00f3mez Palacio, Durango, y la coordinaci\u00f3n de Literatura \u2014entonces Departamento\u2014 del INBAL.&nbsp;<\/p>\n\n\n\n<p class=\"wp-block-paragraph\">Entre los galardonados destacan Luis Cardoza y Arag\u00f3n, Vicente Quirarte, Mar\u00eda Stoopen, H\u00e9ctor Perea, Ver\u00f3nica Volkow, Ignacio Padilla, Malva Flores, Armando Gonz\u00e1lez Torres, Sonia Adriana Pe\u00f1a y Ad\u00e1n Medell\u00edn, entre otros.&nbsp;&nbsp;<\/p>\n\n\n\n<p class=\"wp-block-paragraph\">Enlace: <a href=\"https:\/\/reflexion24informativo.com.mx\/natalia-mendoza-recibe-el-premio-bellas-artes-de-ensayo-literario-jose-revueltas-2020\/\">https:\/\/reflexion24informativo.com.mx\/natalia-mendoza-recibe-el-premio-bellas-artes-de-ensayo-literario-jose-revueltas-2020\/<\/a><\/p>\n\n\n\n<p class=\"wp-block-paragraph\">*Directora del Semanario Reflexiones<\/p>\n","protected":false},"excerpt":{"rendered":"<p>En el marco de la campa\u00f1a \u201cContigo en la distancia\u201d, el Premio Bellas Artes de Ensayo Literario Jos\u00e9 Revueltas 2020 se entrega de manera virtual.<\/p>\n","protected":false},"author":3,"featured_media":27976,"comment_status":"open","ping_status":"open","sticky":false,"template":"","format":"standard","meta":{"_monsterinsights_skip_tracking":false,"footnotes":""},"categories":[691,45,46],"tags":[],"class_list":["post-27975","post","type-post","status-publish","format-standard","has-post-thumbnail","category-691","category-cultura","category-cultura-cultura"],"_links":{"self":[{"href":"https:\/\/redsemlac.com\/semmexico\/wp-json\/wp\/v2\/posts\/27975","targetHints":{"allow":["GET"]}}],"collection":[{"href":"https:\/\/redsemlac.com\/semmexico\/wp-json\/wp\/v2\/posts"}],"about":[{"href":"https:\/\/redsemlac.com\/semmexico\/wp-json\/wp\/v2\/types\/post"}],"author":[{"embeddable":true,"href":"https:\/\/redsemlac.com\/semmexico\/wp-json\/wp\/v2\/users\/3"}],"replies":[{"embeddable":true,"href":"https:\/\/redsemlac.com\/semmexico\/wp-json\/wp\/v2\/comments?post=27975"}],"version-history":[{"count":0,"href":"https:\/\/redsemlac.com\/semmexico\/wp-json\/wp\/v2\/posts\/27975\/revisions"}],"wp:featuredmedia":[{"embeddable":true,"href":"https:\/\/redsemlac.com\/semmexico\/wp-json\/wp\/v2\/media\/27976"}],"wp:attachment":[{"href":"https:\/\/redsemlac.com\/semmexico\/wp-json\/wp\/v2\/media?parent=27975"}],"wp:term":[{"taxonomy":"category","embeddable":true,"href":"https:\/\/redsemlac.com\/semmexico\/wp-json\/wp\/v2\/categories?post=27975"},{"taxonomy":"post_tag","embeddable":true,"href":"https:\/\/redsemlac.com\/semmexico\/wp-json\/wp\/v2\/tags?post=27975"}],"curies":[{"name":"wp","href":"https:\/\/api.w.org\/{rel}","templated":true}]}}