{"id":27877,"date":"2020-10-22T19:59:00","date_gmt":"2020-10-22T19:59:00","guid":{"rendered":"https:\/\/redsemlac.com\/semmexico\/?p=27877"},"modified":"2023-07-21T16:36:55","modified_gmt":"2023-07-21T21:36:55","slug":"escuela-de-hombres-en-michoacan","status":"publish","type":"post","link":"https:\/\/redsemlac.com\/semmexico\/escuela-de-hombres-en-michoacan\/","title":{"rendered":"En Michoac\u00e1n se institucionalizar\u00e1 la Escuela de Hombres"},"content":{"rendered":"\n<ul class=\"wp-block-list\"><li><strong>Este d\u00eda la Seimujer realiz\u00f3 la sesi\u00f3n presencial la capital del Estado.<\/strong><\/li><\/ul>\n\n\n\n<p class=\"wp-block-paragraph\"><strong>&nbsp;Redacci\u00f3n<\/strong><\/p>\n\n\n\n<p class=\"wp-block-paragraph\">SemM\u00e9xico. Morelia, Michoac\u00e1n, a 22 de octubre de 2020.- Con la participaci\u00f3n de 80 morelianos, se realiz\u00f3 este d\u00eda la sesi\u00f3n presencial de la Escuela de Hombres para Prevenir y Atender la Violencia contra las Mujeres en Morelia, el objetivo es lograr la deconstrucci\u00f3n masculina.<\/p>\n\n\n\n<p class=\"wp-block-paragraph\">Se buscar\u00e1 que la Escuela impulsada por la Secretar\u00eda de Igualdad Sustantiva y Desarrollo de las Mujeres (Seimujer), sea institucionalizada en los municipios declarados con Alerta de Violencia de G\u00e9nero contra las Mujeres (AVGM) y en los que registran la mayor incidencia en casos de violencia de g\u00e9nero, indic\u00f3 la titular de la dependencia Nuria Gabriela Hern\u00e1ndez Abarca.<\/p>\n\n\n\n<p class=\"wp-block-paragraph\">&nbsp;\u201cEl 80 por ciento de los homicidios de las mujeres son cometidos por hombres, por ello es muy importante trabajar con ellos, para que logren identificar actitudes normalizadas pero que son violencia contra las mujeres\u201d, afirm\u00f3 la funcionaria.<\/p>\n\n\n\n<p class=\"wp-block-paragraph\">Por su parte, el secretario del Ayuntamiento, Humberto Arr\u00f3niz Reyes, celebr\u00f3 que se realicen estos esfuerzos en los que participa el Gobierno del Estado y el municipio \u201clo que est\u00e1 sucediendo en nuestra sociedad son fen\u00f3menos terribles, yo espero que esta Escuela sirva para avanzar en la erradicaci\u00f3n de la violencia, invito a mis compa\u00f1eros a aprovechar el taller para su beneficio personal\u201d.<\/p>\n\n\n\n<p class=\"wp-block-paragraph\">Mientras Mar\u00eda Concepci\u00f3n Torres Zaragoza, directora del Instituto Municipal de la Mujer para la Igualdad Sustentable, reconoci\u00f3 que actualmente se ha registrado un incremento en los casos de violencia contra las mujeres y ni\u00f1as de la ciudad \u201csi aspiramos a una sociedad m\u00e1s justa debemos replantearnos las acciones para deconstruirse desde ustedes como hombres, la realidad actual nos lo exige para avanzar a una sociedad igualitaria\u201d.<\/p>\n\n\n\n<p class=\"wp-block-paragraph\">&nbsp;\u201cDebemos empezar a cuestionarnos c\u00f3mo ser hombre, c\u00f3mo nos ense\u00f1aron a ser hombres, hay toda una historia y que nos han dicho que as\u00ed debemos ser, ser el macho de la casa, estas actitudes machistas han generado sufrimiento a muchas generaciones\u201d, afirm\u00f3 \u00c1ngel Mill\u00e1n, quien particip\u00f3 de la sesi\u00f3n del d\u00eda de hoy.<\/p>\n\n\n\n<p class=\"wp-block-paragraph\">Con Morelia, son ya tres los municipios donde se realizan sesiones presenciales de la Escuela de Hombres, Zit\u00e1cuaro y Uruapan fueron los primeros donde se realiz\u00f3 el ejercicio que cada semana tiene su sesi\u00f3n virtual.<\/p>\n\n\n\n<p class=\"wp-block-paragraph\">SEM\/IL<\/p>\n","protected":false},"excerpt":{"rendered":"<p>Este d\u00eda la Seimujer realiz\u00f3 la sesi\u00f3n presencial la capital del Estado.<\/p>\n","protected":false},"author":3,"featured_media":27879,"comment_status":"open","ping_status":"open","sticky":false,"template":"","format":"standard","meta":{"_monsterinsights_skip_tracking":false,"footnotes":""},"categories":[691,51],"tags":[],"class_list":["post-27877","post","type-post","status-publish","format-standard","has-post-thumbnail","category-691","category-ejecutivo"],"_links":{"self":[{"href":"https:\/\/redsemlac.com\/semmexico\/wp-json\/wp\/v2\/posts\/27877","targetHints":{"allow":["GET"]}}],"collection":[{"href":"https:\/\/redsemlac.com\/semmexico\/wp-json\/wp\/v2\/posts"}],"about":[{"href":"https:\/\/redsemlac.com\/semmexico\/wp-json\/wp\/v2\/types\/post"}],"author":[{"embeddable":true,"href":"https:\/\/redsemlac.com\/semmexico\/wp-json\/wp\/v2\/users\/3"}],"replies":[{"embeddable":true,"href":"https:\/\/redsemlac.com\/semmexico\/wp-json\/wp\/v2\/comments?post=27877"}],"version-history":[{"count":0,"href":"https:\/\/redsemlac.com\/semmexico\/wp-json\/wp\/v2\/posts\/27877\/revisions"}],"wp:featuredmedia":[{"embeddable":true,"href":"https:\/\/redsemlac.com\/semmexico\/wp-json\/wp\/v2\/media\/27879"}],"wp:attachment":[{"href":"https:\/\/redsemlac.com\/semmexico\/wp-json\/wp\/v2\/media?parent=27877"}],"wp:term":[{"taxonomy":"category","embeddable":true,"href":"https:\/\/redsemlac.com\/semmexico\/wp-json\/wp\/v2\/categories?post=27877"},{"taxonomy":"post_tag","embeddable":true,"href":"https:\/\/redsemlac.com\/semmexico\/wp-json\/wp\/v2\/tags?post=27877"}],"curies":[{"name":"wp","href":"https:\/\/api.w.org\/{rel}","templated":true}]}}