{"id":27830,"date":"2020-10-27T21:13:14","date_gmt":"2020-10-27T21:13:14","guid":{"rendered":"https:\/\/redsemlac.com\/semmexico\/?p=27830"},"modified":"2023-07-21T16:36:51","modified_gmt":"2023-07-21T21:36:51","slug":"guerrero-es-una-cajita","status":"publish","type":"post","link":"https:\/\/redsemlac.com\/semmexico\/guerrero-es-una-cajita\/","title":{"rendered":"Guerrero es una cajita"},"content":{"rendered":"\n<p class=\"has-text-align-right wp-block-paragraph\"><strong><em>Quien cantar quiera a Guerrero para todas las edades\/necesita revestirse de un ritual de dignidades. <\/em><\/strong>Rub\u00e9n Mora.<\/p>\n\n\n\n<p class=\"wp-block-paragraph\"><strong>Por: Florencio Salazar Adame<\/strong><\/p>\n\n\n\n<p class=\"wp-block-paragraph\">SemM\u00e9xico. 27 de octubre 2020.- Guerrero es una cajita, pintada en Olinal\u00e1. Y en esa cajita viven hombres bravos y de acero, que han venido por los caminos del sur, pasando por Taxco, Iguala, Chilpancingo y Acapulco, llegando al pie de una azul monta\u00f1a en donde hay jaguares en las mara\u00f1as y p\u00e1jaros sobre el r\u00edo tambi\u00e9n azul.<\/p>\n\n\n\n<p class=\"wp-block-paragraph\">En este paisaje selv\u00e1tico, monta\u00f1oso, de largos litorales en los que se oculta el sol huyendo de sus propios resplandores, hay mujeres y hombres de piel tostada, de car\u00e1cter recio, de decisiones que, incluso, pueden ser fatales.<\/p>\n\n\n\n<p class=\"wp-block-paragraph\">El suriano es un pueblo musical, alegre. Cada una de sus partes tiene sus propios modos de acariciar la vig\u00fcela y ejecutar el viol\u00edn, de tocar el tamborcillo y sacarle al arpa ese sonido de ecos delicados, para bailar huarache cruzado con zapateados de hembras de Tixtla, Tierra Caliente y San Marcos.<\/p>\n\n\n\n<p class=\"wp-block-paragraph\">Guerrero es un pueblo de pueblos. Cada regi\u00f3n tiene su caracter\u00edstica \u00e9tnica, sus estilos y tradiciones.<\/p>\n\n\n\n<p class=\"wp-block-paragraph\">Norte y Centro son regiones de tierras templadas, con excepci\u00f3n de la calurosa Iguala, en donde los tamarindos en callada procesi\u00f3n rinden culto al hero\u00edsmo. Pero de norte a sur, empieza el fr\u00edo mineral de Taxco, en donde Juan Ruiz de Alarc\u00f3n sali\u00f3 en un camioncito Flecha Roja al advertir que las verdades sospechosa y que las paredes oyen pero tambi\u00e9n tienen lengua.<\/p>\n\n\n\n<p class=\"wp-block-paragraph\">Chilpancingo, capital del estado debido a tres circunstancias: el calor de Iguala, los pleitos entre los generales Vicente Jim\u00e9nez y Diego \u00c1lvarez, centro geogr\u00e1fico del estado y, adicionalmente, lugar se\u00f1ero de Morelos, del Primer Congreso de An\u00e1huac. Al que siempre hay que volver, para escuchar la orquesta de los p\u00e1jaros bajo el laurel, recordar la charla con la novia o pensar en c\u00f3mo se amar\u00edan los padres de La matagente.<\/p>\n\n\n\n<p class=\"wp-block-paragraph\">Acapulco est\u00e1 escrito en p\u00e1ginas que se abren como un cubo, por cada uno de sus lados. Este cubo de libro relata historias dependiendo c\u00f3mo est\u00e9 ubicado, pues a veces la tapa superior es inferior y los lados est\u00e1n en las posiciones antes referidas. Algunas p\u00e1ginas son brillantes, otras glamorosas, otras m\u00e1s tr\u00e1gicas, sin faltar las francamente oscuras. Tengo noticias de la existencia de un ejemplar de este libro-cubo en la biblioteca de Jorge Luis Borges.<\/p>\n\n\n\n<p class=\"wp-block-paragraph\">En La Quebrada, los intr\u00e9pidos clavadistas se armonizan con la marea, para caer en el preciso instante en que se levanta el agua. Es la conjunci\u00f3n del hombre en todas sus dimensiones, igual a las historias, rese\u00f1as y cr\u00f3nicas habitadas en la cabeza de Anituy Rebolledo.<\/p>\n\n\n\n<p class=\"wp-block-paragraph\">A San Jer\u00f3nimo fui a preparar, dos d\u00edas previos, los eventos por el natalicio de Juan \u00c1lvarez al Arenal de \u00c1lvarez, al que asistir\u00eda el gobernador Caritino Maldonado. Don Isabel Torreblanca \u2013don Chabe \u2013 era alcalde. D\u00e1bamos dos o tres vueltas por las ma\u00f1anas de San Jer\u00f3nimo al Arenal para ver los preparativos. La noche anterior al evento don Chabe no quiso moverse. \u201cNo joven, yo tengo mis asuntitos y en la noche no me voy a dar cuenta de nada\u201d. Y yo subiendo y bajando con \u00e9l, v\u00e1lgame.<\/p>\n\n\n\n<p class=\"wp-block-paragraph\">La canci\u00f3n de Jos\u00e9 Agust\u00edn Ram\u00edrez que m\u00e1s me gusta es Atoyac. Lo descifrable de su paisaje, lo indescifrable de su gente. Las met\u00e1foras tan vivas, que se siente el paso del r\u00edo entre valles y barrancos que nuestra emoci\u00f3n despierta.<\/p>\n\n\n\n<p class=\"wp-block-paragraph\">En un viejo Land Rover \u00edbamos un grupo de j\u00f3venes por todas las cabeceras de la Costa Grande organizando al PRI juvenil. En san Jeronimito, nos recibi\u00f3 el comisario, de no m\u00e1s de 20 a\u00f1os, como nosotros. Dijo a uno de sus ayudantes: \u201cSi hay un marrano cometiendo infracci\u00f3n lo levantas\u201d. Nos dijo que estaba prohibido por salud p\u00fablica que los cerdos anduvieran en la calle. M\u00e1s tarde comimos carnitas.<\/p>\n\n\n\n<p class=\"wp-block-paragraph\">San Jeronimito est\u00e1 en Petatl\u00e1n y de Petatl\u00e1n era Cheque Cisneros, el compositor de Cerca del mar. Me platica Leonel Maciel que Cheque llega a su casa y dice a su madre: \u201cprep\u00e1reme el terno blanco mientras voy a ba\u00f1arme al r\u00edo, porque luego me voy a acostar para morir\u201d. Al regresar del r\u00edo, se visti\u00f3 todo de blanco y se acost\u00f3. Despu\u00e9s lo abandon\u00f3 su alma.<\/p>\n\n\n\n<p class=\"wp-block-paragraph\">La costa que no sabemos por qu\u00e9 la llaman Chica, si es tan grande el amor con que la quiere Rub\u00e9n Mora, est\u00e1 llena de chilenas, compositores, m\u00fasicos, poetas y, desgraciadamente, tambi\u00e9n de cuatro velas encendidas.<\/p>\n\n\n\n<p class=\"wp-block-paragraph\">Para que se den un quem\u00f3n, nom\u00e1s recuerden este fragmento del vate de Cuautepec: \u201cCosta jocunda, risue\u00f1a\/ como suele ser la costa\/ mujer de cintura angosta\/ de ardiente carne trigue\u00f1a\u201d. Y la gente, de Acapulco a Cuajinicuilapa, es como el mismo d\u00eda: se va difuminando el color de la piel desde el mestizaje acanelado hasta la brillante oscuridad nocturna.<\/p>\n\n\n\n<p class=\"wp-block-paragraph\">Recuerdo una larga conversaci\u00f3n con Pepe Jara en Ometepec, relat\u00e1ndome de su amistad con \u00c1lvaro Carrillo; afortunado encuentro gracias a la invitaci\u00f3n del gobernador \u00c1ngel Aguirre al homenaje al autor de Sabor a m\u00ed.<\/p>\n\n\n\n<p class=\"wp-block-paragraph\">Y tambi\u00e9n en Ometepec, la poes\u00eda vern\u00e1cula de Juan Garc\u00eda Jim\u00e9nez y su \u201c\u00d3rale Rimigio, garre sus tilichis y oritita mismo se me va a la escuela\u201d. Hay tilichis, pero cu\u00e1l escuela con este coco invisible y mat\u00f3n.<\/p>\n\n\n\n<p class=\"wp-block-paragraph\">La Tierra Caliente es de polvos finos de colores amarillos y rojizos. Y el otro polvo, el de los bailes con Los Tavira y sus sones El gusto federal, La tortolita, El pa\u00f1uelo, en esa danza de sol l\u00edquido con hervor de neblina. Y en el hermoso r\u00edo de las Balsas, no s\u00f3lo hay caimanes y garzas. Y si lo dudan, vayan a darse una vueltecita por Aritichanguio, Guayameo y Pinz\u00f3n Morado. Eso s\u00ed, tengan mucho cuidado con la forma de poner la mirada, que por algo es de all\u00e1 el corrido de El Coyote de Celedonio Serrano.<\/p>\n\n\n\n<p class=\"wp-block-paragraph\">Chilapa, rebozo y sombrero de palma, de grandes cazuelas de pozole, chocolate de olla y pan de huevo, de ponte duros y dulces en conserva, de su ambiente conventual y sus internados de mustios corazones. De vacaciones de infante con olor a barro. Y ya joven volver para escuchar las canciones de Pancho Padilla.<\/p>\n\n\n\n<p class=\"wp-block-paragraph\">A la Monta\u00f1a fui muchas veces, a cada municipio, a la elecci\u00f3n a mano alzada de candidatos de la PRI para los ayuntamientos. Conocer en directo a due\u00f1os de los almacenes explotadores de la ignorancia y a los ind\u00edgenas imponerse a las amenazas, como pas\u00f3 en Tlacoapa. Es la pedag\u00f3gica ense\u00f1anza de nuestras realidades surianas.<\/p>\n\n\n\n<p class=\"wp-block-paragraph\">O\u00edr historias como la de Xalpatl\u00e1huac, en d\u00f3nde balacearon las puertas de la iglesia por que el cura quer\u00eda el dinero de la feria del pueblo. O a los j\u00f3venes, que ya no quer\u00edan que los ancianos decidieran quienes ser\u00edan su autoridad municipal, pues tambi\u00e9n ellos contaban.<\/p>\n\n\n\n<p class=\"wp-block-paragraph\">Ustedes habr\u00e1n de disculpar esta desordenada recordaci\u00f3n, pero hoy es el cumplea\u00f1os de los guerrerenses, de nuestro estado. Y las celebraciones no son para hablar de cosas tristes. Y hay motivos para celebrar: que sigamos unos juntos, otros revueltos, pero todos en la misma casa por la que luch\u00f3 tenaz, all\u00e1 en las monta\u00f1as, Vicente Guerrero.<\/p>\n","protected":false},"excerpt":{"rendered":"<p>Guerrero es un pueblo de pueblos. Cada regi\u00f3n tiene su caracter\u00edstica \u00e9tnica, sus estilos y tradiciones.<\/p>\n","protected":false},"author":3,"featured_media":27831,"comment_status":"open","ping_status":"open","sticky":false,"template":"","format":"standard","meta":{"_monsterinsights_skip_tracking":false,"footnotes":""},"categories":[691,199,35],"tags":[],"class_list":["post-27830","post","type-post","status-publish","format-standard","has-post-thumbnail","category-691","category-florencio-salazar-adame","category-opinion"],"_links":{"self":[{"href":"https:\/\/redsemlac.com\/semmexico\/wp-json\/wp\/v2\/posts\/27830","targetHints":{"allow":["GET"]}}],"collection":[{"href":"https:\/\/redsemlac.com\/semmexico\/wp-json\/wp\/v2\/posts"}],"about":[{"href":"https:\/\/redsemlac.com\/semmexico\/wp-json\/wp\/v2\/types\/post"}],"author":[{"embeddable":true,"href":"https:\/\/redsemlac.com\/semmexico\/wp-json\/wp\/v2\/users\/3"}],"replies":[{"embeddable":true,"href":"https:\/\/redsemlac.com\/semmexico\/wp-json\/wp\/v2\/comments?post=27830"}],"version-history":[{"count":0,"href":"https:\/\/redsemlac.com\/semmexico\/wp-json\/wp\/v2\/posts\/27830\/revisions"}],"wp:featuredmedia":[{"embeddable":true,"href":"https:\/\/redsemlac.com\/semmexico\/wp-json\/wp\/v2\/media\/27831"}],"wp:attachment":[{"href":"https:\/\/redsemlac.com\/semmexico\/wp-json\/wp\/v2\/media?parent=27830"}],"wp:term":[{"taxonomy":"category","embeddable":true,"href":"https:\/\/redsemlac.com\/semmexico\/wp-json\/wp\/v2\/categories?post=27830"},{"taxonomy":"post_tag","embeddable":true,"href":"https:\/\/redsemlac.com\/semmexico\/wp-json\/wp\/v2\/tags?post=27830"}],"curies":[{"name":"wp","href":"https:\/\/api.w.org\/{rel}","templated":true}]}}