{"id":27825,"date":"2020-10-27T20:02:02","date_gmt":"2020-10-27T20:02:02","guid":{"rendered":"https:\/\/redsemlac.com\/semmexico\/?p=27825"},"modified":"2023-07-21T16:36:51","modified_gmt":"2023-07-21T21:36:51","slug":"muere-la-primera-funcionaria-en-morelos-por-covid-19-claudia-sheinbaum-confirma-que-dio-positivo-a-la-prueba","status":"publish","type":"post","link":"https:\/\/redsemlac.com\/semmexico\/muere-la-primera-funcionaria-en-morelos-por-covid-19-claudia-sheinbaum-confirma-que-dio-positivo-a-la-prueba\/","title":{"rendered":"Muere la primera funcionaria en Morelos por Covid-19; Claudia Sheinbaum confirma que dio positivo a la prueba"},"content":{"rendered":"\n<ul class=\"wp-block-list\"><li><strong>La sindica Mar\u00eda Eugenia Nu\u00f1ez L\u00f3pez permanec\u00eda intubuda<\/strong><\/li><li><strong>En la CDMX, Claudia Sheimbaum Jefa de Gobierno de la CDMX confirm\u00f3 que dio positivo a la prueba COVID<\/strong><\/li><\/ul>\n\n\n\n<p class=\"wp-block-paragraph\"><strong>Estrella Pedroza\/Atenea Mej\u00eda<\/strong><\/p>\n\n\n\n<p class=\"wp-block-paragraph\">SemM\u00e9xico. Cd. de M\u00e9xico, 27 octubre, 2020.- En el estado de Morelos, muri\u00f3 la primera servidora p\u00fablica por COVID19, se trata de Mar\u00eda Eugenia Nu\u00f1ez L\u00f3pez, sindica municipal de Amacuzac, qui\u00e9n por un largo periodo de tiempo dio batalla al virus&nbsp;en un hospital donde permaneci\u00f3 intubada.<\/p>\n\n\n\n<p class=\"wp-block-paragraph\">La ma\u00f1ana de este mi\u00e9rcoles, a trav\u00e9s de la cuenta oficial del Ayuntamiento de Amacuzac y desde la cuenta personal de Ramiro Iturbe Parra, alcalde de esa municipalidad, se confirm\u00f3 la noticia de la muerte de la servidora p\u00fablica.<\/p>\n\n\n\n<p class=\"wp-block-paragraph\">El edil escribi\u00f3 en su cuenta de Twitter:&nbsp;\u201cCon mucha tristeza, lamento informarles que nuestra amiga S\u00edndico Municipal, Lic. Eugenia Nu\u00f1ez Lopez ha partido a la casa de Dios. Hoy las palabras no pueden describir mi sentir, le agradezco su enorme trabajo en favor de la gente, una mujer valiente, solidaria, amable, buena madre, esposa, hija y excelente compa\u00f1era de trabajo, fue un honor trabajar juntos, has cumplido tu misi\u00f3n en esta vida mi querida amiga, muchas gracias por todo\u201d.&nbsp;<\/p>\n\n\n\n<p class=\"wp-block-paragraph\">En esa misma red social agreg\u00f3 \u201cCon mucho respeto para la familia Cuevas Nu\u00f1ez, amigo Arturo Cuevas e hijos Marco, Arturo y Abraham Cuevas Nu\u00f1ez, toda mi solidaridad y apoyo en estos momentos tan dif\u00edciles, que Dios les de la fortaleza y consuelo para salir adelante, estamos con ustedes\u201d.&nbsp;<\/p>\n\n\n\n<p class=\"wp-block-paragraph\">Este mismo d\u00eda, se confirmaron&nbsp;tres nuevos casos de Covid 19 entre personal el Congreso del Estado, entre ellos figura un trabajador cercano al&nbsp;presidente de la Mesa Directiva, Alfonso de Jes\u00fas Sotelo Mart\u00ednez, quien hace cinco d\u00edas anunci\u00f3 que dio positivo a coronavirus.<\/p>\n\n\n\n<p class=\"wp-block-paragraph\">En Morelos son varios casos de los funcionarios de primer nivel que se han contagiado del virus SARS-CoV-2 y lo han anunciado a trav\u00e9s de sus redes sociales en un acto de responsabilidad.<\/p>\n\n\n\n<p class=\"wp-block-paragraph\">Uno de los primeros en dar positivo&nbsp;y que lo inform\u00f3 fue Hugo Eric Flores Cervantes, entonces delegado de la Secretar\u00eda de Bienestar Social en Morelos, lo anunci\u00f3 el 14 de septiembre y mostr\u00f3 los resultados de la prueba realizada en un hospital militar.&nbsp;<\/p>\n\n\n\n<p class=\"wp-block-paragraph\">Le sigui\u00f3, &nbsp;la diputada del PT, Tania Valencina Rodr\u00edguez Ru\u00edz que inform\u00f3 el 27 de septiembre, desde su cuenta de Twitter&nbsp;que enfrentaba el padecimiento y recibi\u00f3 algunas cr\u00edticas porque d\u00edas atr\u00e1s en el Pleno del Congreso de Morelos dirigi\u00f3 un discursos sin usar cubrebocas.&nbsp;<\/p>\n\n\n\n<p class=\"wp-block-paragraph\">El dos de octubre, Juan \u00c1ngel Flores Bustamantes, alcalde de Jojutla, inform\u00f3 a trav\u00e9s de un facebook live que enfrentaba el padecimiento.&nbsp;<\/p>\n\n\n\n<p class=\"wp-block-paragraph\">El nueve de octubre Pablo Ojeda C\u00e1rdenas, secretario de gobierno, anunci\u00f3 que enfrentaba la enfermedad y cuatro d\u00edas despu\u00e9s, Ana Cecilia Rodr\u00edguez Gonz\u00e1lez, titular de la Secretar\u00eda de Desarrollo Econ\u00f3mico revelaban que tambi\u00e9n ten\u00eda COVID19.<\/p>\n\n\n\n<p class=\"wp-block-paragraph\">Estos dos \u00faltimos casos encendieron la alerta en el Poder Ejecutivo y se inici\u00f3 una b\u00fasqueda intencionada con los colaboradores m\u00e1s cercanos.<\/p>\n\n\n\n<p class=\"wp-block-paragraph\">De acuerdo a informaci\u00f3n de Mirna Zavala Su\u00f1iga, titular de la Secretar\u00eda de Administraci\u00f3n, se detectaron 10 casos sospechosos.&nbsp;<\/p>\n\n\n\n<p class=\"wp-block-paragraph\"><strong>La Jefa de Gobierno de CDMX, confirma que dio positivo a Covid-19<\/strong><\/p>\n\n\n\n<p class=\"wp-block-paragraph\">Por su parte la Jefa de Gobierno de la Ciudad de M\u00e9xico, Claudia Sheinbaum confirm\u00f3 este d\u00eda que dio positivo a la prueba de COVID, por lo que inici\u00f3 su aislamiento total y seguir\u00e1 trabajando en todas \u201clas actividades a distancia\u201d, dijo a trav\u00e9s de su cuenta de Twitter.<\/p>\n\n\n\n<p class=\"wp-block-paragraph\">En su cuenta coment\u00f3 \u201cAyer por la noche me informaron que di positivo a la prueba de COVID. Me siento bien, fuerte y estoy con seguimiento m\u00e9dico\u201d de la Secretar\u00eda de Salud de la CDMX y del Instituto Nacional de Ciencias M\u00e9dicas y Nutrici\u00f3n Salvador Zubir\u00e1n.<\/p>\n\n\n\n<p class=\"wp-block-paragraph\">En conferencia de prensa de este d\u00eda dijo que \u201cla recomendaci\u00f3n que he recibido de la Secretar\u00eda de Salud es el aislamiento total, yo vivo con mi pareja aqu\u00ed en mi casa, y estamos aqu\u00ed con sana distancia, estar permanentemente con el ox\u00edmetro, con la temperatura, bien hidratada y en caso de tener alg\u00fan s\u00edntoma pues hablar al m\u00e9dico\u201d.<\/p>\n\n\n\n<p class=\"wp-block-paragraph\">Reiter\u00f3 a la poblaci\u00f3n que es importante que se contin\u00fae con el uso del cubrebocas, lavado frecuente de manos y sana distancia.<\/p>\n","protected":false},"excerpt":{"rendered":"<p>La sindica Mar\u00eda Eugenia Ni\u00f1ez L\u00f3pez permanec\u00eda intubuda<\/p>\n","protected":false},"author":3,"featured_media":27826,"comment_status":"open","ping_status":"open","sticky":false,"template":"","format":"standard","meta":{"_monsterinsights_skip_tracking":false,"footnotes":""},"categories":[691,51],"tags":[],"class_list":["post-27825","post","type-post","status-publish","format-standard","has-post-thumbnail","category-691","category-ejecutivo"],"_links":{"self":[{"href":"https:\/\/redsemlac.com\/semmexico\/wp-json\/wp\/v2\/posts\/27825","targetHints":{"allow":["GET"]}}],"collection":[{"href":"https:\/\/redsemlac.com\/semmexico\/wp-json\/wp\/v2\/posts"}],"about":[{"href":"https:\/\/redsemlac.com\/semmexico\/wp-json\/wp\/v2\/types\/post"}],"author":[{"embeddable":true,"href":"https:\/\/redsemlac.com\/semmexico\/wp-json\/wp\/v2\/users\/3"}],"replies":[{"embeddable":true,"href":"https:\/\/redsemlac.com\/semmexico\/wp-json\/wp\/v2\/comments?post=27825"}],"version-history":[{"count":0,"href":"https:\/\/redsemlac.com\/semmexico\/wp-json\/wp\/v2\/posts\/27825\/revisions"}],"wp:featuredmedia":[{"embeddable":true,"href":"https:\/\/redsemlac.com\/semmexico\/wp-json\/wp\/v2\/media\/27826"}],"wp:attachment":[{"href":"https:\/\/redsemlac.com\/semmexico\/wp-json\/wp\/v2\/media?parent=27825"}],"wp:term":[{"taxonomy":"category","embeddable":true,"href":"https:\/\/redsemlac.com\/semmexico\/wp-json\/wp\/v2\/categories?post=27825"},{"taxonomy":"post_tag","embeddable":true,"href":"https:\/\/redsemlac.com\/semmexico\/wp-json\/wp\/v2\/tags?post=27825"}],"curies":[{"name":"wp","href":"https:\/\/api.w.org\/{rel}","templated":true}]}}