{"id":27822,"date":"2020-10-27T19:42:41","date_gmt":"2020-10-27T19:42:41","guid":{"rendered":"https:\/\/redsemlac.com\/semmexico\/?p=27822"},"modified":"2023-07-21T16:36:51","modified_gmt":"2023-07-21T21:36:51","slug":"detienen-a-seis-elementos-de-la-gn-por-el-asesinato-de-jessica","status":"publish","type":"post","link":"https:\/\/redsemlac.com\/semmexico\/detienen-a-seis-elementos-de-la-gn-por-el-asesinato-de-jessica\/","title":{"rendered":"Detienen a seis elementos de la GN por el asesinato de Jessica Silva en Chihuahua"},"content":{"rendered":"\n<ul class=\"wp-block-list\"><li><strong>Los detenidos fueron puestos a disposici\u00f3n de un juez de Chihuahua<\/strong><\/li><li><strong>El padre de Jessica, Jos\u00e9 Silva dice que seguir\u00e1 exigiendo justicia por el asesinato de su hija<\/strong><\/li><\/ul>\n\n\n\n<p class=\"wp-block-paragraph\"><strong>Atenea Mej\u00eda<\/strong><\/p>\n\n\n\n<p class=\"wp-block-paragraph\">SemM\u00e9xico. Cd. de M\u00e9xico, 27 octubre, 2020. Seis elementos de la Guardia Nacional fueron detenidos como presuntos responsables del asesinato de la agricultora Jessica Estrella Silva Zamarripa ocurrido el pasado 8 de septiembre en Delicias Chihuahua.<\/p>\n\n\n\n<p class=\"wp-block-paragraph\">Jessica Estrella Silva Zamarripa y su esposo Jaime Torres hab\u00edan participado en las protestas de la presa La Boquilla en contra de la Comisi\u00f3n Nacional del Agua (CNA) porque \u00e9sta aument\u00f3 la extracci\u00f3n de agua para pagar las cuotas del Tratado Internacional de Aguas.<\/p>\n\n\n\n<p class=\"wp-block-paragraph\">Despu\u00e9s de las protestas Jessica y su esposo, quienes iban a bordo de una camioneta, fueron baleados por elementos de la Guardia Nacional, donde ella muri\u00f3, mientras que su esposo logr\u00f3 salvar su vida.<\/p>\n\n\n\n<p class=\"wp-block-paragraph\">Este d\u00eda la Guardia Nacional a trav\u00e9s de su cuenta de Twitter di\u00f3 a conocer que \u201cse cumplimentaron seis \u00f3rdenes de aprehensi\u00f3n contra el personal involucrado en un marco de legalidad y respeto a los derechos humanos. Cabe se\u00f1alar que desde el primer momento, se colabor\u00f3 con las autoridades ministeriales para deslindar las responsabilidades\u201d.<\/p>\n\n\n\n<p class=\"wp-block-paragraph\">Agregan \u201creiteramos que en la #GuadiaNacional no se tolerar\u00e1n abusos o uso excesivo de la fuerza por parte de su personal, normando su actuaci\u00f3n en el irrestricto respeto a los derechos humanos\u201d.<\/p>\n\n\n\n<p class=\"wp-block-paragraph\">Mientras que la Fiscal\u00eda General de la Rep\u00fablica, tambi\u00e9n en su cuenta de Twitter dijo \u201clas 6 personas aprehendidas fueron puestas a disposici\u00f3n de un juez de distrito en Chihuahua, a quienes se les imputaron delitos contra la administraci\u00f3n de justicia, homicidio calificado y tentativa de homicidio\u201d<\/p>\n\n\n\n<p class=\"wp-block-paragraph\">Por su parte, el padre de Jessica, Jos\u00e9 Silva, en una entrevista con el noticiario matutino de Radio F\u00f3rmula, manifest\u00f3 que \u201cse ha dicho que fue un lamentable accidente, cu\u00e1l lamentable accidente, s\u00ed a eso iban, a matar, para qu\u00e9 siguen a Jaime, ya ven\u00edan enchilados de la presa, como los derrotaron ya ven\u00edan enojados\u201d.<\/p>\n\n\n\n<p class=\"wp-block-paragraph\">Se\u00f1al\u00f3 que \u201cle da gusto que hayan reconocido (las autoridades), porque estaban lav\u00e1ndose las manos unos y otros, espero que sea cierto todav\u00eda, vamos a ver\u201d.<\/p>\n\n\n\n<p class=\"wp-block-paragraph\">Dijo que seguir\u00e1n exigiendo justicia por el asesinato de su hija y \u201cespero esto sea cierto, porque est\u00e1 cabr\u00f3n, estoy muy molesto, hasta se me revuelve el est\u00f3mago. Pido que esto no quede as\u00ed\u201d.<\/p>\n","protected":false},"excerpt":{"rendered":"<p>El padre de Jessica, Jos\u00e9 Silva dice que seguir\u00e1 exigiendo justicia por el asesinato de su hija<\/p>\n","protected":false},"author":3,"featured_media":27823,"comment_status":"open","ping_status":"open","sticky":false,"template":"","format":"standard","meta":{"_monsterinsights_skip_tracking":false,"footnotes":""},"categories":[691,51],"tags":[],"class_list":["post-27822","post","type-post","status-publish","format-standard","has-post-thumbnail","category-691","category-ejecutivo"],"_links":{"self":[{"href":"https:\/\/redsemlac.com\/semmexico\/wp-json\/wp\/v2\/posts\/27822","targetHints":{"allow":["GET"]}}],"collection":[{"href":"https:\/\/redsemlac.com\/semmexico\/wp-json\/wp\/v2\/posts"}],"about":[{"href":"https:\/\/redsemlac.com\/semmexico\/wp-json\/wp\/v2\/types\/post"}],"author":[{"embeddable":true,"href":"https:\/\/redsemlac.com\/semmexico\/wp-json\/wp\/v2\/users\/3"}],"replies":[{"embeddable":true,"href":"https:\/\/redsemlac.com\/semmexico\/wp-json\/wp\/v2\/comments?post=27822"}],"version-history":[{"count":0,"href":"https:\/\/redsemlac.com\/semmexico\/wp-json\/wp\/v2\/posts\/27822\/revisions"}],"wp:featuredmedia":[{"embeddable":true,"href":"https:\/\/redsemlac.com\/semmexico\/wp-json\/wp\/v2\/media\/27823"}],"wp:attachment":[{"href":"https:\/\/redsemlac.com\/semmexico\/wp-json\/wp\/v2\/media?parent=27822"}],"wp:term":[{"taxonomy":"category","embeddable":true,"href":"https:\/\/redsemlac.com\/semmexico\/wp-json\/wp\/v2\/categories?post=27822"},{"taxonomy":"post_tag","embeddable":true,"href":"https:\/\/redsemlac.com\/semmexico\/wp-json\/wp\/v2\/tags?post=27822"}],"curies":[{"name":"wp","href":"https:\/\/api.w.org\/{rel}","templated":true}]}}