{"id":27811,"date":"2020-10-27T17:56:24","date_gmt":"2020-10-27T17:56:24","guid":{"rendered":"https:\/\/redsemlac.com\/semmexico\/?p=27811"},"modified":"2023-07-21T16:36:51","modified_gmt":"2023-07-21T21:36:51","slug":"inauguran-en-oaxaca-la-escuela-de-formacion-politica","status":"publish","type":"post","link":"https:\/\/redsemlac.com\/semmexico\/inauguran-en-oaxaca-la-escuela-de-formacion-politica\/","title":{"rendered":"Inauguran en Oaxaca la Escuela de Formaci\u00f3n Pol\u00edtica para las Mujeres Ind\u00edgenas"},"content":{"rendered":"\n<ul class=\"wp-block-list\"><li><strong>Este espacio busca garantizar la participaci\u00f3n de las mujeres en las decisiones de sus comunidades<\/strong><\/li><li><strong>La iniciativa la impuls\u00f3 la diputada Elisa Zepeda Lagunas<\/strong><\/li><\/ul>\n\n\n\n<p class=\"wp-block-paragraph\"><strong>Redacci\u00f3n<\/strong><\/p>\n\n\n\n<p class=\"wp-block-paragraph\">SemM\u00e9xico. Oaxaca, Oax., 27 de octubre de 2020.- Con el objetivo de que las mujeres cuenten con herramientas para identificar fen\u00f3menos como la violencia pol\u00edtica en contra de las mujeres en raz\u00f3n de g\u00e9nero, se inaugur\u00f3 la Escuela de Formaci\u00f3n Pol\u00edtica para las Mujeres Ind\u00edgenas (EFOPOMI).<\/p>\n\n\n\n<p class=\"wp-block-paragraph\">La primera sesi\u00f3n se llev\u00f3 a cabo en la sede del Congreso Local y al inaugurarse, la diputada Elisa Zepeda Lagunas, impulsora y promotora de la EFOPOMI, indic\u00f3 que este espacio tiene como objetivo reivindicar la participaci\u00f3n de las mujeres con voz y posiciones propias, as\u00ed como visibilizar la importancia de la participaci\u00f3n igualitaria de las mujeres.<\/p>\n\n\n\n<p class=\"wp-block-paragraph\">Agreg\u00f3 con este tipo de formaci\u00f3n se busca garantizar el derecho de las mujeres a participar en las decisiones pol\u00edticas de sus comunidades de forma real y activa.<\/p>\n\n\n\n<p class=\"wp-block-paragraph\">Detall\u00f3 que la EFOPOMI, funcionara en dos vertientes de forma digital y presencial para las mujeres que deseen ser part\u00edcipes de dicha instituci\u00f3n.<\/p>\n\n\n\n<p class=\"wp-block-paragraph\">En este sentido se\u00f1al\u00f3 que para estar en condiciones de detectar la violencia pol\u00edtica contra las mujeres en raz\u00f3n de g\u00e9nero es indispensable tomar en cuenta que, \u00e9sta se encuentra normalizada y, por tanto, in visibilizada y puede constituir pr\u00e1cticas tan comunes que no se cuestionan, dentro de ellas, asimilar que las mujeres no deban participar en las decisiones pol\u00edticas de las comunidades.<\/p>\n\n\n\n<p class=\"wp-block-paragraph\">La Diputada Federal, Irma Juan Carlos, reconoci\u00f3 el trabajo que ha realizado la 64 Legislatura del Congreso Local, en materia de paridad de g\u00e9nero.&nbsp; Sin embargo, dijo, a\u00fan falta mucho por hacer y evitar que las mujeres ind\u00edgenas sean excluidas y violentadas triplemente, en primera instancia se\u00f1al\u00f3, por su condici\u00f3n de mujeres, por ser ind\u00edgenas y por ser pobres.<\/p>\n\n\n\n<figure class=\"wp-block-gallery columns-2 is-cropped wp-block-gallery-1 is-layout-flex wp-block-gallery-is-layout-flex\"><ul class=\"blocks-gallery-grid\"><li class=\"blocks-gallery-item\"><figure><img decoding=\"async\" src=\"https:\/\/redsemlac.com\/semmexico\/wp-content\/uploads\/2020\/10\/122303656_1465438566982611_3793220696055732297_o-1024x682.jpg\" alt=\"\" data-id=\"27812\" data-full-url=\"https:\/\/redsemlac.com\/semmexico\/wp-content\/uploads\/2020\/10\/122303656_1465438566982611_3793220696055732297_o.jpg\" data-link=\"https:\/\/redsemlac.com\/semmexico\/?attachment_id=27812\" class=\"wp-image-27812\"\/><\/figure><\/li><li class=\"blocks-gallery-item\"><figure><img decoding=\"async\" src=\"https:\/\/redsemlac.com\/semmexico\/wp-content\/uploads\/2020\/10\/122843523_1465438646982603_6097081129441594830_o-1024x682.jpg\" alt=\"\" data-id=\"27817\" data-full-url=\"https:\/\/redsemlac.com\/semmexico\/wp-content\/uploads\/2020\/10\/122843523_1465438646982603_6097081129441594830_o.jpg\" data-link=\"https:\/\/redsemlac.com\/semmexico\/?attachment_id=27817\" class=\"wp-image-27817\"\/><\/figure><\/li><li class=\"blocks-gallery-item\"><figure><img decoding=\"async\" src=\"https:\/\/redsemlac.com\/semmexico\/wp-content\/uploads\/2020\/10\/122805907_1465438546982613_103706556831137779_o-1024x682.jpg\" alt=\"\" data-id=\"27816\" data-full-url=\"https:\/\/redsemlac.com\/semmexico\/wp-content\/uploads\/2020\/10\/122805907_1465438546982613_103706556831137779_o.jpg\" data-link=\"https:\/\/redsemlac.com\/semmexico\/?attachment_id=27816\" class=\"wp-image-27816\"\/><\/figure><\/li><li class=\"blocks-gallery-item\"><figure><img decoding=\"async\" src=\"https:\/\/redsemlac.com\/semmexico\/wp-content\/uploads\/2020\/10\/122719761_1465438603649274_8561089126198981535_o-1024x682.jpg\" alt=\"\" data-id=\"27815\" data-full-url=\"https:\/\/redsemlac.com\/semmexico\/wp-content\/uploads\/2020\/10\/122719761_1465438603649274_8561089126198981535_o.jpg\" data-link=\"https:\/\/redsemlac.com\/semmexico\/?attachment_id=27815\" class=\"wp-image-27815\"\/><\/figure><\/li><li class=\"blocks-gallery-item\"><figure><img decoding=\"async\" src=\"https:\/\/redsemlac.com\/semmexico\/wp-content\/uploads\/2020\/10\/122506036_1465438626982605_752895436160312758_o-1024x682.jpg\" alt=\"\" data-id=\"27814\" data-full-url=\"https:\/\/redsemlac.com\/semmexico\/wp-content\/uploads\/2020\/10\/122506036_1465438626982605_752895436160312758_o.jpg\" data-link=\"https:\/\/redsemlac.com\/semmexico\/?attachment_id=27814\" class=\"wp-image-27814\"\/><\/figure><\/li><li class=\"blocks-gallery-item\"><figure><img decoding=\"async\" src=\"https:\/\/redsemlac.com\/semmexico\/wp-content\/uploads\/2020\/10\/122475317_1465439756982492_2996955209088692182_o-1024x682.jpg\" alt=\"\" data-id=\"27813\" data-full-url=\"https:\/\/redsemlac.com\/semmexico\/wp-content\/uploads\/2020\/10\/122475317_1465439756982492_2996955209088692182_o.jpg\" data-link=\"https:\/\/redsemlac.com\/semmexico\/?attachment_id=27813\" class=\"wp-image-27813\"\/><\/figure><\/li><\/ul><\/figure>\n\n\n\n<p class=\"wp-block-paragraph\">En el primer m\u00f3dulo educativo de la EFOPOMI, se realiz\u00f3 la conferencia magistral \u201cla importancia de la participaci\u00f3n y representaci\u00f3n de las mujeres ind\u00edgenas en una democracia incluyente\u201d a cargo de la magistrada presidenta del Tribunal Electoral del Poder Judicial de la Federaci\u00f3n (TEPJF), Janine Ot\u00e1lora Malassis, misma que sostuvo que es urgente terminar con la violencia que se ejerce contra las mujeres y garantizar su participaci\u00f3n en la vida pol\u00edtica del pa\u00eds.<\/p>\n\n\n\n<p class=\"wp-block-paragraph\">Resalt\u00f3 la importancia de visibilizar los casos de violencia pol\u00edtica, a trav\u00e9s de las denuncias p\u00fablicas y confirm\u00f3 el compromiso del TEPJF con la eliminaci\u00f3n de cualquier tipo de violencia contra la mujer, por raz\u00f3n de g\u00e9nero.<\/p>\n\n\n\n<p class=\"wp-block-paragraph\">\u201cNo podemos como mujeres ser c\u00f3mplices de la violencia que se ejerce en nuestra contra, no debemos permitir la impunidad\u201d apunt\u00f3 Janine Ot\u00e1lora Malassis.<\/p>\n\n\n\n<p class=\"wp-block-paragraph\">&nbsp;Tambi\u00e9n se realiz\u00f3 la conferencia \u201cAvances y retos para la participaci\u00f3n de las mujeres ind\u00edgenas\u201d cargo de la maestra Anabel L\u00f3pez S\u00e1nchez, directora general para una vida libre de violencia y para la Igualdad pol\u00edtica y social del INMUJERES.<\/p>\n\n\n\n<p class=\"wp-block-paragraph\">Durante la inauguraci\u00f3n y el inicio del primer m\u00f3dulo educativo de la Escuela de Formaci\u00f3n Pol\u00edtica Para las Mujeres Ind\u00edgenas (EFOPOMI) tambi\u00e9n participaron las diputadas: Delfina Elizabeth Guzm\u00e1n D\u00edaz y Magaly L\u00f3pez Dom\u00ednguez.<\/p>\n\n\n\n<p class=\"wp-block-paragraph\">Al inaugurar la Efopomi, el Presidente de la Junta de Coordinaci\u00f3n Pol\u00edtica (Jucopo) del Congreso Local, Horacio Sosa Villavicencio, indic\u00f3 que la creaci\u00f3n de la EFOPOMI representa un parte aguas en el fortalecimiento de la participaci\u00f3n de las mujeres ind\u00edgenas.<\/p>\n","protected":false},"excerpt":{"rendered":"<p>La iniciativa la impuls\u00f3 la diputada Elisa Zepeda Lagunas<\/p>\n","protected":false},"author":3,"featured_media":27818,"comment_status":"open","ping_status":"open","sticky":false,"template":"","format":"standard","meta":{"_monsterinsights_skip_tracking":false,"footnotes":""},"categories":[691,50],"tags":[],"class_list":["post-27811","post","type-post","status-publish","format-standard","has-post-thumbnail","category-691","category-congreso"],"_links":{"self":[{"href":"https:\/\/redsemlac.com\/semmexico\/wp-json\/wp\/v2\/posts\/27811","targetHints":{"allow":["GET"]}}],"collection":[{"href":"https:\/\/redsemlac.com\/semmexico\/wp-json\/wp\/v2\/posts"}],"about":[{"href":"https:\/\/redsemlac.com\/semmexico\/wp-json\/wp\/v2\/types\/post"}],"author":[{"embeddable":true,"href":"https:\/\/redsemlac.com\/semmexico\/wp-json\/wp\/v2\/users\/3"}],"replies":[{"embeddable":true,"href":"https:\/\/redsemlac.com\/semmexico\/wp-json\/wp\/v2\/comments?post=27811"}],"version-history":[{"count":0,"href":"https:\/\/redsemlac.com\/semmexico\/wp-json\/wp\/v2\/posts\/27811\/revisions"}],"wp:featuredmedia":[{"embeddable":true,"href":"https:\/\/redsemlac.com\/semmexico\/wp-json\/wp\/v2\/media\/27818"}],"wp:attachment":[{"href":"https:\/\/redsemlac.com\/semmexico\/wp-json\/wp\/v2\/media?parent=27811"}],"wp:term":[{"taxonomy":"category","embeddable":true,"href":"https:\/\/redsemlac.com\/semmexico\/wp-json\/wp\/v2\/categories?post=27811"},{"taxonomy":"post_tag","embeddable":true,"href":"https:\/\/redsemlac.com\/semmexico\/wp-json\/wp\/v2\/tags?post=27811"}],"curies":[{"name":"wp","href":"https:\/\/api.w.org\/{rel}","templated":true}]}}